{"id":14178,"date":"2025-10-17T11:31:18","date_gmt":"2025-10-17T11:31:18","guid":{"rendered":"https:\/\/www.uaga.eus\/?p=14178"},"modified":"2025-10-17T11:31:18","modified_gmt":"2025-10-17T11:31:18","slug":"coag-pide-que-el-pacto-de-estado-frente-a-la-emergencia-climatica-reconozca-al-campo-como-parte-de-la-solucion","status":"publish","type":"post","link":"https:\/\/www.uaga.eus\/eu\/coag-pide-que-el-pacto-de-estado-frente-a-la-emergencia-climatica-reconozca-al-campo-como-parte-de-la-solucion\/","title":{"rendered":"COAGek Larrialdi Klimatikoaren aurkako Estatu Itunak eremua konponbidearen zati gisa onartzea eskatu du"},"content":{"rendered":"<p><span style=\"font-family: arial, helvetica neue, helvetica, sans-serif;\">La Coordinadora de Organizaciones de Agricultores y Ganaderos ha participado esta semana en la convenci\u00f3n\u00a0<\/span><em>Por un Pacto de Estado frente a la Emergencia Clim\u00e1tica,<\/em>\u00a0organizada por el Gobierno en Ponferrada.<\/p>\n<p>COAG ha recordado que Espa\u00f1a es uno de los pa\u00edses m\u00e1s expuestos del mundo a los impactos clim\u00e1ticos, con p\u00e9rdidas econ\u00f3micas que superan los 32.000 millones de euros en la \u00faltima d\u00e9cada por fen\u00f3menos extremos. Adem\u00e1s, ha advertido de que el cambio clim\u00e1tico est\u00e1 alterando los equilibrios ecol\u00f3gicos del campo, favoreciendo la aparici\u00f3n de nuevas plagas y enfermedades, que ya est\u00e1n afectando a la producci\u00f3n ganadera y agr\u00edcola en amplias zonas del pa\u00eds. A ello se suma el aumento incontrolado de fauna silvestre y especies no aut\u00f3ctonas, como jabal\u00edes o aves invasoras, que provocan graves p\u00e9rdidas econ\u00f3micas y sanitarias en las explotaciones.<\/p>\n<p>COAG propone que el Pacto de Estado frente a la Emergencia Clim\u00e1tica incorpore una visi\u00f3n estructural del sector agrario, basada en cuatro pilares fundamentales:<\/p>\n<ul>\n<li>Resiliencia h\u00eddrica con gobernanza participativa.<\/li>\n<li>Relevo generacional y dignificaci\u00f3n del medio rural.<\/li>\n<li>Reconocimiento del sector como sumidero de carbono.<\/li>\n<li>Refuerzo del sistema de Seguros Agrarios.<\/li>\n<\/ul>\n<p>\u201cCada hect\u00e1rea gestionada por una familia agricultora es una hect\u00e1rea protegida frente a la desertificaci\u00f3n y los incendios\u201d, ha afirmado Miguel Padilla, secretario general de COAG, quien ha dejado claro que sin rentabilidad agraria no habr\u00e1 soberan\u00eda alimentaria ni equilibrio territorial.<\/p>\n","protected":false},"excerpt":{"rendered":"<p>La Coordinadora de Organizaciones de Agricultores y Ganaderos ha participado esta semana en la convenci\u00f3n\u00a0Por un Pacto de Estado frente a la Emergencia Clim\u00e1tica,\u00a0organizada por el Gobierno en Ponferrada. COAG ha recordado que Espa\u00f1a es uno de los pa\u00edses m\u00e1s expuestos del mundo a los impactos clim\u00e1ticos, con p\u00e9rdidas econ\u00f3micas que superan los 32.000 millones [&hellip;]<\/p>\n","protected":false},"author":4,"featured_media":14173,"comment_status":"closed","ping_status":"closed","sticky":false,"template":"","format":"standard","meta":{"footnotes":""},"categories":[11,3],"tags":[],"yoast_head":"<!-- This site is optimized with the Yoast SEO plugin v21.5 - https:\/\/yoast.com\/wordpress\/plugins\/seo\/ -->\n<title>COAGek Larrialdi Klimatikoaren aurkako Estatu Itunak eremua konponbidearen zati gisa onartzea eskatu du - UAGA<\/title>\n<meta name=\"robots\" content=\"index, follow, max-snippet:-1, max-image-preview:large, max-video-preview:-1\" \/>\n<link rel=\"canonical\" href=\"https:\/\/www.uaga.eus\/coag-pide-que-el-pacto-de-estado-frente-a-la-emergencia-climatica-reconozca-al-campo-como-parte-de-la-solucion\/\" \/>\n<meta property=\"og:locale\" content=\"en_US\" \/>\n<meta property=\"og:type\" content=\"article\" \/>\n<meta property=\"og:title\" content=\"COAGek Larrialdi Klimatikoaren aurkako Estatu Itunak eremua konponbidearen zati gisa onartzea eskatu du - UAGA\" \/>\n<meta property=\"og:description\" content=\"La Coordinadora de Organizaciones de Agricultores y Ganaderos ha participado esta semana en la convenci\u00f3n\u00a0Por un Pacto de Estado frente a la Emergencia Clim\u00e1tica,\u00a0organizada por el Gobierno en Ponferrada. COAG ha recordado que Espa\u00f1a es uno de los pa\u00edses m\u00e1s expuestos del mundo a los impactos clim\u00e1ticos, con p\u00e9rdidas econ\u00f3micas que superan los 32.000 millones [&hellip;]\" \/>\n<meta property=\"og:url\" content=\"https:\/\/www.uaga.eus\/coag-pide-que-el-pacto-de-estado-frente-a-la-emergencia-climatica-reconozca-al-campo-como-parte-de-la-solucion\/\" \/>\n<meta property=\"og:site_name\" content=\"UAGA\" \/>\n<meta property=\"article:published_time\" content=\"2025-10-17T11:31:18+00:00\" \/>\n<meta property=\"og:image\" content=\"https:\/\/www.uaga.eus\/wp-content\/uploads\/2025\/10\/251014-jornada-estatal-cambio-climatico.jpg\" \/>\n\t<meta property=\"og:image:width\" content=\"650\" \/>\n\t<meta property=\"og:image:height\" content=\"366\" \/>\n\t<meta property=\"og:image:type\" content=\"image\/jpeg\" \/>\n<meta name=\"author\" content=\"Blanca S\u00e1nchez\" \/>\n<meta name=\"twitter:card\" content=\"summary_large_image\" \/>\n<meta name=\"twitter:label1\" content=\"Written by\" \/>\n\t<meta name=\"twitter:data1\" content=\"Blanca S\u00e1nchez\" \/>\n\t<meta name=\"twitter:label2\" content=\"Est. reading time\" \/>\n\t<meta name=\"twitter:data2\" content=\"2 minutua\" \/>\n<script type=\"application\/ld+json\" class=\"yoast-schema-graph\">{\"@context\":\"https:\/\/schema.org\",\"@graph\":[{\"@type\":\"WebPage\",\"@id\":\"https:\/\/www.uaga.eus\/coag-pide-que-el-pacto-de-estado-frente-a-la-emergencia-climatica-reconozca-al-campo-como-parte-de-la-solucion\/\",\"url\":\"https:\/\/www.uaga.eus\/coag-pide-que-el-pacto-de-estado-frente-a-la-emergencia-climatica-reconozca-al-campo-como-parte-de-la-solucion\/\",\"name\":\"COAGek Larrialdi Klimatikoaren aurkako Estatu Itunak eremua konponbidearen zati gisa onartzea eskatu du - UAGA\",\"isPartOf\":{\"@id\":\"https:\/\/www.uaga.eus\/#website\"},\"datePublished\":\"2025-10-17T11:31:18+00:00\",\"dateModified\":\"2025-10-17T11:31:18+00:00\",\"author\":{\"@id\":\"https:\/\/www.uaga.eus\/#\/schema\/person\/48c3cbf0f33d1b788226dbb6518689cf\"},\"breadcrumb\":{\"@id\":\"https:\/\/www.uaga.eus\/coag-pide-que-el-pacto-de-estado-frente-a-la-emergencia-climatica-reconozca-al-campo-como-parte-de-la-solucion\/#breadcrumb\"},\"inLanguage\":\"eu\",\"potentialAction\":[{\"@type\":\"ReadAction\",\"target\":[\"https:\/\/www.uaga.eus\/coag-pide-que-el-pacto-de-estado-frente-a-la-emergencia-climatica-reconozca-al-campo-como-parte-de-la-solucion\/\"]}]},{\"@type\":\"BreadcrumbList\",\"@id\":\"https:\/\/www.uaga.eus\/coag-pide-que-el-pacto-de-estado-frente-a-la-emergencia-climatica-reconozca-al-campo-como-parte-de-la-solucion\/#breadcrumb\",\"itemListElement\":[{\"@type\":\"ListItem\",\"position\":1,\"name\":\"Inicio\",\"item\":\"https:\/\/www.uaga.eus\/\"},{\"@type\":\"ListItem\",\"position\":2,\"name\":\"COAG pide que el Pacto de Estado frente a la Emergencia Clim\u00e1tica reconozca al campo como parte de la soluci\u00f3n\"}]},{\"@type\":\"WebSite\",\"@id\":\"https:\/\/www.uaga.eus\/#website\",\"url\":\"https:\/\/www.uaga.eus\/\",\"name\":\"UAGA\",\"description\":\"Uni\u00f3n Agroganadera de \u00c1lava - Araba Nekazarien Elkartea\",\"potentialAction\":[{\"@type\":\"SearchAction\",\"target\":{\"@type\":\"EntryPoint\",\"urlTemplate\":\"https:\/\/www.uaga.eus\/?s={search_term_string}\"},\"query-input\":\"required name=search_term_string\"}],\"inLanguage\":\"eu\"},{\"@type\":\"Person\",\"@id\":\"https:\/\/www.uaga.eus\/#\/schema\/person\/48c3cbf0f33d1b788226dbb6518689cf\",\"name\":\"Blanca S\u00e1nchez\",\"image\":{\"@type\":\"ImageObject\",\"inLanguage\":\"eu\",\"@id\":\"https:\/\/www.uaga.eus\/#\/schema\/person\/image\/\",\"url\":\"https:\/\/secure.gravatar.com\/avatar\/0dc91c20648254b1ce84877283f6751b?s=96&d=mm&r=g\",\"contentUrl\":\"https:\/\/secure.gravatar.com\/avatar\/0dc91c20648254b1ce84877283f6751b?s=96&d=mm&r=g\",\"caption\":\"Blanca S\u00e1nchez\"},\"url\":\"https:\/\/www.uaga.eus\/eu\/author\/bsanchez\/\"}]}<\/script>\n<!-- \/ Yoast SEO plugin. -->","yoast_head_json":{"title":"COAGek Larrialdi Klimatikoaren aurkako Estatu Itunak eremua konponbidearen zati gisa onartzea eskatu du - UAGA","robots":{"index":"index","follow":"follow","max-snippet":"max-snippet:-1","max-image-preview":"max-image-preview:large","max-video-preview":"max-video-preview:-1"},"canonical":"https:\/\/www.uaga.eus\/coag-pide-que-el-pacto-de-estado-frente-a-la-emergencia-climatica-reconozca-al-campo-como-parte-de-la-solucion\/","og_locale":"en_US","og_type":"article","og_title":"COAGek Larrialdi Klimatikoaren aurkako Estatu Itunak eremua konponbidearen zati gisa onartzea eskatu du - UAGA","og_description":"La Coordinadora de Organizaciones de Agricultores y Ganaderos ha participado esta semana en la convenci\u00f3n\u00a0Por un Pacto de Estado frente a la Emergencia Clim\u00e1tica,\u00a0organizada por el Gobierno en Ponferrada. COAG ha recordado que Espa\u00f1a es uno de los pa\u00edses m\u00e1s expuestos del mundo a los impactos clim\u00e1ticos, con p\u00e9rdidas econ\u00f3micas que superan los 32.000 millones [&hellip;]","og_url":"https:\/\/www.uaga.eus\/coag-pide-que-el-pacto-de-estado-frente-a-la-emergencia-climatica-reconozca-al-campo-como-parte-de-la-solucion\/","og_site_name":"UAGA","article_published_time":"2025-10-17T11:31:18+00:00","og_image":[{"width":650,"height":366,"url":"https:\/\/www.uaga.eus\/wp-content\/uploads\/2025\/10\/251014-jornada-estatal-cambio-climatico.jpg","type":"image\/jpeg"}],"author":"Blanca S\u00e1nchez","twitter_card":"summary_large_image","twitter_misc":{"Written by":"Blanca S\u00e1nchez","Est. reading time":"2 minutua"},"schema":{"@context":"https:\/\/schema.org","@graph":[{"@type":"WebPage","@id":"https:\/\/www.uaga.eus\/coag-pide-que-el-pacto-de-estado-frente-a-la-emergencia-climatica-reconozca-al-campo-como-parte-de-la-solucion\/","url":"https:\/\/www.uaga.eus\/coag-pide-que-el-pacto-de-estado-frente-a-la-emergencia-climatica-reconozca-al-campo-como-parte-de-la-solucion\/","name":"COAGek Larrialdi Klimatikoaren aurkako Estatu Itunak eremua konponbidearen zati gisa onartzea eskatu du - UAGA","isPartOf":{"@id":"https:\/\/www.uaga.eus\/#website"},"datePublished":"2025-10-17T11:31:18+00:00","dateModified":"2025-10-17T11:31:18+00:00","author":{"@id":"https:\/\/www.uaga.eus\/#\/schema\/person\/48c3cbf0f33d1b788226dbb6518689cf"},"breadcrumb":{"@id":"https:\/\/www.uaga.eus\/coag-pide-que-el-pacto-de-estado-frente-a-la-emergencia-climatica-reconozca-al-campo-como-parte-de-la-solucion\/#breadcrumb"},"inLanguage":"eu","potentialAction":[{"@type":"ReadAction","target":["https:\/\/www.uaga.eus\/coag-pide-que-el-pacto-de-estado-frente-a-la-emergencia-climatica-reconozca-al-campo-como-parte-de-la-solucion\/"]}]},{"@type":"BreadcrumbList","@id":"https:\/\/www.uaga.eus\/coag-pide-que-el-pacto-de-estado-frente-a-la-emergencia-climatica-reconozca-al-campo-como-parte-de-la-solucion\/#breadcrumb","itemListElement":[{"@type":"ListItem","position":1,"name":"Inicio","item":"https:\/\/www.uaga.eus\/"},{"@type":"ListItem","position":2,"name":"COAG pide que el Pacto de Estado frente a la Emergencia Clim\u00e1tica reconozca al campo como parte de la soluci\u00f3n"}]},{"@type":"WebSite","@id":"https:\/\/www.uaga.eus\/#website","url":"https:\/\/www.uaga.eus\/","name":"UAGA","description":"Uni\u00f3n Agroganadera de \u00c1lava - Araba Nekazarien Elkartea","potentialAction":[{"@type":"SearchAction","target":{"@type":"EntryPoint","urlTemplate":"https:\/\/www.uaga.eus\/?s={search_term_string}"},"query-input":"required name=search_term_string"}],"inLanguage":"eu"},{"@type":"Person","@id":"https:\/\/www.uaga.eus\/#\/schema\/person\/48c3cbf0f33d1b788226dbb6518689cf","name":"Blanca S\u00e1nchez","image":{"@type":"ImageObject","inLanguage":"eu","@id":"https:\/\/www.uaga.eus\/#\/schema\/person\/image\/","url":"https:\/\/secure.gravatar.com\/avatar\/0dc91c20648254b1ce84877283f6751b?s=96&d=mm&r=g","contentUrl":"https:\/\/secure.gravatar.com\/avatar\/0dc91c20648254b1ce84877283f6751b?s=96&d=mm&r=g","caption":"Blanca S\u00e1nchez"},"url":"https:\/\/www.uaga.eus\/eu\/author\/bsanchez\/"}]}},"_links":{"self":[{"href":"https:\/\/www.uaga.eus\/eu\/wp-json\/wp\/v2\/posts\/14178"}],"collection":[{"href":"https:\/\/www.uaga.eus\/eu\/wp-json\/wp\/v2\/posts"}],"about":[{"href":"https:\/\/www.uaga.eus\/eu\/wp-json\/wp\/v2\/types\/post"}],"author":[{"embeddable":true,"href":"https:\/\/www.uaga.eus\/eu\/wp-json\/wp\/v2\/users\/4"}],"replies":[{"embeddable":true,"href":"https:\/\/www.uaga.eus\/eu\/wp-json\/wp\/v2\/comments?post=14178"}],"version-history":[{"count":1,"href":"https:\/\/www.uaga.eus\/eu\/wp-json\/wp\/v2\/posts\/14178\/revisions"}],"predecessor-version":[{"id":14179,"href":"https:\/\/www.uaga.eus\/eu\/wp-json\/wp\/v2\/posts\/14178\/revisions\/14179"}],"wp:featuredmedia":[{"embeddable":true,"href":"https:\/\/www.uaga.eus\/eu\/wp-json\/wp\/v2\/media\/14173"}],"wp:attachment":[{"href":"https:\/\/www.uaga.eus\/eu\/wp-json\/wp\/v2\/media?parent=14178"}],"wp:term":[{"taxonomy":"category","embeddable":true,"href":"https:\/\/www.uaga.eus\/eu\/wp-json\/wp\/v2\/categories?post=14178"},{"taxonomy":"post_tag","embeddable":true,"href":"https:\/\/www.uaga.eus\/eu\/wp-json\/wp\/v2\/tags?post=14178"}],"curies":[{"name":"wp","href":"https:\/\/api.w.org\/{rel}","templated":true}]}}