{"id":14170,"date":"2025-10-17T11:27:44","date_gmt":"2025-10-17T11:27:44","guid":{"rendered":"https:\/\/www.uaga.eus\/?p=14170"},"modified":"2025-10-17T11:27:44","modified_gmt":"2025-10-17T11:27:44","slug":"uaga-con-gaza-y-sus-agricultores","status":"publish","type":"post","link":"https:\/\/www.uaga.eus\/eu\/uaga-con-gaza-y-sus-agricultores\/","title":{"rendered":"UAGA, Gaza eta bere baserritarrekin"},"content":{"rendered":"<p>El 15 de octubre se vivi\u00f3 una jornada de paro y solidaridad con los habitantes de Gaza, denunciando el genocidio al que Israel est\u00e1 sometiendo a la poblaci\u00f3n gazat\u00ed.\u00a0UAGA y EHNE secundaron esta semana la convocatoria de la iniciativa ciudadana Gernika Palestina, sum\u00e1ndose a las distintas movilizaciones de la jornada y solidariz\u00e1ndose especialmente con el sector primario.<\/p>\n<p>En\u00a0Gaza, m\u00e1s del 80% de las tierras de cultivo\u00a0han sido da\u00f1adas, inutiliz\u00e1ndose la mayor parte de invernaderos y pozos de agua agr\u00edcolas, degradando la tierra que tardar\u00e1 mucho tiempo en recuperarse. La Via Campesina ha denunciado que este\u00a0verano Israel arras\u00f3 la ciudad de Hebr\u00f3n y con ella\u00a0el \u00fanico banco nacional de semillas superviviente de Palestina. Seg\u00fan\u00a0esta organizaci\u00f3n lo ocurrido en Hebr\u00f3n encaja en la definici\u00f3n legal de ecocidio: la destrucci\u00f3n deliberada de ecosistemas para socavar la supervivencia humana.<\/p>\n","protected":false},"excerpt":{"rendered":"<p>El 15 de octubre se vivi\u00f3 una jornada de paro y solidaridad con los habitantes de Gaza, denunciando el genocidio al que Israel est\u00e1 sometiendo a la poblaci\u00f3n gazat\u00ed.\u00a0UAGA y EHNE secundaron esta semana la convocatoria de la iniciativa ciudadana Gernika Palestina, sum\u00e1ndose a las distintas movilizaciones de la jornada y solidariz\u00e1ndose especialmente con el [&hellip;]<\/p>\n","protected":false},"author":4,"featured_media":14171,"comment_status":"closed","ping_status":"closed","sticky":false,"template":"","format":"standard","meta":{"footnotes":""},"categories":[3],"tags":[],"yoast_head":"<!-- This site is optimized with the Yoast SEO plugin v21.5 - https:\/\/yoast.com\/wordpress\/plugins\/seo\/ -->\n<title>UAGA, Gaza eta bere baserritarrekin - UAGA<\/title>\n<meta name=\"robots\" content=\"index, follow, max-snippet:-1, max-image-preview:large, max-video-preview:-1\" \/>\n<link rel=\"canonical\" href=\"https:\/\/www.uaga.eus\/uaga-con-gaza-y-sus-agricultores\/\" \/>\n<meta property=\"og:locale\" content=\"en_US\" \/>\n<meta property=\"og:type\" content=\"article\" \/>\n<meta property=\"og:title\" content=\"UAGA, Gaza eta bere baserritarrekin - UAGA\" \/>\n<meta property=\"og:description\" content=\"El 15 de octubre se vivi\u00f3 una jornada de paro y solidaridad con los habitantes de Gaza, denunciando el genocidio al que Israel est\u00e1 sometiendo a la poblaci\u00f3n gazat\u00ed.\u00a0UAGA y EHNE secundaron esta semana la convocatoria de la iniciativa ciudadana Gernika Palestina, sum\u00e1ndose a las distintas movilizaciones de la jornada y solidariz\u00e1ndose especialmente con el [&hellip;]\" \/>\n<meta property=\"og:url\" content=\"https:\/\/www.uaga.eus\/uaga-con-gaza-y-sus-agricultores\/\" \/>\n<meta property=\"og:site_name\" content=\"UAGA\" \/>\n<meta property=\"article:published_time\" content=\"2025-10-17T11:27:44+00:00\" \/>\n<meta property=\"og:image\" content=\"https:\/\/www.uaga.eus\/wp-content\/uploads\/2025\/10\/251014-Gernika-Palestina.jpg\" \/>\n\t<meta property=\"og:image:width\" content=\"650\" \/>\n\t<meta property=\"og:image:height\" content=\"366\" \/>\n\t<meta property=\"og:image:type\" content=\"image\/jpeg\" \/>\n<meta name=\"author\" content=\"Blanca S\u00e1nchez\" \/>\n<meta name=\"twitter:card\" content=\"summary_large_image\" \/>\n<meta name=\"twitter:label1\" content=\"Written by\" \/>\n\t<meta name=\"twitter:data1\" content=\"Blanca S\u00e1nchez\" \/>\n\t<meta name=\"twitter:label2\" content=\"Est. reading time\" \/>\n\t<meta name=\"twitter:data2\" content=\"1 minutua\" \/>\n<script type=\"application\/ld+json\" class=\"yoast-schema-graph\">{\"@context\":\"https:\/\/schema.org\",\"@graph\":[{\"@type\":\"WebPage\",\"@id\":\"https:\/\/www.uaga.eus\/uaga-con-gaza-y-sus-agricultores\/\",\"url\":\"https:\/\/www.uaga.eus\/uaga-con-gaza-y-sus-agricultores\/\",\"name\":\"UAGA, Gaza eta bere baserritarrekin - UAGA\",\"isPartOf\":{\"@id\":\"https:\/\/www.uaga.eus\/#website\"},\"datePublished\":\"2025-10-17T11:27:44+00:00\",\"dateModified\":\"2025-10-17T11:27:44+00:00\",\"author\":{\"@id\":\"https:\/\/www.uaga.eus\/#\/schema\/person\/48c3cbf0f33d1b788226dbb6518689cf\"},\"breadcrumb\":{\"@id\":\"https:\/\/www.uaga.eus\/uaga-con-gaza-y-sus-agricultores\/#breadcrumb\"},\"inLanguage\":\"eu\",\"potentialAction\":[{\"@type\":\"ReadAction\",\"target\":[\"https:\/\/www.uaga.eus\/uaga-con-gaza-y-sus-agricultores\/\"]}]},{\"@type\":\"BreadcrumbList\",\"@id\":\"https:\/\/www.uaga.eus\/uaga-con-gaza-y-sus-agricultores\/#breadcrumb\",\"itemListElement\":[{\"@type\":\"ListItem\",\"position\":1,\"name\":\"Inicio\",\"item\":\"https:\/\/www.uaga.eus\/\"},{\"@type\":\"ListItem\",\"position\":2,\"name\":\"UAGA, con Gaza y sus agricultores\"}]},{\"@type\":\"WebSite\",\"@id\":\"https:\/\/www.uaga.eus\/#website\",\"url\":\"https:\/\/www.uaga.eus\/\",\"name\":\"UAGA\",\"description\":\"Uni\u00f3n Agroganadera de \u00c1lava - Araba Nekazarien Elkartea\",\"potentialAction\":[{\"@type\":\"SearchAction\",\"target\":{\"@type\":\"EntryPoint\",\"urlTemplate\":\"https:\/\/www.uaga.eus\/?s={search_term_string}\"},\"query-input\":\"required name=search_term_string\"}],\"inLanguage\":\"eu\"},{\"@type\":\"Person\",\"@id\":\"https:\/\/www.uaga.eus\/#\/schema\/person\/48c3cbf0f33d1b788226dbb6518689cf\",\"name\":\"Blanca S\u00e1nchez\",\"image\":{\"@type\":\"ImageObject\",\"inLanguage\":\"eu\",\"@id\":\"https:\/\/www.uaga.eus\/#\/schema\/person\/image\/\",\"url\":\"https:\/\/secure.gravatar.com\/avatar\/0dc91c20648254b1ce84877283f6751b?s=96&d=mm&r=g\",\"contentUrl\":\"https:\/\/secure.gravatar.com\/avatar\/0dc91c20648254b1ce84877283f6751b?s=96&d=mm&r=g\",\"caption\":\"Blanca S\u00e1nchez\"},\"url\":\"https:\/\/www.uaga.eus\/eu\/author\/bsanchez\/\"}]}<\/script>\n<!-- \/ Yoast SEO plugin. -->","yoast_head_json":{"title":"UAGA, Gaza eta bere baserritarrekin - UAGA","robots":{"index":"index","follow":"follow","max-snippet":"max-snippet:-1","max-image-preview":"max-image-preview:large","max-video-preview":"max-video-preview:-1"},"canonical":"https:\/\/www.uaga.eus\/uaga-con-gaza-y-sus-agricultores\/","og_locale":"en_US","og_type":"article","og_title":"UAGA, Gaza eta bere baserritarrekin - UAGA","og_description":"El 15 de octubre se vivi\u00f3 una jornada de paro y solidaridad con los habitantes de Gaza, denunciando el genocidio al que Israel est\u00e1 sometiendo a la poblaci\u00f3n gazat\u00ed.\u00a0UAGA y EHNE secundaron esta semana la convocatoria de la iniciativa ciudadana Gernika Palestina, sum\u00e1ndose a las distintas movilizaciones de la jornada y solidariz\u00e1ndose especialmente con el [&hellip;]","og_url":"https:\/\/www.uaga.eus\/uaga-con-gaza-y-sus-agricultores\/","og_site_name":"UAGA","article_published_time":"2025-10-17T11:27:44+00:00","og_image":[{"width":650,"height":366,"url":"https:\/\/www.uaga.eus\/wp-content\/uploads\/2025\/10\/251014-Gernika-Palestina.jpg","type":"image\/jpeg"}],"author":"Blanca S\u00e1nchez","twitter_card":"summary_large_image","twitter_misc":{"Written by":"Blanca S\u00e1nchez","Est. reading time":"1 minutua"},"schema":{"@context":"https:\/\/schema.org","@graph":[{"@type":"WebPage","@id":"https:\/\/www.uaga.eus\/uaga-con-gaza-y-sus-agricultores\/","url":"https:\/\/www.uaga.eus\/uaga-con-gaza-y-sus-agricultores\/","name":"UAGA, Gaza eta bere baserritarrekin - UAGA","isPartOf":{"@id":"https:\/\/www.uaga.eus\/#website"},"datePublished":"2025-10-17T11:27:44+00:00","dateModified":"2025-10-17T11:27:44+00:00","author":{"@id":"https:\/\/www.uaga.eus\/#\/schema\/person\/48c3cbf0f33d1b788226dbb6518689cf"},"breadcrumb":{"@id":"https:\/\/www.uaga.eus\/uaga-con-gaza-y-sus-agricultores\/#breadcrumb"},"inLanguage":"eu","potentialAction":[{"@type":"ReadAction","target":["https:\/\/www.uaga.eus\/uaga-con-gaza-y-sus-agricultores\/"]}]},{"@type":"BreadcrumbList","@id":"https:\/\/www.uaga.eus\/uaga-con-gaza-y-sus-agricultores\/#breadcrumb","itemListElement":[{"@type":"ListItem","position":1,"name":"Inicio","item":"https:\/\/www.uaga.eus\/"},{"@type":"ListItem","position":2,"name":"UAGA, con Gaza y sus agricultores"}]},{"@type":"WebSite","@id":"https:\/\/www.uaga.eus\/#website","url":"https:\/\/www.uaga.eus\/","name":"UAGA","description":"Uni\u00f3n Agroganadera de \u00c1lava - Araba Nekazarien Elkartea","potentialAction":[{"@type":"SearchAction","target":{"@type":"EntryPoint","urlTemplate":"https:\/\/www.uaga.eus\/?s={search_term_string}"},"query-input":"required name=search_term_string"}],"inLanguage":"eu"},{"@type":"Person","@id":"https:\/\/www.uaga.eus\/#\/schema\/person\/48c3cbf0f33d1b788226dbb6518689cf","name":"Blanca S\u00e1nchez","image":{"@type":"ImageObject","inLanguage":"eu","@id":"https:\/\/www.uaga.eus\/#\/schema\/person\/image\/","url":"https:\/\/secure.gravatar.com\/avatar\/0dc91c20648254b1ce84877283f6751b?s=96&d=mm&r=g","contentUrl":"https:\/\/secure.gravatar.com\/avatar\/0dc91c20648254b1ce84877283f6751b?s=96&d=mm&r=g","caption":"Blanca S\u00e1nchez"},"url":"https:\/\/www.uaga.eus\/eu\/author\/bsanchez\/"}]}},"_links":{"self":[{"href":"https:\/\/www.uaga.eus\/eu\/wp-json\/wp\/v2\/posts\/14170"}],"collection":[{"href":"https:\/\/www.uaga.eus\/eu\/wp-json\/wp\/v2\/posts"}],"about":[{"href":"https:\/\/www.uaga.eus\/eu\/wp-json\/wp\/v2\/types\/post"}],"author":[{"embeddable":true,"href":"https:\/\/www.uaga.eus\/eu\/wp-json\/wp\/v2\/users\/4"}],"replies":[{"embeddable":true,"href":"https:\/\/www.uaga.eus\/eu\/wp-json\/wp\/v2\/comments?post=14170"}],"version-history":[{"count":1,"href":"https:\/\/www.uaga.eus\/eu\/wp-json\/wp\/v2\/posts\/14170\/revisions"}],"predecessor-version":[{"id":14175,"href":"https:\/\/www.uaga.eus\/eu\/wp-json\/wp\/v2\/posts\/14170\/revisions\/14175"}],"wp:featuredmedia":[{"embeddable":true,"href":"https:\/\/www.uaga.eus\/eu\/wp-json\/wp\/v2\/media\/14171"}],"wp:attachment":[{"href":"https:\/\/www.uaga.eus\/eu\/wp-json\/wp\/v2\/media?parent=14170"}],"wp:term":[{"taxonomy":"category","embeddable":true,"href":"https:\/\/www.uaga.eus\/eu\/wp-json\/wp\/v2\/categories?post=14170"},{"taxonomy":"post_tag","embeddable":true,"href":"https:\/\/www.uaga.eus\/eu\/wp-json\/wp\/v2\/tags?post=14170"}],"curies":[{"name":"wp","href":"https:\/\/api.w.org\/{rel}","templated":true}]}}