{"id":14151,"date":"2025-10-10T11:58:00","date_gmt":"2025-10-10T11:58:00","guid":{"rendered":"https:\/\/www.uaga.eus\/?p=14151"},"modified":"2025-10-10T11:58:00","modified_gmt":"2025-10-10T11:58:00","slug":"coag-reclama-al-ministro-que-priorice-la-figura-del-profesional-en-la-futura-ley-de-agricultura-familiar","status":"publish","type":"post","link":"https:\/\/www.uaga.eus\/eu\/coag-reclama-al-ministro-que-priorice-la-figura-del-profesional-en-la-futura-ley-de-agricultura-familiar\/","title":{"rendered":"Familia Nekazaritzaren Legean baserritar profesionalaren figura lehenesteko eskatu dio COAGek ministroari"},"content":{"rendered":"<p>La Coordinadora de Organizaciones de Agricultores y Ganaderos (COAG) se ha reunido esta ma\u00f1ana con el ministro de Agricultura, Pesca y Alimentaci\u00f3n, Luis Planas, para tratar diversos temas de actualidad, entre los que destacan<strong><em>\u00a0<\/em><\/strong>el marco financiero y la propuesta de la PAC post 2028, \u00a0los acuerdos de libre comercio, el relevo generacional en el campo, el pacto clim\u00e1tico y la gesti\u00f3n del agua como recurso estrat\u00e9gico para el futuro agrario y la pr\u00f3rroga del cuaderno digital fitosanitario hasta 2027.<\/p>\n<p>La Coordinadora adem\u00e1s ha reclamado que la Ley de Agricultura Familiar priorice la figura del agricultor profesional e independiente y sirva para limitar el acaparamiento de tierras y derechos de agua de los fondos buitres que est\u00e1n aterrizando de forma masiva en el campo espa\u00f1ol.\u00a0\u201cLa &#8216;uberizaci\u00f3n&#8217; del campo est\u00e1 desplazando a los verdaderos agricultores y ganaderos y lastrando la incorporaci\u00f3n de j\u00f3venes al sector. La futura ley es una gran oportunidad para que se apueste con hechos concretos por el modelo social y profesional de agricultura, verdadero garante de nuestra soberan\u00eda alimentaria y desarrollo econ\u00f3mico, social y medioambiental del medio rural\u201d, ha apuntado Miguel Padilla, Secretario General de COAG.<\/p>\n","protected":false},"excerpt":{"rendered":"<p>La Coordinadora de Organizaciones de Agricultores y Ganaderos (COAG) se ha reunido esta ma\u00f1ana con el ministro de Agricultura, Pesca y Alimentaci\u00f3n, Luis Planas, para tratar diversos temas de actualidad, entre los que destacan\u00a0el marco financiero y la propuesta de la PAC post 2028, \u00a0los acuerdos de libre comercio, el relevo generacional en el campo, [&hellip;]<\/p>\n","protected":false},"author":4,"featured_media":9689,"comment_status":"closed","ping_status":"closed","sticky":false,"template":"","format":"standard","meta":{"footnotes":""},"categories":[3,4],"tags":[],"yoast_head":"<!-- This site is optimized with the Yoast SEO plugin v21.5 - https:\/\/yoast.com\/wordpress\/plugins\/seo\/ -->\n<title>Familia Nekazaritzaren Legean baserritar profesionalaren figura lehenesteko eskatu dio COAGek ministroari - UAGA<\/title>\n<meta name=\"robots\" content=\"index, follow, max-snippet:-1, max-image-preview:large, max-video-preview:-1\" \/>\n<link rel=\"canonical\" href=\"https:\/\/www.uaga.eus\/coag-reclama-al-ministro-que-priorice-la-figura-del-profesional-en-la-futura-ley-de-agricultura-familiar\/\" \/>\n<meta property=\"og:locale\" content=\"en_US\" \/>\n<meta property=\"og:type\" content=\"article\" \/>\n<meta property=\"og:title\" content=\"Familia Nekazaritzaren Legean baserritar profesionalaren figura lehenesteko eskatu dio COAGek ministroari - UAGA\" \/>\n<meta property=\"og:description\" content=\"La Coordinadora de Organizaciones de Agricultores y Ganaderos (COAG) se ha reunido esta ma\u00f1ana con el ministro de Agricultura, Pesca y Alimentaci\u00f3n, Luis Planas, para tratar diversos temas de actualidad, entre los que destacan\u00a0el marco financiero y la propuesta de la PAC post 2028, \u00a0los acuerdos de libre comercio, el relevo generacional en el campo, [&hellip;]\" \/>\n<meta property=\"og:url\" content=\"https:\/\/www.uaga.eus\/coag-reclama-al-ministro-que-priorice-la-figura-del-profesional-en-la-futura-ley-de-agricultura-familiar\/\" \/>\n<meta property=\"og:site_name\" content=\"UAGA\" \/>\n<meta property=\"article:published_time\" content=\"2025-10-10T11:58:00+00:00\" \/>\n<meta property=\"og:image\" content=\"https:\/\/www.uaga.eus\/wp-content\/uploads\/2022\/01\/tractor-recogiendo-hierba.jpg\" \/>\n\t<meta property=\"og:image:width\" content=\"650\" \/>\n\t<meta property=\"og:image:height\" content=\"366\" \/>\n\t<meta property=\"og:image:type\" content=\"image\/jpeg\" \/>\n<meta name=\"author\" content=\"Blanca S\u00e1nchez\" \/>\n<meta name=\"twitter:card\" content=\"summary_large_image\" \/>\n<meta name=\"twitter:label1\" content=\"Written by\" \/>\n\t<meta name=\"twitter:data1\" content=\"Blanca S\u00e1nchez\" \/>\n\t<meta name=\"twitter:label2\" content=\"Est. reading time\" \/>\n\t<meta name=\"twitter:data2\" content=\"1 minutua\" \/>\n<script type=\"application\/ld+json\" class=\"yoast-schema-graph\">{\"@context\":\"https:\/\/schema.org\",\"@graph\":[{\"@type\":\"WebPage\",\"@id\":\"https:\/\/www.uaga.eus\/coag-reclama-al-ministro-que-priorice-la-figura-del-profesional-en-la-futura-ley-de-agricultura-familiar\/\",\"url\":\"https:\/\/www.uaga.eus\/coag-reclama-al-ministro-que-priorice-la-figura-del-profesional-en-la-futura-ley-de-agricultura-familiar\/\",\"name\":\"Familia Nekazaritzaren Legean baserritar profesionalaren figura lehenesteko eskatu dio COAGek ministroari - UAGA\",\"isPartOf\":{\"@id\":\"https:\/\/www.uaga.eus\/#website\"},\"datePublished\":\"2025-10-10T11:58:00+00:00\",\"dateModified\":\"2025-10-10T11:58:00+00:00\",\"author\":{\"@id\":\"https:\/\/www.uaga.eus\/#\/schema\/person\/48c3cbf0f33d1b788226dbb6518689cf\"},\"breadcrumb\":{\"@id\":\"https:\/\/www.uaga.eus\/coag-reclama-al-ministro-que-priorice-la-figura-del-profesional-en-la-futura-ley-de-agricultura-familiar\/#breadcrumb\"},\"inLanguage\":\"eu\",\"potentialAction\":[{\"@type\":\"ReadAction\",\"target\":[\"https:\/\/www.uaga.eus\/coag-reclama-al-ministro-que-priorice-la-figura-del-profesional-en-la-futura-ley-de-agricultura-familiar\/\"]}]},{\"@type\":\"BreadcrumbList\",\"@id\":\"https:\/\/www.uaga.eus\/coag-reclama-al-ministro-que-priorice-la-figura-del-profesional-en-la-futura-ley-de-agricultura-familiar\/#breadcrumb\",\"itemListElement\":[{\"@type\":\"ListItem\",\"position\":1,\"name\":\"Inicio\",\"item\":\"https:\/\/www.uaga.eus\/\"},{\"@type\":\"ListItem\",\"position\":2,\"name\":\"COAG reclama al Ministro que priorice la figura del profesional en la futura Ley de Agricultura Familiar\"}]},{\"@type\":\"WebSite\",\"@id\":\"https:\/\/www.uaga.eus\/#website\",\"url\":\"https:\/\/www.uaga.eus\/\",\"name\":\"UAGA\",\"description\":\"Uni\u00f3n Agroganadera de \u00c1lava - Araba Nekazarien Elkartea\",\"potentialAction\":[{\"@type\":\"SearchAction\",\"target\":{\"@type\":\"EntryPoint\",\"urlTemplate\":\"https:\/\/www.uaga.eus\/?s={search_term_string}\"},\"query-input\":\"required name=search_term_string\"}],\"inLanguage\":\"eu\"},{\"@type\":\"Person\",\"@id\":\"https:\/\/www.uaga.eus\/#\/schema\/person\/48c3cbf0f33d1b788226dbb6518689cf\",\"name\":\"Blanca S\u00e1nchez\",\"image\":{\"@type\":\"ImageObject\",\"inLanguage\":\"eu\",\"@id\":\"https:\/\/www.uaga.eus\/#\/schema\/person\/image\/\",\"url\":\"https:\/\/secure.gravatar.com\/avatar\/0dc91c20648254b1ce84877283f6751b?s=96&d=mm&r=g\",\"contentUrl\":\"https:\/\/secure.gravatar.com\/avatar\/0dc91c20648254b1ce84877283f6751b?s=96&d=mm&r=g\",\"caption\":\"Blanca S\u00e1nchez\"},\"url\":\"https:\/\/www.uaga.eus\/eu\/author\/bsanchez\/\"}]}<\/script>\n<!-- \/ Yoast SEO plugin. -->","yoast_head_json":{"title":"Familia Nekazaritzaren Legean baserritar profesionalaren figura lehenesteko eskatu dio COAGek ministroari - UAGA","robots":{"index":"index","follow":"follow","max-snippet":"max-snippet:-1","max-image-preview":"max-image-preview:large","max-video-preview":"max-video-preview:-1"},"canonical":"https:\/\/www.uaga.eus\/coag-reclama-al-ministro-que-priorice-la-figura-del-profesional-en-la-futura-ley-de-agricultura-familiar\/","og_locale":"en_US","og_type":"article","og_title":"Familia Nekazaritzaren Legean baserritar profesionalaren figura lehenesteko eskatu dio COAGek ministroari - UAGA","og_description":"La Coordinadora de Organizaciones de Agricultores y Ganaderos (COAG) se ha reunido esta ma\u00f1ana con el ministro de Agricultura, Pesca y Alimentaci\u00f3n, Luis Planas, para tratar diversos temas de actualidad, entre los que destacan\u00a0el marco financiero y la propuesta de la PAC post 2028, \u00a0los acuerdos de libre comercio, el relevo generacional en el campo, [&hellip;]","og_url":"https:\/\/www.uaga.eus\/coag-reclama-al-ministro-que-priorice-la-figura-del-profesional-en-la-futura-ley-de-agricultura-familiar\/","og_site_name":"UAGA","article_published_time":"2025-10-10T11:58:00+00:00","og_image":[{"width":650,"height":366,"url":"https:\/\/www.uaga.eus\/wp-content\/uploads\/2022\/01\/tractor-recogiendo-hierba.jpg","type":"image\/jpeg"}],"author":"Blanca S\u00e1nchez","twitter_card":"summary_large_image","twitter_misc":{"Written by":"Blanca S\u00e1nchez","Est. reading time":"1 minutua"},"schema":{"@context":"https:\/\/schema.org","@graph":[{"@type":"WebPage","@id":"https:\/\/www.uaga.eus\/coag-reclama-al-ministro-que-priorice-la-figura-del-profesional-en-la-futura-ley-de-agricultura-familiar\/","url":"https:\/\/www.uaga.eus\/coag-reclama-al-ministro-que-priorice-la-figura-del-profesional-en-la-futura-ley-de-agricultura-familiar\/","name":"Familia Nekazaritzaren Legean baserritar profesionalaren figura lehenesteko eskatu dio COAGek ministroari - UAGA","isPartOf":{"@id":"https:\/\/www.uaga.eus\/#website"},"datePublished":"2025-10-10T11:58:00+00:00","dateModified":"2025-10-10T11:58:00+00:00","author":{"@id":"https:\/\/www.uaga.eus\/#\/schema\/person\/48c3cbf0f33d1b788226dbb6518689cf"},"breadcrumb":{"@id":"https:\/\/www.uaga.eus\/coag-reclama-al-ministro-que-priorice-la-figura-del-profesional-en-la-futura-ley-de-agricultura-familiar\/#breadcrumb"},"inLanguage":"eu","potentialAction":[{"@type":"ReadAction","target":["https:\/\/www.uaga.eus\/coag-reclama-al-ministro-que-priorice-la-figura-del-profesional-en-la-futura-ley-de-agricultura-familiar\/"]}]},{"@type":"BreadcrumbList","@id":"https:\/\/www.uaga.eus\/coag-reclama-al-ministro-que-priorice-la-figura-del-profesional-en-la-futura-ley-de-agricultura-familiar\/#breadcrumb","itemListElement":[{"@type":"ListItem","position":1,"name":"Inicio","item":"https:\/\/www.uaga.eus\/"},{"@type":"ListItem","position":2,"name":"COAG reclama al Ministro que priorice la figura del profesional en la futura Ley de Agricultura Familiar"}]},{"@type":"WebSite","@id":"https:\/\/www.uaga.eus\/#website","url":"https:\/\/www.uaga.eus\/","name":"UAGA","description":"Uni\u00f3n Agroganadera de \u00c1lava - Araba Nekazarien Elkartea","potentialAction":[{"@type":"SearchAction","target":{"@type":"EntryPoint","urlTemplate":"https:\/\/www.uaga.eus\/?s={search_term_string}"},"query-input":"required name=search_term_string"}],"inLanguage":"eu"},{"@type":"Person","@id":"https:\/\/www.uaga.eus\/#\/schema\/person\/48c3cbf0f33d1b788226dbb6518689cf","name":"Blanca S\u00e1nchez","image":{"@type":"ImageObject","inLanguage":"eu","@id":"https:\/\/www.uaga.eus\/#\/schema\/person\/image\/","url":"https:\/\/secure.gravatar.com\/avatar\/0dc91c20648254b1ce84877283f6751b?s=96&d=mm&r=g","contentUrl":"https:\/\/secure.gravatar.com\/avatar\/0dc91c20648254b1ce84877283f6751b?s=96&d=mm&r=g","caption":"Blanca S\u00e1nchez"},"url":"https:\/\/www.uaga.eus\/eu\/author\/bsanchez\/"}]}},"_links":{"self":[{"href":"https:\/\/www.uaga.eus\/eu\/wp-json\/wp\/v2\/posts\/14151"}],"collection":[{"href":"https:\/\/www.uaga.eus\/eu\/wp-json\/wp\/v2\/posts"}],"about":[{"href":"https:\/\/www.uaga.eus\/eu\/wp-json\/wp\/v2\/types\/post"}],"author":[{"embeddable":true,"href":"https:\/\/www.uaga.eus\/eu\/wp-json\/wp\/v2\/users\/4"}],"replies":[{"embeddable":true,"href":"https:\/\/www.uaga.eus\/eu\/wp-json\/wp\/v2\/comments?post=14151"}],"version-history":[{"count":1,"href":"https:\/\/www.uaga.eus\/eu\/wp-json\/wp\/v2\/posts\/14151\/revisions"}],"predecessor-version":[{"id":14152,"href":"https:\/\/www.uaga.eus\/eu\/wp-json\/wp\/v2\/posts\/14151\/revisions\/14152"}],"wp:featuredmedia":[{"embeddable":true,"href":"https:\/\/www.uaga.eus\/eu\/wp-json\/wp\/v2\/media\/9689"}],"wp:attachment":[{"href":"https:\/\/www.uaga.eus\/eu\/wp-json\/wp\/v2\/media?parent=14151"}],"wp:term":[{"taxonomy":"category","embeddable":true,"href":"https:\/\/www.uaga.eus\/eu\/wp-json\/wp\/v2\/categories?post=14151"},{"taxonomy":"post_tag","embeddable":true,"href":"https:\/\/www.uaga.eus\/eu\/wp-json\/wp\/v2\/tags?post=14151"}],"curies":[{"name":"wp","href":"https:\/\/api.w.org\/{rel}","templated":true}]}}