{"id":14149,"date":"2025-10-10T11:54:53","date_gmt":"2025-10-10T11:54:53","guid":{"rendered":"https:\/\/www.uaga.eus\/?p=14149"},"modified":"2025-10-10T11:54:53","modified_gmt":"2025-10-10T11:54:53","slug":"el-cuaderno-de-campo-digital-podria-retrasarse-a-2027","status":"publish","type":"post","link":"https:\/\/www.uaga.eus\/eu\/el-cuaderno-de-campo-digital-podria-retrasarse-a-2027\/","title":{"rendered":"Eremu digitaleko koadernoa 2027ra atzeratu daiteke"},"content":{"rendered":"<p>La Comisi\u00f3n Europea ha dado luz verde a una pr\u00f3rroga de un a\u00f1o para que\u00a0los Estados miembros puedan aplazar la obligaci\u00f3n de pasar los registros de productos fitosanitarios al formato electr\u00f3nico.\u00a0Esta decisi\u00f3n se ha tomado en el\u00a0El SCOPAFF (Comit\u00e9 Permanente de Plantas, Animales, Alimentos y Piensos) \u2014que se reuni\u00f3 el viernes 3 de octubre.\u00a0La confirmaci\u00f3n oficial se espera en los pr\u00f3ximos d\u00edas, cuando se publique el texto\u00a0definitivo en el Diario Oficial de la UE.<\/p>\n<p>COAG se ha felicitado por esta noticia, ya que lleva tiempo trabajado en el Copa-Cogeca para trasladar la preocupaci\u00f3n del sector sobre los plazos poco realistas para implantar el sistema\u00a0electr\u00f3nico de registros. Con este aplazamiento se quiere contar con\u00a0m\u00e1s margen, m\u00e1s tiempo y m\u00e1s seguridad jur\u00eddica para que las\u00a0explotaciones agrarias puedan adaptarse al sistema sin agobios.<\/p>\n<p>COAG va a reclamar al Ministerio de Agricultura que se acoja a esta pr\u00f3rroga.<\/p>\n","protected":false},"excerpt":{"rendered":"<p>La Comisi\u00f3n Europea ha dado luz verde a una pr\u00f3rroga de un a\u00f1o para que\u00a0los Estados miembros puedan aplazar la obligaci\u00f3n de pasar los registros de productos fitosanitarios al formato electr\u00f3nico.\u00a0Esta decisi\u00f3n se ha tomado en el\u00a0El SCOPAFF (Comit\u00e9 Permanente de Plantas, Animales, Alimentos y Piensos) \u2014que se reuni\u00f3 el viernes 3 de octubre.\u00a0La confirmaci\u00f3n [&hellip;]<\/p>\n","protected":false},"author":4,"featured_media":2073,"comment_status":"closed","ping_status":"closed","sticky":false,"template":"","format":"standard","meta":{"footnotes":""},"categories":[4],"tags":[],"yoast_head":"<!-- This site is optimized with the Yoast SEO plugin v21.5 - https:\/\/yoast.com\/wordpress\/plugins\/seo\/ -->\n<title>Eremu digitaleko koadernoa 2027ra atzeratu daiteke - UAGA<\/title>\n<meta name=\"robots\" content=\"index, follow, max-snippet:-1, max-image-preview:large, max-video-preview:-1\" \/>\n<link rel=\"canonical\" href=\"https:\/\/www.uaga.eus\/el-cuaderno-de-campo-digital-podria-retrasarse-a-2027\/\" \/>\n<meta property=\"og:locale\" content=\"en_US\" \/>\n<meta property=\"og:type\" content=\"article\" \/>\n<meta property=\"og:title\" content=\"Eremu digitaleko koadernoa 2027ra atzeratu daiteke - UAGA\" \/>\n<meta property=\"og:description\" content=\"La Comisi\u00f3n Europea ha dado luz verde a una pr\u00f3rroga de un a\u00f1o para que\u00a0los Estados miembros puedan aplazar la obligaci\u00f3n de pasar los registros de productos fitosanitarios al formato electr\u00f3nico.\u00a0Esta decisi\u00f3n se ha tomado en el\u00a0El SCOPAFF (Comit\u00e9 Permanente de Plantas, Animales, Alimentos y Piensos) \u2014que se reuni\u00f3 el viernes 3 de octubre.\u00a0La confirmaci\u00f3n [&hellip;]\" \/>\n<meta property=\"og:url\" content=\"https:\/\/www.uaga.eus\/el-cuaderno-de-campo-digital-podria-retrasarse-a-2027\/\" \/>\n<meta property=\"og:site_name\" content=\"UAGA\" \/>\n<meta property=\"article:published_time\" content=\"2025-10-10T11:54:53+00:00\" \/>\n<meta property=\"og:image\" content=\"https:\/\/www.uaga.eus\/wp-content\/uploads\/2018\/03\/finca-de-colza.jpg\" \/>\n\t<meta property=\"og:image:width\" content=\"700\" \/>\n\t<meta property=\"og:image:height\" content=\"378\" \/>\n\t<meta property=\"og:image:type\" content=\"image\/jpeg\" \/>\n<meta name=\"author\" content=\"Blanca S\u00e1nchez\" \/>\n<meta name=\"twitter:card\" content=\"summary_large_image\" \/>\n<meta name=\"twitter:label1\" content=\"Written by\" \/>\n\t<meta name=\"twitter:data1\" content=\"Blanca S\u00e1nchez\" \/>\n\t<meta name=\"twitter:label2\" content=\"Est. reading time\" \/>\n\t<meta name=\"twitter:data2\" content=\"1 minutua\" \/>\n<script type=\"application\/ld+json\" class=\"yoast-schema-graph\">{\"@context\":\"https:\/\/schema.org\",\"@graph\":[{\"@type\":\"WebPage\",\"@id\":\"https:\/\/www.uaga.eus\/el-cuaderno-de-campo-digital-podria-retrasarse-a-2027\/\",\"url\":\"https:\/\/www.uaga.eus\/el-cuaderno-de-campo-digital-podria-retrasarse-a-2027\/\",\"name\":\"Eremu digitaleko koadernoa 2027ra atzeratu daiteke - UAGA\",\"isPartOf\":{\"@id\":\"https:\/\/www.uaga.eus\/#website\"},\"datePublished\":\"2025-10-10T11:54:53+00:00\",\"dateModified\":\"2025-10-10T11:54:53+00:00\",\"author\":{\"@id\":\"https:\/\/www.uaga.eus\/#\/schema\/person\/48c3cbf0f33d1b788226dbb6518689cf\"},\"breadcrumb\":{\"@id\":\"https:\/\/www.uaga.eus\/el-cuaderno-de-campo-digital-podria-retrasarse-a-2027\/#breadcrumb\"},\"inLanguage\":\"eu\",\"potentialAction\":[{\"@type\":\"ReadAction\",\"target\":[\"https:\/\/www.uaga.eus\/el-cuaderno-de-campo-digital-podria-retrasarse-a-2027\/\"]}]},{\"@type\":\"BreadcrumbList\",\"@id\":\"https:\/\/www.uaga.eus\/el-cuaderno-de-campo-digital-podria-retrasarse-a-2027\/#breadcrumb\",\"itemListElement\":[{\"@type\":\"ListItem\",\"position\":1,\"name\":\"Inicio\",\"item\":\"https:\/\/www.uaga.eus\/\"},{\"@type\":\"ListItem\",\"position\":2,\"name\":\"El cuaderno de campo digital podr\u00eda retrasarse a 2027\"}]},{\"@type\":\"WebSite\",\"@id\":\"https:\/\/www.uaga.eus\/#website\",\"url\":\"https:\/\/www.uaga.eus\/\",\"name\":\"UAGA\",\"description\":\"Uni\u00f3n Agroganadera de \u00c1lava - Araba Nekazarien Elkartea\",\"potentialAction\":[{\"@type\":\"SearchAction\",\"target\":{\"@type\":\"EntryPoint\",\"urlTemplate\":\"https:\/\/www.uaga.eus\/?s={search_term_string}\"},\"query-input\":\"required name=search_term_string\"}],\"inLanguage\":\"eu\"},{\"@type\":\"Person\",\"@id\":\"https:\/\/www.uaga.eus\/#\/schema\/person\/48c3cbf0f33d1b788226dbb6518689cf\",\"name\":\"Blanca S\u00e1nchez\",\"image\":{\"@type\":\"ImageObject\",\"inLanguage\":\"eu\",\"@id\":\"https:\/\/www.uaga.eus\/#\/schema\/person\/image\/\",\"url\":\"https:\/\/secure.gravatar.com\/avatar\/0dc91c20648254b1ce84877283f6751b?s=96&d=mm&r=g\",\"contentUrl\":\"https:\/\/secure.gravatar.com\/avatar\/0dc91c20648254b1ce84877283f6751b?s=96&d=mm&r=g\",\"caption\":\"Blanca S\u00e1nchez\"},\"url\":\"https:\/\/www.uaga.eus\/eu\/author\/bsanchez\/\"}]}<\/script>\n<!-- \/ Yoast SEO plugin. -->","yoast_head_json":{"title":"Eremu digitaleko koadernoa 2027ra atzeratu daiteke - UAGA","robots":{"index":"index","follow":"follow","max-snippet":"max-snippet:-1","max-image-preview":"max-image-preview:large","max-video-preview":"max-video-preview:-1"},"canonical":"https:\/\/www.uaga.eus\/el-cuaderno-de-campo-digital-podria-retrasarse-a-2027\/","og_locale":"en_US","og_type":"article","og_title":"Eremu digitaleko koadernoa 2027ra atzeratu daiteke - UAGA","og_description":"La Comisi\u00f3n Europea ha dado luz verde a una pr\u00f3rroga de un a\u00f1o para que\u00a0los Estados miembros puedan aplazar la obligaci\u00f3n de pasar los registros de productos fitosanitarios al formato electr\u00f3nico.\u00a0Esta decisi\u00f3n se ha tomado en el\u00a0El SCOPAFF (Comit\u00e9 Permanente de Plantas, Animales, Alimentos y Piensos) \u2014que se reuni\u00f3 el viernes 3 de octubre.\u00a0La confirmaci\u00f3n [&hellip;]","og_url":"https:\/\/www.uaga.eus\/el-cuaderno-de-campo-digital-podria-retrasarse-a-2027\/","og_site_name":"UAGA","article_published_time":"2025-10-10T11:54:53+00:00","og_image":[{"width":700,"height":378,"url":"https:\/\/www.uaga.eus\/wp-content\/uploads\/2018\/03\/finca-de-colza.jpg","type":"image\/jpeg"}],"author":"Blanca S\u00e1nchez","twitter_card":"summary_large_image","twitter_misc":{"Written by":"Blanca S\u00e1nchez","Est. reading time":"1 minutua"},"schema":{"@context":"https:\/\/schema.org","@graph":[{"@type":"WebPage","@id":"https:\/\/www.uaga.eus\/el-cuaderno-de-campo-digital-podria-retrasarse-a-2027\/","url":"https:\/\/www.uaga.eus\/el-cuaderno-de-campo-digital-podria-retrasarse-a-2027\/","name":"Eremu digitaleko koadernoa 2027ra atzeratu daiteke - UAGA","isPartOf":{"@id":"https:\/\/www.uaga.eus\/#website"},"datePublished":"2025-10-10T11:54:53+00:00","dateModified":"2025-10-10T11:54:53+00:00","author":{"@id":"https:\/\/www.uaga.eus\/#\/schema\/person\/48c3cbf0f33d1b788226dbb6518689cf"},"breadcrumb":{"@id":"https:\/\/www.uaga.eus\/el-cuaderno-de-campo-digital-podria-retrasarse-a-2027\/#breadcrumb"},"inLanguage":"eu","potentialAction":[{"@type":"ReadAction","target":["https:\/\/www.uaga.eus\/el-cuaderno-de-campo-digital-podria-retrasarse-a-2027\/"]}]},{"@type":"BreadcrumbList","@id":"https:\/\/www.uaga.eus\/el-cuaderno-de-campo-digital-podria-retrasarse-a-2027\/#breadcrumb","itemListElement":[{"@type":"ListItem","position":1,"name":"Inicio","item":"https:\/\/www.uaga.eus\/"},{"@type":"ListItem","position":2,"name":"El cuaderno de campo digital podr\u00eda retrasarse a 2027"}]},{"@type":"WebSite","@id":"https:\/\/www.uaga.eus\/#website","url":"https:\/\/www.uaga.eus\/","name":"UAGA","description":"Uni\u00f3n Agroganadera de \u00c1lava - Araba Nekazarien Elkartea","potentialAction":[{"@type":"SearchAction","target":{"@type":"EntryPoint","urlTemplate":"https:\/\/www.uaga.eus\/?s={search_term_string}"},"query-input":"required name=search_term_string"}],"inLanguage":"eu"},{"@type":"Person","@id":"https:\/\/www.uaga.eus\/#\/schema\/person\/48c3cbf0f33d1b788226dbb6518689cf","name":"Blanca S\u00e1nchez","image":{"@type":"ImageObject","inLanguage":"eu","@id":"https:\/\/www.uaga.eus\/#\/schema\/person\/image\/","url":"https:\/\/secure.gravatar.com\/avatar\/0dc91c20648254b1ce84877283f6751b?s=96&d=mm&r=g","contentUrl":"https:\/\/secure.gravatar.com\/avatar\/0dc91c20648254b1ce84877283f6751b?s=96&d=mm&r=g","caption":"Blanca S\u00e1nchez"},"url":"https:\/\/www.uaga.eus\/eu\/author\/bsanchez\/"}]}},"_links":{"self":[{"href":"https:\/\/www.uaga.eus\/eu\/wp-json\/wp\/v2\/posts\/14149"}],"collection":[{"href":"https:\/\/www.uaga.eus\/eu\/wp-json\/wp\/v2\/posts"}],"about":[{"href":"https:\/\/www.uaga.eus\/eu\/wp-json\/wp\/v2\/types\/post"}],"author":[{"embeddable":true,"href":"https:\/\/www.uaga.eus\/eu\/wp-json\/wp\/v2\/users\/4"}],"replies":[{"embeddable":true,"href":"https:\/\/www.uaga.eus\/eu\/wp-json\/wp\/v2\/comments?post=14149"}],"version-history":[{"count":1,"href":"https:\/\/www.uaga.eus\/eu\/wp-json\/wp\/v2\/posts\/14149\/revisions"}],"predecessor-version":[{"id":14150,"href":"https:\/\/www.uaga.eus\/eu\/wp-json\/wp\/v2\/posts\/14149\/revisions\/14150"}],"wp:featuredmedia":[{"embeddable":true,"href":"https:\/\/www.uaga.eus\/eu\/wp-json\/wp\/v2\/media\/2073"}],"wp:attachment":[{"href":"https:\/\/www.uaga.eus\/eu\/wp-json\/wp\/v2\/media?parent=14149"}],"wp:term":[{"taxonomy":"category","embeddable":true,"href":"https:\/\/www.uaga.eus\/eu\/wp-json\/wp\/v2\/categories?post=14149"},{"taxonomy":"post_tag","embeddable":true,"href":"https:\/\/www.uaga.eus\/eu\/wp-json\/wp\/v2\/tags?post=14149"}],"curies":[{"name":"wp","href":"https:\/\/api.w.org\/{rel}","templated":true}]}}