{"id":14134,"date":"2025-10-03T11:42:47","date_gmt":"2025-10-03T11:42:47","guid":{"rendered":"https:\/\/www.uaga.eus\/?p=14134"},"modified":"2025-10-03T11:42:47","modified_gmt":"2025-10-03T11:42:47","slug":"celebrada-la-asamblea-anual-de-la-do-idiazabal","status":"publish","type":"post","link":"https:\/\/www.uaga.eus\/eu\/celebrada-la-asamblea-anual-de-la-do-idiazabal\/","title":{"rendered":"Idiazabal Jatorri Deituraren Urteko Batzarra egin da"},"content":{"rendered":"<p>El pasado viernes 26 de septiembre se celebr\u00f3 en Pamplona la tercera edici\u00f3n del Idiazabal Eguna, fiesta en la que se realiz\u00f3 tambi\u00e9n la asamblea anual de la Denominaci\u00f3n de Origen.<\/p>\n<p>La DOP Idiazabal prev\u00e9 aumentar su producci\u00f3n en torno a un 10 %, con 1,4 millones de kilos de queso elaborados en 99 queser\u00edas. F\u00e9lix Ajuria, presidente del Consejo Regulador de la Denominaci\u00f3n\u00a0consider\u00f3 el momento actual como \u00abilusionante por el buen posicionamiento y reconocimiento social del producto\u00bb, lo que se espera sirva para que la juventud siga tomando el relevo productivo en el sector.<\/p>\n<p>Precisamente, el relevo generacional fue uno de los temas de la jornada, debatiendo sobre ello en una mesa redonda, por ser uno de los principales retos actuales y clave para el futuro del sector. Tambi\u00e9n se realiz\u00f3\u00a0un acto de recuerdo a Jose Mari Ustarroz, presidente de la Denominaci\u00f3n de Origen Idiazabal durante diecisiete a\u00f1os. Adem\u00e1s, se realizaron diferentes actividades destinadas al p\u00fablico general.<\/p>\n","protected":false},"excerpt":{"rendered":"<p>El pasado viernes 26 de septiembre se celebr\u00f3 en Pamplona la tercera edici\u00f3n del Idiazabal Eguna, fiesta en la que se realiz\u00f3 tambi\u00e9n la asamblea anual de la Denominaci\u00f3n de Origen. La DOP Idiazabal prev\u00e9 aumentar su producci\u00f3n en torno a un 10 %, con 1,4 millones de kilos de queso elaborados en 99 queser\u00edas. [&hellip;]<\/p>\n","protected":false},"author":4,"featured_media":14128,"comment_status":"closed","ping_status":"closed","sticky":false,"template":"","format":"standard","meta":{"footnotes":""},"categories":[12,8],"tags":[],"yoast_head":"<!-- This site is optimized with the Yoast SEO plugin v21.5 - https:\/\/yoast.com\/wordpress\/plugins\/seo\/ -->\n<title>Idiazabal Jatorri Deituraren Urteko Batzarra egin da - UAGA<\/title>\n<meta name=\"robots\" content=\"index, follow, max-snippet:-1, max-image-preview:large, max-video-preview:-1\" \/>\n<link rel=\"canonical\" href=\"https:\/\/www.uaga.eus\/celebrada-la-asamblea-anual-de-la-do-idiazabal\/\" \/>\n<meta property=\"og:locale\" content=\"en_US\" \/>\n<meta property=\"og:type\" content=\"article\" \/>\n<meta property=\"og:title\" content=\"Idiazabal Jatorri Deituraren Urteko Batzarra egin da - UAGA\" \/>\n<meta property=\"og:description\" content=\"El pasado viernes 26 de septiembre se celebr\u00f3 en Pamplona la tercera edici\u00f3n del Idiazabal Eguna, fiesta en la que se realiz\u00f3 tambi\u00e9n la asamblea anual de la Denominaci\u00f3n de Origen. La DOP Idiazabal prev\u00e9 aumentar su producci\u00f3n en torno a un 10 %, con 1,4 millones de kilos de queso elaborados en 99 queser\u00edas. [&hellip;]\" \/>\n<meta property=\"og:url\" content=\"https:\/\/www.uaga.eus\/celebrada-la-asamblea-anual-de-la-do-idiazabal\/\" \/>\n<meta property=\"og:site_name\" content=\"UAGA\" \/>\n<meta property=\"article:published_time\" content=\"2025-10-03T11:42:47+00:00\" \/>\n<meta property=\"og:image\" content=\"https:\/\/www.uaga.eus\/wp-content\/uploads\/2025\/10\/250926-asamblea-idiazabal.jpg\" \/>\n\t<meta property=\"og:image:width\" content=\"650\" \/>\n\t<meta property=\"og:image:height\" content=\"366\" \/>\n\t<meta property=\"og:image:type\" content=\"image\/jpeg\" \/>\n<meta name=\"author\" content=\"Blanca S\u00e1nchez\" \/>\n<meta name=\"twitter:card\" content=\"summary_large_image\" \/>\n<meta name=\"twitter:label1\" content=\"Written by\" \/>\n\t<meta name=\"twitter:data1\" content=\"Blanca S\u00e1nchez\" \/>\n\t<meta name=\"twitter:label2\" content=\"Est. reading time\" \/>\n\t<meta name=\"twitter:data2\" content=\"1 minutua\" \/>\n<script type=\"application\/ld+json\" class=\"yoast-schema-graph\">{\"@context\":\"https:\/\/schema.org\",\"@graph\":[{\"@type\":\"WebPage\",\"@id\":\"https:\/\/www.uaga.eus\/celebrada-la-asamblea-anual-de-la-do-idiazabal\/\",\"url\":\"https:\/\/www.uaga.eus\/celebrada-la-asamblea-anual-de-la-do-idiazabal\/\",\"name\":\"Idiazabal Jatorri Deituraren Urteko Batzarra egin da - UAGA\",\"isPartOf\":{\"@id\":\"https:\/\/www.uaga.eus\/#website\"},\"datePublished\":\"2025-10-03T11:42:47+00:00\",\"dateModified\":\"2025-10-03T11:42:47+00:00\",\"author\":{\"@id\":\"https:\/\/www.uaga.eus\/#\/schema\/person\/48c3cbf0f33d1b788226dbb6518689cf\"},\"breadcrumb\":{\"@id\":\"https:\/\/www.uaga.eus\/celebrada-la-asamblea-anual-de-la-do-idiazabal\/#breadcrumb\"},\"inLanguage\":\"eu\",\"potentialAction\":[{\"@type\":\"ReadAction\",\"target\":[\"https:\/\/www.uaga.eus\/celebrada-la-asamblea-anual-de-la-do-idiazabal\/\"]}]},{\"@type\":\"BreadcrumbList\",\"@id\":\"https:\/\/www.uaga.eus\/celebrada-la-asamblea-anual-de-la-do-idiazabal\/#breadcrumb\",\"itemListElement\":[{\"@type\":\"ListItem\",\"position\":1,\"name\":\"Inicio\",\"item\":\"https:\/\/www.uaga.eus\/\"},{\"@type\":\"ListItem\",\"position\":2,\"name\":\"Celebrada la Asamblea Anual de la DO Idiazabal\"}]},{\"@type\":\"WebSite\",\"@id\":\"https:\/\/www.uaga.eus\/#website\",\"url\":\"https:\/\/www.uaga.eus\/\",\"name\":\"UAGA\",\"description\":\"Uni\u00f3n Agroganadera de \u00c1lava - Araba Nekazarien Elkartea\",\"potentialAction\":[{\"@type\":\"SearchAction\",\"target\":{\"@type\":\"EntryPoint\",\"urlTemplate\":\"https:\/\/www.uaga.eus\/?s={search_term_string}\"},\"query-input\":\"required name=search_term_string\"}],\"inLanguage\":\"eu\"},{\"@type\":\"Person\",\"@id\":\"https:\/\/www.uaga.eus\/#\/schema\/person\/48c3cbf0f33d1b788226dbb6518689cf\",\"name\":\"Blanca S\u00e1nchez\",\"image\":{\"@type\":\"ImageObject\",\"inLanguage\":\"eu\",\"@id\":\"https:\/\/www.uaga.eus\/#\/schema\/person\/image\/\",\"url\":\"https:\/\/secure.gravatar.com\/avatar\/0dc91c20648254b1ce84877283f6751b?s=96&d=mm&r=g\",\"contentUrl\":\"https:\/\/secure.gravatar.com\/avatar\/0dc91c20648254b1ce84877283f6751b?s=96&d=mm&r=g\",\"caption\":\"Blanca S\u00e1nchez\"},\"url\":\"https:\/\/www.uaga.eus\/eu\/author\/bsanchez\/\"}]}<\/script>\n<!-- \/ Yoast SEO plugin. -->","yoast_head_json":{"title":"Idiazabal Jatorri Deituraren Urteko Batzarra egin da - UAGA","robots":{"index":"index","follow":"follow","max-snippet":"max-snippet:-1","max-image-preview":"max-image-preview:large","max-video-preview":"max-video-preview:-1"},"canonical":"https:\/\/www.uaga.eus\/celebrada-la-asamblea-anual-de-la-do-idiazabal\/","og_locale":"en_US","og_type":"article","og_title":"Idiazabal Jatorri Deituraren Urteko Batzarra egin da - UAGA","og_description":"El pasado viernes 26 de septiembre se celebr\u00f3 en Pamplona la tercera edici\u00f3n del Idiazabal Eguna, fiesta en la que se realiz\u00f3 tambi\u00e9n la asamblea anual de la Denominaci\u00f3n de Origen. La DOP Idiazabal prev\u00e9 aumentar su producci\u00f3n en torno a un 10 %, con 1,4 millones de kilos de queso elaborados en 99 queser\u00edas. [&hellip;]","og_url":"https:\/\/www.uaga.eus\/celebrada-la-asamblea-anual-de-la-do-idiazabal\/","og_site_name":"UAGA","article_published_time":"2025-10-03T11:42:47+00:00","og_image":[{"width":650,"height":366,"url":"https:\/\/www.uaga.eus\/wp-content\/uploads\/2025\/10\/250926-asamblea-idiazabal.jpg","type":"image\/jpeg"}],"author":"Blanca S\u00e1nchez","twitter_card":"summary_large_image","twitter_misc":{"Written by":"Blanca S\u00e1nchez","Est. reading time":"1 minutua"},"schema":{"@context":"https:\/\/schema.org","@graph":[{"@type":"WebPage","@id":"https:\/\/www.uaga.eus\/celebrada-la-asamblea-anual-de-la-do-idiazabal\/","url":"https:\/\/www.uaga.eus\/celebrada-la-asamblea-anual-de-la-do-idiazabal\/","name":"Idiazabal Jatorri Deituraren Urteko Batzarra egin da - UAGA","isPartOf":{"@id":"https:\/\/www.uaga.eus\/#website"},"datePublished":"2025-10-03T11:42:47+00:00","dateModified":"2025-10-03T11:42:47+00:00","author":{"@id":"https:\/\/www.uaga.eus\/#\/schema\/person\/48c3cbf0f33d1b788226dbb6518689cf"},"breadcrumb":{"@id":"https:\/\/www.uaga.eus\/celebrada-la-asamblea-anual-de-la-do-idiazabal\/#breadcrumb"},"inLanguage":"eu","potentialAction":[{"@type":"ReadAction","target":["https:\/\/www.uaga.eus\/celebrada-la-asamblea-anual-de-la-do-idiazabal\/"]}]},{"@type":"BreadcrumbList","@id":"https:\/\/www.uaga.eus\/celebrada-la-asamblea-anual-de-la-do-idiazabal\/#breadcrumb","itemListElement":[{"@type":"ListItem","position":1,"name":"Inicio","item":"https:\/\/www.uaga.eus\/"},{"@type":"ListItem","position":2,"name":"Celebrada la Asamblea Anual de la DO Idiazabal"}]},{"@type":"WebSite","@id":"https:\/\/www.uaga.eus\/#website","url":"https:\/\/www.uaga.eus\/","name":"UAGA","description":"Uni\u00f3n Agroganadera de \u00c1lava - Araba Nekazarien Elkartea","potentialAction":[{"@type":"SearchAction","target":{"@type":"EntryPoint","urlTemplate":"https:\/\/www.uaga.eus\/?s={search_term_string}"},"query-input":"required name=search_term_string"}],"inLanguage":"eu"},{"@type":"Person","@id":"https:\/\/www.uaga.eus\/#\/schema\/person\/48c3cbf0f33d1b788226dbb6518689cf","name":"Blanca S\u00e1nchez","image":{"@type":"ImageObject","inLanguage":"eu","@id":"https:\/\/www.uaga.eus\/#\/schema\/person\/image\/","url":"https:\/\/secure.gravatar.com\/avatar\/0dc91c20648254b1ce84877283f6751b?s=96&d=mm&r=g","contentUrl":"https:\/\/secure.gravatar.com\/avatar\/0dc91c20648254b1ce84877283f6751b?s=96&d=mm&r=g","caption":"Blanca S\u00e1nchez"},"url":"https:\/\/www.uaga.eus\/eu\/author\/bsanchez\/"}]}},"_links":{"self":[{"href":"https:\/\/www.uaga.eus\/eu\/wp-json\/wp\/v2\/posts\/14134"}],"collection":[{"href":"https:\/\/www.uaga.eus\/eu\/wp-json\/wp\/v2\/posts"}],"about":[{"href":"https:\/\/www.uaga.eus\/eu\/wp-json\/wp\/v2\/types\/post"}],"author":[{"embeddable":true,"href":"https:\/\/www.uaga.eus\/eu\/wp-json\/wp\/v2\/users\/4"}],"replies":[{"embeddable":true,"href":"https:\/\/www.uaga.eus\/eu\/wp-json\/wp\/v2\/comments?post=14134"}],"version-history":[{"count":1,"href":"https:\/\/www.uaga.eus\/eu\/wp-json\/wp\/v2\/posts\/14134\/revisions"}],"predecessor-version":[{"id":14135,"href":"https:\/\/www.uaga.eus\/eu\/wp-json\/wp\/v2\/posts\/14134\/revisions\/14135"}],"wp:featuredmedia":[{"embeddable":true,"href":"https:\/\/www.uaga.eus\/eu\/wp-json\/wp\/v2\/media\/14128"}],"wp:attachment":[{"href":"https:\/\/www.uaga.eus\/eu\/wp-json\/wp\/v2\/media?parent=14134"}],"wp:term":[{"taxonomy":"category","embeddable":true,"href":"https:\/\/www.uaga.eus\/eu\/wp-json\/wp\/v2\/categories?post=14134"},{"taxonomy":"post_tag","embeddable":true,"href":"https:\/\/www.uaga.eus\/eu\/wp-json\/wp\/v2\/tags?post=14134"}],"curies":[{"name":"wp","href":"https:\/\/api.w.org\/{rel}","templated":true}]}}