{"id":14132,"date":"2025-10-03T11:41:24","date_gmt":"2025-10-03T11:41:24","guid":{"rendered":"https:\/\/www.uaga.eus\/?p=14132"},"modified":"2025-10-03T11:41:24","modified_gmt":"2025-10-03T11:41:24","slug":"jornada-sobre-la-ley-de-la-cadena-alimentaria","status":"publish","type":"post","link":"https:\/\/www.uaga.eus\/eu\/jornada-sobre-la-ley-de-la-cadena-alimentaria\/","title":{"rendered":"Elikatze Katearen Legeari buruzko jardunaldia"},"content":{"rendered":"<p><span style=\"font-family: arial, helvetica neue, helvetica, sans-serif;\">A finales de septiembre el Gobierno Vasco organiz\u00f3 una jornada on line para explicar en detalle la Ley de la Cadena Alimentaria, c\u00f3mo afecta al sector primario y qu\u00e9 requisitos son de obligado cumplimiento, as\u00ed como las posibles sanciones y denuncias que se puedan realizar.<\/span><\/p>\n<p>En el <a href=\"https:\/\/mcusercontent.com\/498b950ccfc4b8d0e600d7e48\/files\/51e123de-51ae-4484-2c78-122dbb6230ee\/20250924_LEY_CADENA_ALIMENTARIA_WEBINAR_GOBIERNO_VASCO_Puntos_Clave.pdf\" target=\"_blank\" rel=\"noopener\" data-cke-saved-href=\"https:\/\/mcusercontent.com\/498b950ccfc4b8d0e600d7e48\/files\/51e123de-51ae-4484-2c78-122dbb6230ee\/20250924_LEY_CADENA_ALIMENTARIA_WEBINAR_GOBIERNO_VASCO_Puntos_Clave.pdf\">documento adjunto<\/a> puedes acceder a la presentaci\u00f3n realizada por el Gobierno Vasco.<\/p>\n<p>Por su parte, el Basque Food Cluster, que particip\u00f3 en la organizaci\u00f3n de la jornada, va a recopilar dudas que puedan surgir en torno al funcionamiento de esta legislaci\u00f3n y las van a trasladar de forma an\u00f3nima a los equipos t\u00e9cnicos del Gobierno Vasco, de manera que puedan ofrecer una respuesta que despu\u00e9s compartir\u00e1n.\u00a0Por tanto, si tienes alguna duda y quieres resolverla la puedes hacer llegar\u00a0<u><a href=\"https:\/\/odoo.basquefoodcluster.com\/r\/XQh\/m\/63439\" data-bs-original-title=\"\" data-cke-saved-href=\"https:\/\/odoo.basquefoodcluster.com\/r\/XQh\/m\/63439\">aqu\u00ed\u00a0<\/a><\/u>antes del 15 de octubre.<\/p>\n","protected":false},"excerpt":{"rendered":"<p>A finales de septiembre el Gobierno Vasco organiz\u00f3 una jornada on line para explicar en detalle la Ley de la Cadena Alimentaria, c\u00f3mo afecta al sector primario y qu\u00e9 requisitos son de obligado cumplimiento, as\u00ed como las posibles sanciones y denuncias que se puedan realizar. En el documento adjunto puedes acceder a la presentaci\u00f3n realizada [&hellip;]<\/p>\n","protected":false},"author":4,"featured_media":14127,"comment_status":"closed","ping_status":"closed","sticky":false,"template":"","format":"standard","meta":{"footnotes":""},"categories":[7,12,8],"tags":[],"yoast_head":"<!-- This site is optimized with the Yoast SEO plugin v21.5 - https:\/\/yoast.com\/wordpress\/plugins\/seo\/ -->\n<title>Elikatze Katearen Legeari buruzko jardunaldia - UAGA<\/title>\n<meta name=\"robots\" content=\"index, follow, max-snippet:-1, max-image-preview:large, max-video-preview:-1\" \/>\n<link rel=\"canonical\" href=\"https:\/\/www.uaga.eus\/jornada-sobre-la-ley-de-la-cadena-alimentaria\/\" \/>\n<meta property=\"og:locale\" content=\"en_US\" \/>\n<meta property=\"og:type\" content=\"article\" \/>\n<meta property=\"og:title\" content=\"Elikatze Katearen Legeari buruzko jardunaldia - UAGA\" \/>\n<meta property=\"og:description\" content=\"A finales de septiembre el Gobierno Vasco organiz\u00f3 una jornada on line para explicar en detalle la Ley de la Cadena Alimentaria, c\u00f3mo afecta al sector primario y qu\u00e9 requisitos son de obligado cumplimiento, as\u00ed como las posibles sanciones y denuncias que se puedan realizar. En el documento adjunto puedes acceder a la presentaci\u00f3n realizada [&hellip;]\" \/>\n<meta property=\"og:url\" content=\"https:\/\/www.uaga.eus\/jornada-sobre-la-ley-de-la-cadena-alimentaria\/\" \/>\n<meta property=\"og:site_name\" content=\"UAGA\" \/>\n<meta property=\"article:published_time\" content=\"2025-10-03T11:41:24+00:00\" \/>\n<meta property=\"og:image\" content=\"https:\/\/www.uaga.eus\/wp-content\/uploads\/2025\/10\/verduras-en-una-feria.jpg\" \/>\n\t<meta property=\"og:image:width\" content=\"650\" \/>\n\t<meta property=\"og:image:height\" content=\"366\" \/>\n\t<meta property=\"og:image:type\" content=\"image\/jpeg\" \/>\n<meta name=\"author\" content=\"Blanca S\u00e1nchez\" \/>\n<meta name=\"twitter:card\" content=\"summary_large_image\" \/>\n<meta name=\"twitter:label1\" content=\"Written by\" \/>\n\t<meta name=\"twitter:data1\" content=\"Blanca S\u00e1nchez\" \/>\n\t<meta name=\"twitter:label2\" content=\"Est. reading time\" \/>\n\t<meta name=\"twitter:data2\" content=\"1 minutua\" \/>\n<script type=\"application\/ld+json\" class=\"yoast-schema-graph\">{\"@context\":\"https:\/\/schema.org\",\"@graph\":[{\"@type\":\"WebPage\",\"@id\":\"https:\/\/www.uaga.eus\/jornada-sobre-la-ley-de-la-cadena-alimentaria\/\",\"url\":\"https:\/\/www.uaga.eus\/jornada-sobre-la-ley-de-la-cadena-alimentaria\/\",\"name\":\"Elikatze Katearen Legeari buruzko jardunaldia - UAGA\",\"isPartOf\":{\"@id\":\"https:\/\/www.uaga.eus\/#website\"},\"datePublished\":\"2025-10-03T11:41:24+00:00\",\"dateModified\":\"2025-10-03T11:41:24+00:00\",\"author\":{\"@id\":\"https:\/\/www.uaga.eus\/#\/schema\/person\/48c3cbf0f33d1b788226dbb6518689cf\"},\"breadcrumb\":{\"@id\":\"https:\/\/www.uaga.eus\/jornada-sobre-la-ley-de-la-cadena-alimentaria\/#breadcrumb\"},\"inLanguage\":\"eu\",\"potentialAction\":[{\"@type\":\"ReadAction\",\"target\":[\"https:\/\/www.uaga.eus\/jornada-sobre-la-ley-de-la-cadena-alimentaria\/\"]}]},{\"@type\":\"BreadcrumbList\",\"@id\":\"https:\/\/www.uaga.eus\/jornada-sobre-la-ley-de-la-cadena-alimentaria\/#breadcrumb\",\"itemListElement\":[{\"@type\":\"ListItem\",\"position\":1,\"name\":\"Inicio\",\"item\":\"https:\/\/www.uaga.eus\/\"},{\"@type\":\"ListItem\",\"position\":2,\"name\":\"Jornada sobre la Ley de la Cadena Alimentaria\"}]},{\"@type\":\"WebSite\",\"@id\":\"https:\/\/www.uaga.eus\/#website\",\"url\":\"https:\/\/www.uaga.eus\/\",\"name\":\"UAGA\",\"description\":\"Uni\u00f3n Agroganadera de \u00c1lava - Araba Nekazarien Elkartea\",\"potentialAction\":[{\"@type\":\"SearchAction\",\"target\":{\"@type\":\"EntryPoint\",\"urlTemplate\":\"https:\/\/www.uaga.eus\/?s={search_term_string}\"},\"query-input\":\"required name=search_term_string\"}],\"inLanguage\":\"eu\"},{\"@type\":\"Person\",\"@id\":\"https:\/\/www.uaga.eus\/#\/schema\/person\/48c3cbf0f33d1b788226dbb6518689cf\",\"name\":\"Blanca S\u00e1nchez\",\"image\":{\"@type\":\"ImageObject\",\"inLanguage\":\"eu\",\"@id\":\"https:\/\/www.uaga.eus\/#\/schema\/person\/image\/\",\"url\":\"https:\/\/secure.gravatar.com\/avatar\/0dc91c20648254b1ce84877283f6751b?s=96&d=mm&r=g\",\"contentUrl\":\"https:\/\/secure.gravatar.com\/avatar\/0dc91c20648254b1ce84877283f6751b?s=96&d=mm&r=g\",\"caption\":\"Blanca S\u00e1nchez\"},\"url\":\"https:\/\/www.uaga.eus\/eu\/author\/bsanchez\/\"}]}<\/script>\n<!-- \/ Yoast SEO plugin. -->","yoast_head_json":{"title":"Elikatze Katearen Legeari buruzko jardunaldia - UAGA","robots":{"index":"index","follow":"follow","max-snippet":"max-snippet:-1","max-image-preview":"max-image-preview:large","max-video-preview":"max-video-preview:-1"},"canonical":"https:\/\/www.uaga.eus\/jornada-sobre-la-ley-de-la-cadena-alimentaria\/","og_locale":"en_US","og_type":"article","og_title":"Elikatze Katearen Legeari buruzko jardunaldia - UAGA","og_description":"A finales de septiembre el Gobierno Vasco organiz\u00f3 una jornada on line para explicar en detalle la Ley de la Cadena Alimentaria, c\u00f3mo afecta al sector primario y qu\u00e9 requisitos son de obligado cumplimiento, as\u00ed como las posibles sanciones y denuncias que se puedan realizar. En el documento adjunto puedes acceder a la presentaci\u00f3n realizada [&hellip;]","og_url":"https:\/\/www.uaga.eus\/jornada-sobre-la-ley-de-la-cadena-alimentaria\/","og_site_name":"UAGA","article_published_time":"2025-10-03T11:41:24+00:00","og_image":[{"width":650,"height":366,"url":"https:\/\/www.uaga.eus\/wp-content\/uploads\/2025\/10\/verduras-en-una-feria.jpg","type":"image\/jpeg"}],"author":"Blanca S\u00e1nchez","twitter_card":"summary_large_image","twitter_misc":{"Written by":"Blanca S\u00e1nchez","Est. reading time":"1 minutua"},"schema":{"@context":"https:\/\/schema.org","@graph":[{"@type":"WebPage","@id":"https:\/\/www.uaga.eus\/jornada-sobre-la-ley-de-la-cadena-alimentaria\/","url":"https:\/\/www.uaga.eus\/jornada-sobre-la-ley-de-la-cadena-alimentaria\/","name":"Elikatze Katearen Legeari buruzko jardunaldia - UAGA","isPartOf":{"@id":"https:\/\/www.uaga.eus\/#website"},"datePublished":"2025-10-03T11:41:24+00:00","dateModified":"2025-10-03T11:41:24+00:00","author":{"@id":"https:\/\/www.uaga.eus\/#\/schema\/person\/48c3cbf0f33d1b788226dbb6518689cf"},"breadcrumb":{"@id":"https:\/\/www.uaga.eus\/jornada-sobre-la-ley-de-la-cadena-alimentaria\/#breadcrumb"},"inLanguage":"eu","potentialAction":[{"@type":"ReadAction","target":["https:\/\/www.uaga.eus\/jornada-sobre-la-ley-de-la-cadena-alimentaria\/"]}]},{"@type":"BreadcrumbList","@id":"https:\/\/www.uaga.eus\/jornada-sobre-la-ley-de-la-cadena-alimentaria\/#breadcrumb","itemListElement":[{"@type":"ListItem","position":1,"name":"Inicio","item":"https:\/\/www.uaga.eus\/"},{"@type":"ListItem","position":2,"name":"Jornada sobre la Ley de la Cadena Alimentaria"}]},{"@type":"WebSite","@id":"https:\/\/www.uaga.eus\/#website","url":"https:\/\/www.uaga.eus\/","name":"UAGA","description":"Uni\u00f3n Agroganadera de \u00c1lava - Araba Nekazarien Elkartea","potentialAction":[{"@type":"SearchAction","target":{"@type":"EntryPoint","urlTemplate":"https:\/\/www.uaga.eus\/?s={search_term_string}"},"query-input":"required name=search_term_string"}],"inLanguage":"eu"},{"@type":"Person","@id":"https:\/\/www.uaga.eus\/#\/schema\/person\/48c3cbf0f33d1b788226dbb6518689cf","name":"Blanca S\u00e1nchez","image":{"@type":"ImageObject","inLanguage":"eu","@id":"https:\/\/www.uaga.eus\/#\/schema\/person\/image\/","url":"https:\/\/secure.gravatar.com\/avatar\/0dc91c20648254b1ce84877283f6751b?s=96&d=mm&r=g","contentUrl":"https:\/\/secure.gravatar.com\/avatar\/0dc91c20648254b1ce84877283f6751b?s=96&d=mm&r=g","caption":"Blanca S\u00e1nchez"},"url":"https:\/\/www.uaga.eus\/eu\/author\/bsanchez\/"}]}},"_links":{"self":[{"href":"https:\/\/www.uaga.eus\/eu\/wp-json\/wp\/v2\/posts\/14132"}],"collection":[{"href":"https:\/\/www.uaga.eus\/eu\/wp-json\/wp\/v2\/posts"}],"about":[{"href":"https:\/\/www.uaga.eus\/eu\/wp-json\/wp\/v2\/types\/post"}],"author":[{"embeddable":true,"href":"https:\/\/www.uaga.eus\/eu\/wp-json\/wp\/v2\/users\/4"}],"replies":[{"embeddable":true,"href":"https:\/\/www.uaga.eus\/eu\/wp-json\/wp\/v2\/comments?post=14132"}],"version-history":[{"count":1,"href":"https:\/\/www.uaga.eus\/eu\/wp-json\/wp\/v2\/posts\/14132\/revisions"}],"predecessor-version":[{"id":14133,"href":"https:\/\/www.uaga.eus\/eu\/wp-json\/wp\/v2\/posts\/14132\/revisions\/14133"}],"wp:featuredmedia":[{"embeddable":true,"href":"https:\/\/www.uaga.eus\/eu\/wp-json\/wp\/v2\/media\/14127"}],"wp:attachment":[{"href":"https:\/\/www.uaga.eus\/eu\/wp-json\/wp\/v2\/media?parent=14132"}],"wp:term":[{"taxonomy":"category","embeddable":true,"href":"https:\/\/www.uaga.eus\/eu\/wp-json\/wp\/v2\/categories?post=14132"},{"taxonomy":"post_tag","embeddable":true,"href":"https:\/\/www.uaga.eus\/eu\/wp-json\/wp\/v2\/tags?post=14132"}],"curies":[{"name":"wp","href":"https:\/\/api.w.org\/{rel}","templated":true}]}}