{"id":14027,"date":"2025-10-06T11:00:53","date_gmt":"2025-10-06T11:00:53","guid":{"rendered":"https:\/\/www.uaga.eus\/?p=14027"},"modified":"2025-10-07T10:24:00","modified_gmt":"2025-10-07T10:24:00","slug":"14-y-15-de-octubre-jornadas-de-ganaderia-regenerativa-y-pastoreo-racional-en-ganado-mayor-y-menor","status":"publish","type":"post","link":"https:\/\/www.uaga.eus\/eu\/14-y-15-de-octubre-jornadas-de-ganaderia-regenerativa-y-pastoreo-racional-en-ganado-mayor-y-menor\/","title":{"rendered":"14 y 15 de octubre, jornadas de Ganader\u00eda regenerativa y pastoreo racional en ganado mayor y menor"},"content":{"rendered":"<p>Natuaraba, junto con UAGA,\u00a0ha\u00a0organizado para el mes de octubre unas jornadas de ganader\u00eda regenerativa de la mano de Bruno Vasquetto, experto en la materia. El 14 de octubre la jornada se desarrollar\u00e1 en la Monta\u00f1a Alavesa, mientras que el 15 se trasladar\u00e1 a Navarra (Uharte Arakil)<\/p>\n<p>Puedes ver el programa en el <a href=\"https:\/\/mcusercontent.com\/498b950ccfc4b8d0e600d7e48\/images\/6495e8f6-847c-a5e8-730f-9e17849fd9f8.jpg\" target=\"_blank\" rel=\"noopener\" data-cke-saved-href=\"https:\/\/mcusercontent.com\/498b950ccfc4b8d0e600d7e48\/images\/6495e8f6-847c-a5e8-730f-9e17849fd9f8.jpg\">cartel <\/a>adjunto. El precio de las jornadas es de 160 euros para dos d\u00edas y 90 para uno de ellos, reduci\u00e9ndose a 120 y 70 euros respectivamente para explotaciones afiliadas\u00a0a UAGA y socios de Natuaraba. Si est\u00e1s interesado en participar, puedes inscribirte en el tel\u00e9fono 669 767 107 o en el correo natuaraba@gmail.com<\/p>\n","protected":false},"excerpt":{"rendered":"<p>Natuaraba, junto con UAGA,\u00a0ha\u00a0organizado para el mes de octubre unas jornadas de ganader\u00eda regenerativa de la mano de Bruno Vasquetto, experto en la materia. El 14 de octubre la jornada se desarrollar\u00e1 en la Monta\u00f1a Alavesa, mientras que el 15 se trasladar\u00e1 a Navarra (Uharte Arakil) Puedes ver el programa en el cartel adjunto. El [&hellip;]<\/p>\n","protected":false},"author":4,"featured_media":14028,"comment_status":"closed","ping_status":"closed","sticky":false,"template":"","format":"standard","meta":{"footnotes":""},"categories":[66,8],"tags":[],"yoast_head":"<!-- This site is optimized with the Yoast SEO plugin v21.5 - https:\/\/yoast.com\/wordpress\/plugins\/seo\/ -->\n<title>14 y 15 de octubre, jornadas de Ganader\u00eda regenerativa y pastoreo racional en ganado mayor y menor - UAGA<\/title>\n<meta name=\"robots\" content=\"index, follow, max-snippet:-1, max-image-preview:large, max-video-preview:-1\" \/>\n<link rel=\"canonical\" href=\"https:\/\/www.uaga.eus\/14-y-15-de-octubre-jornadas-de-ganaderia-regenerativa-y-pastoreo-racional-en-ganado-mayor-y-menor\/\" \/>\n<meta property=\"og:locale\" content=\"en_US\" \/>\n<meta property=\"og:type\" content=\"article\" \/>\n<meta property=\"og:title\" content=\"14 y 15 de octubre, jornadas de Ganader\u00eda regenerativa y pastoreo racional en ganado mayor y menor - UAGA\" \/>\n<meta property=\"og:description\" content=\"Natuaraba, junto con UAGA,\u00a0ha\u00a0organizado para el mes de octubre unas jornadas de ganader\u00eda regenerativa de la mano de Bruno Vasquetto, experto en la materia. El 14 de octubre la jornada se desarrollar\u00e1 en la Monta\u00f1a Alavesa, mientras que el 15 se trasladar\u00e1 a Navarra (Uharte Arakil) Puedes ver el programa en el cartel adjunto. El [&hellip;]\" \/>\n<meta property=\"og:url\" content=\"https:\/\/www.uaga.eus\/14-y-15-de-octubre-jornadas-de-ganaderia-regenerativa-y-pastoreo-racional-en-ganado-mayor-y-menor\/\" \/>\n<meta property=\"og:site_name\" content=\"UAGA\" \/>\n<meta property=\"article:published_time\" content=\"2025-10-06T11:00:53+00:00\" \/>\n<meta property=\"article:modified_time\" content=\"2025-10-07T10:24:00+00:00\" \/>\n<meta property=\"og:image\" content=\"https:\/\/www.uaga.eus\/wp-content\/uploads\/2025\/09\/recorte-cartel-curso-ganaderia-regenerativa-sept25.jpg\" \/>\n\t<meta property=\"og:image:width\" content=\"650\" \/>\n\t<meta property=\"og:image:height\" content=\"203\" \/>\n\t<meta property=\"og:image:type\" content=\"image\/jpeg\" \/>\n<meta name=\"author\" content=\"Blanca S\u00e1nchez\" \/>\n<meta name=\"twitter:card\" content=\"summary_large_image\" \/>\n<meta name=\"twitter:label1\" content=\"Written by\" \/>\n\t<meta name=\"twitter:data1\" content=\"Blanca S\u00e1nchez\" \/>\n\t<meta name=\"twitter:label2\" content=\"Est. reading time\" \/>\n\t<meta name=\"twitter:data2\" content=\"1 minutua\" \/>\n<script type=\"application\/ld+json\" class=\"yoast-schema-graph\">{\"@context\":\"https:\/\/schema.org\",\"@graph\":[{\"@type\":\"WebPage\",\"@id\":\"https:\/\/www.uaga.eus\/14-y-15-de-octubre-jornadas-de-ganaderia-regenerativa-y-pastoreo-racional-en-ganado-mayor-y-menor\/\",\"url\":\"https:\/\/www.uaga.eus\/14-y-15-de-octubre-jornadas-de-ganaderia-regenerativa-y-pastoreo-racional-en-ganado-mayor-y-menor\/\",\"name\":\"14 y 15 de octubre, jornadas de Ganader\u00eda regenerativa y pastoreo racional en ganado mayor y menor - UAGA\",\"isPartOf\":{\"@id\":\"https:\/\/www.uaga.eus\/#website\"},\"datePublished\":\"2025-10-06T11:00:53+00:00\",\"dateModified\":\"2025-10-07T10:24:00+00:00\",\"author\":{\"@id\":\"https:\/\/www.uaga.eus\/#\/schema\/person\/48c3cbf0f33d1b788226dbb6518689cf\"},\"breadcrumb\":{\"@id\":\"https:\/\/www.uaga.eus\/14-y-15-de-octubre-jornadas-de-ganaderia-regenerativa-y-pastoreo-racional-en-ganado-mayor-y-menor\/#breadcrumb\"},\"inLanguage\":\"eu\",\"potentialAction\":[{\"@type\":\"ReadAction\",\"target\":[\"https:\/\/www.uaga.eus\/14-y-15-de-octubre-jornadas-de-ganaderia-regenerativa-y-pastoreo-racional-en-ganado-mayor-y-menor\/\"]}]},{\"@type\":\"BreadcrumbList\",\"@id\":\"https:\/\/www.uaga.eus\/14-y-15-de-octubre-jornadas-de-ganaderia-regenerativa-y-pastoreo-racional-en-ganado-mayor-y-menor\/#breadcrumb\",\"itemListElement\":[{\"@type\":\"ListItem\",\"position\":1,\"name\":\"Inicio\",\"item\":\"https:\/\/www.uaga.eus\/\"},{\"@type\":\"ListItem\",\"position\":2,\"name\":\"14 y 15 de octubre, jornadas de Ganader\u00eda regenerativa y pastoreo racional en ganado mayor y menor\"}]},{\"@type\":\"WebSite\",\"@id\":\"https:\/\/www.uaga.eus\/#website\",\"url\":\"https:\/\/www.uaga.eus\/\",\"name\":\"UAGA\",\"description\":\"Uni\u00f3n Agroganadera de \u00c1lava - Araba Nekazarien Elkartea\",\"potentialAction\":[{\"@type\":\"SearchAction\",\"target\":{\"@type\":\"EntryPoint\",\"urlTemplate\":\"https:\/\/www.uaga.eus\/?s={search_term_string}\"},\"query-input\":\"required name=search_term_string\"}],\"inLanguage\":\"eu\"},{\"@type\":\"Person\",\"@id\":\"https:\/\/www.uaga.eus\/#\/schema\/person\/48c3cbf0f33d1b788226dbb6518689cf\",\"name\":\"Blanca S\u00e1nchez\",\"image\":{\"@type\":\"ImageObject\",\"inLanguage\":\"eu\",\"@id\":\"https:\/\/www.uaga.eus\/#\/schema\/person\/image\/\",\"url\":\"https:\/\/secure.gravatar.com\/avatar\/0dc91c20648254b1ce84877283f6751b?s=96&d=mm&r=g\",\"contentUrl\":\"https:\/\/secure.gravatar.com\/avatar\/0dc91c20648254b1ce84877283f6751b?s=96&d=mm&r=g\",\"caption\":\"Blanca S\u00e1nchez\"},\"url\":\"https:\/\/www.uaga.eus\/eu\/author\/bsanchez\/\"}]}<\/script>\n<!-- \/ Yoast SEO plugin. -->","yoast_head_json":{"title":"14 y 15 de octubre, jornadas de Ganader\u00eda regenerativa y pastoreo racional en ganado mayor y menor - UAGA","robots":{"index":"index","follow":"follow","max-snippet":"max-snippet:-1","max-image-preview":"max-image-preview:large","max-video-preview":"max-video-preview:-1"},"canonical":"https:\/\/www.uaga.eus\/14-y-15-de-octubre-jornadas-de-ganaderia-regenerativa-y-pastoreo-racional-en-ganado-mayor-y-menor\/","og_locale":"en_US","og_type":"article","og_title":"14 y 15 de octubre, jornadas de Ganader\u00eda regenerativa y pastoreo racional en ganado mayor y menor - UAGA","og_description":"Natuaraba, junto con UAGA,\u00a0ha\u00a0organizado para el mes de octubre unas jornadas de ganader\u00eda regenerativa de la mano de Bruno Vasquetto, experto en la materia. El 14 de octubre la jornada se desarrollar\u00e1 en la Monta\u00f1a Alavesa, mientras que el 15 se trasladar\u00e1 a Navarra (Uharte Arakil) Puedes ver el programa en el cartel adjunto. El [&hellip;]","og_url":"https:\/\/www.uaga.eus\/14-y-15-de-octubre-jornadas-de-ganaderia-regenerativa-y-pastoreo-racional-en-ganado-mayor-y-menor\/","og_site_name":"UAGA","article_published_time":"2025-10-06T11:00:53+00:00","article_modified_time":"2025-10-07T10:24:00+00:00","og_image":[{"width":650,"height":203,"url":"https:\/\/www.uaga.eus\/wp-content\/uploads\/2025\/09\/recorte-cartel-curso-ganaderia-regenerativa-sept25.jpg","type":"image\/jpeg"}],"author":"Blanca S\u00e1nchez","twitter_card":"summary_large_image","twitter_misc":{"Written by":"Blanca S\u00e1nchez","Est. reading time":"1 minutua"},"schema":{"@context":"https:\/\/schema.org","@graph":[{"@type":"WebPage","@id":"https:\/\/www.uaga.eus\/14-y-15-de-octubre-jornadas-de-ganaderia-regenerativa-y-pastoreo-racional-en-ganado-mayor-y-menor\/","url":"https:\/\/www.uaga.eus\/14-y-15-de-octubre-jornadas-de-ganaderia-regenerativa-y-pastoreo-racional-en-ganado-mayor-y-menor\/","name":"14 y 15 de octubre, jornadas de Ganader\u00eda regenerativa y pastoreo racional en ganado mayor y menor - UAGA","isPartOf":{"@id":"https:\/\/www.uaga.eus\/#website"},"datePublished":"2025-10-06T11:00:53+00:00","dateModified":"2025-10-07T10:24:00+00:00","author":{"@id":"https:\/\/www.uaga.eus\/#\/schema\/person\/48c3cbf0f33d1b788226dbb6518689cf"},"breadcrumb":{"@id":"https:\/\/www.uaga.eus\/14-y-15-de-octubre-jornadas-de-ganaderia-regenerativa-y-pastoreo-racional-en-ganado-mayor-y-menor\/#breadcrumb"},"inLanguage":"eu","potentialAction":[{"@type":"ReadAction","target":["https:\/\/www.uaga.eus\/14-y-15-de-octubre-jornadas-de-ganaderia-regenerativa-y-pastoreo-racional-en-ganado-mayor-y-menor\/"]}]},{"@type":"BreadcrumbList","@id":"https:\/\/www.uaga.eus\/14-y-15-de-octubre-jornadas-de-ganaderia-regenerativa-y-pastoreo-racional-en-ganado-mayor-y-menor\/#breadcrumb","itemListElement":[{"@type":"ListItem","position":1,"name":"Inicio","item":"https:\/\/www.uaga.eus\/"},{"@type":"ListItem","position":2,"name":"14 y 15 de octubre, jornadas de Ganader\u00eda regenerativa y pastoreo racional en ganado mayor y menor"}]},{"@type":"WebSite","@id":"https:\/\/www.uaga.eus\/#website","url":"https:\/\/www.uaga.eus\/","name":"UAGA","description":"Uni\u00f3n Agroganadera de \u00c1lava - Araba Nekazarien Elkartea","potentialAction":[{"@type":"SearchAction","target":{"@type":"EntryPoint","urlTemplate":"https:\/\/www.uaga.eus\/?s={search_term_string}"},"query-input":"required name=search_term_string"}],"inLanguage":"eu"},{"@type":"Person","@id":"https:\/\/www.uaga.eus\/#\/schema\/person\/48c3cbf0f33d1b788226dbb6518689cf","name":"Blanca S\u00e1nchez","image":{"@type":"ImageObject","inLanguage":"eu","@id":"https:\/\/www.uaga.eus\/#\/schema\/person\/image\/","url":"https:\/\/secure.gravatar.com\/avatar\/0dc91c20648254b1ce84877283f6751b?s=96&d=mm&r=g","contentUrl":"https:\/\/secure.gravatar.com\/avatar\/0dc91c20648254b1ce84877283f6751b?s=96&d=mm&r=g","caption":"Blanca S\u00e1nchez"},"url":"https:\/\/www.uaga.eus\/eu\/author\/bsanchez\/"}]}},"_links":{"self":[{"href":"https:\/\/www.uaga.eus\/eu\/wp-json\/wp\/v2\/posts\/14027"}],"collection":[{"href":"https:\/\/www.uaga.eus\/eu\/wp-json\/wp\/v2\/posts"}],"about":[{"href":"https:\/\/www.uaga.eus\/eu\/wp-json\/wp\/v2\/types\/post"}],"author":[{"embeddable":true,"href":"https:\/\/www.uaga.eus\/eu\/wp-json\/wp\/v2\/users\/4"}],"replies":[{"embeddable":true,"href":"https:\/\/www.uaga.eus\/eu\/wp-json\/wp\/v2\/comments?post=14027"}],"version-history":[{"count":1,"href":"https:\/\/www.uaga.eus\/eu\/wp-json\/wp\/v2\/posts\/14027\/revisions"}],"predecessor-version":[{"id":14029,"href":"https:\/\/www.uaga.eus\/eu\/wp-json\/wp\/v2\/posts\/14027\/revisions\/14029"}],"wp:featuredmedia":[{"embeddable":true,"href":"https:\/\/www.uaga.eus\/eu\/wp-json\/wp\/v2\/media\/14028"}],"wp:attachment":[{"href":"https:\/\/www.uaga.eus\/eu\/wp-json\/wp\/v2\/media?parent=14027"}],"wp:term":[{"taxonomy":"category","embeddable":true,"href":"https:\/\/www.uaga.eus\/eu\/wp-json\/wp\/v2\/categories?post=14027"},{"taxonomy":"post_tag","embeddable":true,"href":"https:\/\/www.uaga.eus\/eu\/wp-json\/wp\/v2\/tags?post=14027"}],"curies":[{"name":"wp","href":"https:\/\/api.w.org\/{rel}","templated":true}]}}