{"id":13970,"date":"2025-07-18T11:31:50","date_gmt":"2025-07-18T11:31:50","guid":{"rendered":"https:\/\/www.uaga.eus\/?p=13970"},"modified":"2025-07-18T11:31:50","modified_gmt":"2025-07-18T11:31:50","slug":"acercate-al-stand-de-uaga-en-la-feria-de-santiago","status":"publish","type":"post","link":"https:\/\/www.uaga.eus\/eu\/acercate-al-stand-de-uaga-en-la-feria-de-santiago\/","title":{"rendered":"Ac\u00e9rcate al stand de UAGA en la Feria de Santiago"},"content":{"rendered":"<p>El pr\u00f3ximo viernes, 25 de julio, se celebrar\u00e1 en Vitoria la tradicional feria ganadera de Santiago. Un a\u00f1o m\u00e1s, UAGA tendr\u00e1 un puesto en la feria que este a\u00f1o quiere poner en valor el trabajo agrario para fomentar el relevo generacional en el campo.<\/p>\n<p>Contaremos con un original &#8220;photocall&#8221; donde todas las personas asistentes podr\u00e1n mostrar su <a href=\"https:\/\/mcusercontent.com\/498b950ccfc4b8d0e600d7e48\/images\/22c77942-ec54-5a44-faa1-b58fa2a30252.png\" target=\"_blank\" rel=\"noopener\" data-cke-saved-href=\"https:\/\/mcusercontent.com\/498b950ccfc4b8d0e600d7e48\/images\/22c77942-ec54-5a44-faa1-b58fa2a30252.png\">apoyo al sector agroganadero<\/a>. Compartiendo sus fotos en redes sociales con las etiquetas\u00a0 #AlavaConElCampo, #ArabaBaserritarrekin, #AlimentandoElFuturo, #EtorkizunaElikatzen, se podr\u00e1\u00a0participar en un sorteo de una visita a una explotaci\u00f3n agropecuaria.<\/p>\n<p>Os esperamos el pr\u00f3ximo viernes en la feria!!<\/p>\n","protected":false},"excerpt":{"rendered":"<p>El pr\u00f3ximo viernes, 25 de julio, se celebrar\u00e1 en Vitoria la tradicional feria ganadera de Santiago. Un a\u00f1o m\u00e1s, UAGA tendr\u00e1 un puesto en la feria que este a\u00f1o quiere poner en valor el trabajo agrario para fomentar el relevo generacional en el campo. Contaremos con un original &#8220;photocall&#8221; donde todas las personas asistentes podr\u00e1n [&hellip;]<\/p>\n","protected":false},"author":4,"featured_media":13971,"comment_status":"closed","ping_status":"closed","sticky":false,"template":"","format":"standard","meta":{"footnotes":""},"categories":[3],"tags":[],"yoast_head":"<!-- This site is optimized with the Yoast SEO plugin v21.5 - https:\/\/yoast.com\/wordpress\/plugins\/seo\/ -->\n<title>Ac\u00e9rcate al stand de UAGA en la Feria de Santiago - UAGA<\/title>\n<meta name=\"robots\" content=\"index, follow, max-snippet:-1, max-image-preview:large, max-video-preview:-1\" \/>\n<link rel=\"canonical\" href=\"https:\/\/www.uaga.eus\/acercate-al-stand-de-uaga-en-la-feria-de-santiago\/\" \/>\n<meta property=\"og:locale\" content=\"en_US\" \/>\n<meta property=\"og:type\" content=\"article\" \/>\n<meta property=\"og:title\" content=\"Ac\u00e9rcate al stand de UAGA en la Feria de Santiago - UAGA\" \/>\n<meta property=\"og:description\" content=\"El pr\u00f3ximo viernes, 25 de julio, se celebrar\u00e1 en Vitoria la tradicional feria ganadera de Santiago. Un a\u00f1o m\u00e1s, UAGA tendr\u00e1 un puesto en la feria que este a\u00f1o quiere poner en valor el trabajo agrario para fomentar el relevo generacional en el campo. Contaremos con un original &#8220;photocall&#8221; donde todas las personas asistentes podr\u00e1n [&hellip;]\" \/>\n<meta property=\"og:url\" content=\"https:\/\/www.uaga.eus\/acercate-al-stand-de-uaga-en-la-feria-de-santiago\/\" \/>\n<meta property=\"og:site_name\" content=\"UAGA\" \/>\n<meta property=\"article:published_time\" content=\"2025-07-18T11:31:50+00:00\" \/>\n<meta property=\"og:image\" content=\"https:\/\/www.uaga.eus\/wp-content\/uploads\/2025\/07\/recorte-feria-santiago-2025.png\" \/>\n\t<meta property=\"og:image:width\" content=\"650\" \/>\n\t<meta property=\"og:image:height\" content=\"366\" \/>\n\t<meta property=\"og:image:type\" content=\"image\/png\" \/>\n<meta name=\"author\" content=\"Blanca S\u00e1nchez\" \/>\n<meta name=\"twitter:card\" content=\"summary_large_image\" \/>\n<meta name=\"twitter:label1\" content=\"Written by\" \/>\n\t<meta name=\"twitter:data1\" content=\"Blanca S\u00e1nchez\" \/>\n\t<meta name=\"twitter:label2\" content=\"Est. reading time\" \/>\n\t<meta name=\"twitter:data2\" content=\"1 minutua\" \/>\n<script type=\"application\/ld+json\" class=\"yoast-schema-graph\">{\"@context\":\"https:\/\/schema.org\",\"@graph\":[{\"@type\":\"WebPage\",\"@id\":\"https:\/\/www.uaga.eus\/acercate-al-stand-de-uaga-en-la-feria-de-santiago\/\",\"url\":\"https:\/\/www.uaga.eus\/acercate-al-stand-de-uaga-en-la-feria-de-santiago\/\",\"name\":\"Ac\u00e9rcate al stand de UAGA en la Feria de Santiago - UAGA\",\"isPartOf\":{\"@id\":\"https:\/\/www.uaga.eus\/#website\"},\"datePublished\":\"2025-07-18T11:31:50+00:00\",\"dateModified\":\"2025-07-18T11:31:50+00:00\",\"author\":{\"@id\":\"https:\/\/www.uaga.eus\/#\/schema\/person\/48c3cbf0f33d1b788226dbb6518689cf\"},\"breadcrumb\":{\"@id\":\"https:\/\/www.uaga.eus\/acercate-al-stand-de-uaga-en-la-feria-de-santiago\/#breadcrumb\"},\"inLanguage\":\"eu\",\"potentialAction\":[{\"@type\":\"ReadAction\",\"target\":[\"https:\/\/www.uaga.eus\/acercate-al-stand-de-uaga-en-la-feria-de-santiago\/\"]}]},{\"@type\":\"BreadcrumbList\",\"@id\":\"https:\/\/www.uaga.eus\/acercate-al-stand-de-uaga-en-la-feria-de-santiago\/#breadcrumb\",\"itemListElement\":[{\"@type\":\"ListItem\",\"position\":1,\"name\":\"Inicio\",\"item\":\"https:\/\/www.uaga.eus\/\"},{\"@type\":\"ListItem\",\"position\":2,\"name\":\"Ac\u00e9rcate al stand de UAGA en la Feria de Santiago\"}]},{\"@type\":\"WebSite\",\"@id\":\"https:\/\/www.uaga.eus\/#website\",\"url\":\"https:\/\/www.uaga.eus\/\",\"name\":\"UAGA\",\"description\":\"Uni\u00f3n Agroganadera de \u00c1lava - Araba Nekazarien Elkartea\",\"potentialAction\":[{\"@type\":\"SearchAction\",\"target\":{\"@type\":\"EntryPoint\",\"urlTemplate\":\"https:\/\/www.uaga.eus\/?s={search_term_string}\"},\"query-input\":\"required name=search_term_string\"}],\"inLanguage\":\"eu\"},{\"@type\":\"Person\",\"@id\":\"https:\/\/www.uaga.eus\/#\/schema\/person\/48c3cbf0f33d1b788226dbb6518689cf\",\"name\":\"Blanca S\u00e1nchez\",\"image\":{\"@type\":\"ImageObject\",\"inLanguage\":\"eu\",\"@id\":\"https:\/\/www.uaga.eus\/#\/schema\/person\/image\/\",\"url\":\"https:\/\/secure.gravatar.com\/avatar\/0dc91c20648254b1ce84877283f6751b?s=96&d=mm&r=g\",\"contentUrl\":\"https:\/\/secure.gravatar.com\/avatar\/0dc91c20648254b1ce84877283f6751b?s=96&d=mm&r=g\",\"caption\":\"Blanca S\u00e1nchez\"},\"url\":\"https:\/\/www.uaga.eus\/eu\/author\/bsanchez\/\"}]}<\/script>\n<!-- \/ Yoast SEO plugin. -->","yoast_head_json":{"title":"Ac\u00e9rcate al stand de UAGA en la Feria de Santiago - UAGA","robots":{"index":"index","follow":"follow","max-snippet":"max-snippet:-1","max-image-preview":"max-image-preview:large","max-video-preview":"max-video-preview:-1"},"canonical":"https:\/\/www.uaga.eus\/acercate-al-stand-de-uaga-en-la-feria-de-santiago\/","og_locale":"en_US","og_type":"article","og_title":"Ac\u00e9rcate al stand de UAGA en la Feria de Santiago - UAGA","og_description":"El pr\u00f3ximo viernes, 25 de julio, se celebrar\u00e1 en Vitoria la tradicional feria ganadera de Santiago. Un a\u00f1o m\u00e1s, UAGA tendr\u00e1 un puesto en la feria que este a\u00f1o quiere poner en valor el trabajo agrario para fomentar el relevo generacional en el campo. Contaremos con un original &#8220;photocall&#8221; donde todas las personas asistentes podr\u00e1n [&hellip;]","og_url":"https:\/\/www.uaga.eus\/acercate-al-stand-de-uaga-en-la-feria-de-santiago\/","og_site_name":"UAGA","article_published_time":"2025-07-18T11:31:50+00:00","og_image":[{"width":650,"height":366,"url":"https:\/\/www.uaga.eus\/wp-content\/uploads\/2025\/07\/recorte-feria-santiago-2025.png","type":"image\/png"}],"author":"Blanca S\u00e1nchez","twitter_card":"summary_large_image","twitter_misc":{"Written by":"Blanca S\u00e1nchez","Est. reading time":"1 minutua"},"schema":{"@context":"https:\/\/schema.org","@graph":[{"@type":"WebPage","@id":"https:\/\/www.uaga.eus\/acercate-al-stand-de-uaga-en-la-feria-de-santiago\/","url":"https:\/\/www.uaga.eus\/acercate-al-stand-de-uaga-en-la-feria-de-santiago\/","name":"Ac\u00e9rcate al stand de UAGA en la Feria de Santiago - UAGA","isPartOf":{"@id":"https:\/\/www.uaga.eus\/#website"},"datePublished":"2025-07-18T11:31:50+00:00","dateModified":"2025-07-18T11:31:50+00:00","author":{"@id":"https:\/\/www.uaga.eus\/#\/schema\/person\/48c3cbf0f33d1b788226dbb6518689cf"},"breadcrumb":{"@id":"https:\/\/www.uaga.eus\/acercate-al-stand-de-uaga-en-la-feria-de-santiago\/#breadcrumb"},"inLanguage":"eu","potentialAction":[{"@type":"ReadAction","target":["https:\/\/www.uaga.eus\/acercate-al-stand-de-uaga-en-la-feria-de-santiago\/"]}]},{"@type":"BreadcrumbList","@id":"https:\/\/www.uaga.eus\/acercate-al-stand-de-uaga-en-la-feria-de-santiago\/#breadcrumb","itemListElement":[{"@type":"ListItem","position":1,"name":"Inicio","item":"https:\/\/www.uaga.eus\/"},{"@type":"ListItem","position":2,"name":"Ac\u00e9rcate al stand de UAGA en la Feria de Santiago"}]},{"@type":"WebSite","@id":"https:\/\/www.uaga.eus\/#website","url":"https:\/\/www.uaga.eus\/","name":"UAGA","description":"Uni\u00f3n Agroganadera de \u00c1lava - Araba Nekazarien Elkartea","potentialAction":[{"@type":"SearchAction","target":{"@type":"EntryPoint","urlTemplate":"https:\/\/www.uaga.eus\/?s={search_term_string}"},"query-input":"required name=search_term_string"}],"inLanguage":"eu"},{"@type":"Person","@id":"https:\/\/www.uaga.eus\/#\/schema\/person\/48c3cbf0f33d1b788226dbb6518689cf","name":"Blanca S\u00e1nchez","image":{"@type":"ImageObject","inLanguage":"eu","@id":"https:\/\/www.uaga.eus\/#\/schema\/person\/image\/","url":"https:\/\/secure.gravatar.com\/avatar\/0dc91c20648254b1ce84877283f6751b?s=96&d=mm&r=g","contentUrl":"https:\/\/secure.gravatar.com\/avatar\/0dc91c20648254b1ce84877283f6751b?s=96&d=mm&r=g","caption":"Blanca S\u00e1nchez"},"url":"https:\/\/www.uaga.eus\/eu\/author\/bsanchez\/"}]}},"_links":{"self":[{"href":"https:\/\/www.uaga.eus\/eu\/wp-json\/wp\/v2\/posts\/13970"}],"collection":[{"href":"https:\/\/www.uaga.eus\/eu\/wp-json\/wp\/v2\/posts"}],"about":[{"href":"https:\/\/www.uaga.eus\/eu\/wp-json\/wp\/v2\/types\/post"}],"author":[{"embeddable":true,"href":"https:\/\/www.uaga.eus\/eu\/wp-json\/wp\/v2\/users\/4"}],"replies":[{"embeddable":true,"href":"https:\/\/www.uaga.eus\/eu\/wp-json\/wp\/v2\/comments?post=13970"}],"version-history":[{"count":1,"href":"https:\/\/www.uaga.eus\/eu\/wp-json\/wp\/v2\/posts\/13970\/revisions"}],"predecessor-version":[{"id":13972,"href":"https:\/\/www.uaga.eus\/eu\/wp-json\/wp\/v2\/posts\/13970\/revisions\/13972"}],"wp:featuredmedia":[{"embeddable":true,"href":"https:\/\/www.uaga.eus\/eu\/wp-json\/wp\/v2\/media\/13971"}],"wp:attachment":[{"href":"https:\/\/www.uaga.eus\/eu\/wp-json\/wp\/v2\/media?parent=13970"}],"wp:term":[{"taxonomy":"category","embeddable":true,"href":"https:\/\/www.uaga.eus\/eu\/wp-json\/wp\/v2\/categories?post=13970"},{"taxonomy":"post_tag","embeddable":true,"href":"https:\/\/www.uaga.eus\/eu\/wp-json\/wp\/v2\/tags?post=13970"}],"curies":[{"name":"wp","href":"https:\/\/api.w.org\/{rel}","templated":true}]}}