{"id":13960,"date":"2025-07-11T11:16:37","date_gmt":"2025-07-11T11:16:37","guid":{"rendered":"https:\/\/www.uaga.eus\/?p=13960"},"modified":"2025-07-11T11:16:37","modified_gmt":"2025-07-11T11:16:37","slug":"hasta-el-10-de-agosto-ayudas-para-el-fomento-de-proyectos-contra-la-polilla-del-racimo-en-el-vinedo-alaves","status":"publish","type":"post","link":"https:\/\/www.uaga.eus\/eu\/hasta-el-10-de-agosto-ayudas-para-el-fomento-de-proyectos-contra-la-polilla-del-racimo-en-el-vinedo-alaves\/","title":{"rendered":"Hasta el 10 de agosto, ayudas para el fomento de proyectos contra la polilla del racimo en el vi\u00f1edo alav\u00e9s"},"content":{"rendered":"<p>La Diputaci\u00f3n Foral de \u00c1lava ha publicado esta semana el<a href=\"https:\/\/www.araba.eus\/botha\/Boletines\/2025\/077\/2025_077_02062_C.pdf\" data-cke-saved-href=\"https:\/\/www.araba.eus\/botha\/Boletines\/2025\/077\/2025_077_02062_C.pdf\"> Decreto por el que se establecen las bases de la ayuda para desarrollar la estrategia de lucha contra la polilla del racimo <\/a>mediante la aplicaci\u00f3n de t\u00e9cnicas de confusi\u00f3n sexual en vi\u00f1edo.<\/p>\n<p>El objeto y finalidad de estas ayudas es <strong>fomentar proyectos colaborativos de aplicaci\u00f3n de esta t\u00e9cnica en \u00c1lava<\/strong> con el fin de impulsar el desarrollo de la misma y generar sinergias entre diferentes actores para que se extienda por el territorio.<br \/>\n<strong>El plazo de solicitud ser\u00e1 del 15 de julio al 10 de agosto, ambos inclusive.\u00a0<\/strong><\/p>\n<p>Se establece un importe m\u00e1ximo por beneficiario de 2.500 euros. Teniendo en cuenta que el importe subvencionable es mayor para proyectos colaborativos que para solicitudes individuales, toda persona interesada en esta ayuda o en el control biol\u00f3gico de Polilla del Racimo (Lobesia Botrana) puede ponerse en contacto con Gabriel, t\u00e9cnico de AGA, ya que la cooperativa puede realizar la labor de \u201cGestor del Proyecto\u201d.<\/p>\n<p>Tienes m\u00e1s informaci\u00f3n en el siguiente <a href=\"https:\/\/egoitza.araba.eus\/es\/-\/solicitar-ayuda-polilla-vinedos\" data-cke-saved-href=\"https:\/\/egoitza.araba.eus\/es\/-\/solicitar-ayuda-polilla-vinedos\">enlace<\/a>.<\/p>\n<p>+INFO GABRIEL: 676 510 112<\/p>\n","protected":false},"excerpt":{"rendered":"<p>La Diputaci\u00f3n Foral de \u00c1lava ha publicado esta semana el Decreto por el que se establecen las bases de la ayuda para desarrollar la estrategia de lucha contra la polilla del racimo mediante la aplicaci\u00f3n de t\u00e9cnicas de confusi\u00f3n sexual en vi\u00f1edo. El objeto y finalidad de estas ayudas es fomentar proyectos colaborativos de aplicaci\u00f3n [&hellip;]<\/p>\n","protected":false},"author":4,"featured_media":4204,"comment_status":"closed","ping_status":"closed","sticky":false,"template":"","format":"standard","meta":{"footnotes":""},"categories":[7,5],"tags":[],"yoast_head":"<!-- This site is optimized with the Yoast SEO plugin v21.5 - https:\/\/yoast.com\/wordpress\/plugins\/seo\/ -->\n<title>Hasta el 10 de agosto, ayudas para el fomento de proyectos contra la polilla del racimo en el vi\u00f1edo alav\u00e9s - UAGA<\/title>\n<meta name=\"robots\" content=\"index, follow, max-snippet:-1, max-image-preview:large, max-video-preview:-1\" \/>\n<link rel=\"canonical\" href=\"https:\/\/www.uaga.eus\/hasta-el-10-de-agosto-ayudas-para-el-fomento-de-proyectos-contra-la-polilla-del-racimo-en-el-vinedo-alaves\/\" \/>\n<meta property=\"og:locale\" content=\"en_US\" \/>\n<meta property=\"og:type\" content=\"article\" \/>\n<meta property=\"og:title\" content=\"Hasta el 10 de agosto, ayudas para el fomento de proyectos contra la polilla del racimo en el vi\u00f1edo alav\u00e9s - UAGA\" \/>\n<meta property=\"og:description\" content=\"La Diputaci\u00f3n Foral de \u00c1lava ha publicado esta semana el Decreto por el que se establecen las bases de la ayuda para desarrollar la estrategia de lucha contra la polilla del racimo mediante la aplicaci\u00f3n de t\u00e9cnicas de confusi\u00f3n sexual en vi\u00f1edo. El objeto y finalidad de estas ayudas es fomentar proyectos colaborativos de aplicaci\u00f3n [&hellip;]\" \/>\n<meta property=\"og:url\" content=\"https:\/\/www.uaga.eus\/hasta-el-10-de-agosto-ayudas-para-el-fomento-de-proyectos-contra-la-polilla-del-racimo-en-el-vinedo-alaves\/\" \/>\n<meta property=\"og:site_name\" content=\"UAGA\" \/>\n<meta property=\"article:published_time\" content=\"2025-07-11T11:16:37+00:00\" \/>\n<meta property=\"og:image\" content=\"https:\/\/www.uaga.eus\/wp-content\/uploads\/2018\/09\/polilla-del-racimo_4.jpg\" \/>\n\t<meta property=\"og:image:width\" content=\"600\" \/>\n\t<meta property=\"og:image:height\" content=\"392\" \/>\n\t<meta property=\"og:image:type\" content=\"image\/jpeg\" \/>\n<meta name=\"author\" content=\"Blanca S\u00e1nchez\" \/>\n<meta name=\"twitter:card\" content=\"summary_large_image\" \/>\n<meta name=\"twitter:label1\" content=\"Written by\" \/>\n\t<meta name=\"twitter:data1\" content=\"Blanca S\u00e1nchez\" \/>\n\t<meta name=\"twitter:label2\" content=\"Est. reading time\" \/>\n\t<meta name=\"twitter:data2\" content=\"1 minutua\" \/>\n<script type=\"application\/ld+json\" class=\"yoast-schema-graph\">{\"@context\":\"https:\/\/schema.org\",\"@graph\":[{\"@type\":\"WebPage\",\"@id\":\"https:\/\/www.uaga.eus\/hasta-el-10-de-agosto-ayudas-para-el-fomento-de-proyectos-contra-la-polilla-del-racimo-en-el-vinedo-alaves\/\",\"url\":\"https:\/\/www.uaga.eus\/hasta-el-10-de-agosto-ayudas-para-el-fomento-de-proyectos-contra-la-polilla-del-racimo-en-el-vinedo-alaves\/\",\"name\":\"Hasta el 10 de agosto, ayudas para el fomento de proyectos contra la polilla del racimo en el vi\u00f1edo alav\u00e9s - UAGA\",\"isPartOf\":{\"@id\":\"https:\/\/www.uaga.eus\/#website\"},\"datePublished\":\"2025-07-11T11:16:37+00:00\",\"dateModified\":\"2025-07-11T11:16:37+00:00\",\"author\":{\"@id\":\"https:\/\/www.uaga.eus\/#\/schema\/person\/48c3cbf0f33d1b788226dbb6518689cf\"},\"breadcrumb\":{\"@id\":\"https:\/\/www.uaga.eus\/hasta-el-10-de-agosto-ayudas-para-el-fomento-de-proyectos-contra-la-polilla-del-racimo-en-el-vinedo-alaves\/#breadcrumb\"},\"inLanguage\":\"eu\",\"potentialAction\":[{\"@type\":\"ReadAction\",\"target\":[\"https:\/\/www.uaga.eus\/hasta-el-10-de-agosto-ayudas-para-el-fomento-de-proyectos-contra-la-polilla-del-racimo-en-el-vinedo-alaves\/\"]}]},{\"@type\":\"BreadcrumbList\",\"@id\":\"https:\/\/www.uaga.eus\/hasta-el-10-de-agosto-ayudas-para-el-fomento-de-proyectos-contra-la-polilla-del-racimo-en-el-vinedo-alaves\/#breadcrumb\",\"itemListElement\":[{\"@type\":\"ListItem\",\"position\":1,\"name\":\"Inicio\",\"item\":\"https:\/\/www.uaga.eus\/\"},{\"@type\":\"ListItem\",\"position\":2,\"name\":\"Hasta el 10 de agosto, ayudas para el fomento de proyectos contra la polilla del racimo en el vi\u00f1edo alav\u00e9s\"}]},{\"@type\":\"WebSite\",\"@id\":\"https:\/\/www.uaga.eus\/#website\",\"url\":\"https:\/\/www.uaga.eus\/\",\"name\":\"UAGA\",\"description\":\"Uni\u00f3n Agroganadera de \u00c1lava - Araba Nekazarien Elkartea\",\"potentialAction\":[{\"@type\":\"SearchAction\",\"target\":{\"@type\":\"EntryPoint\",\"urlTemplate\":\"https:\/\/www.uaga.eus\/?s={search_term_string}\"},\"query-input\":\"required name=search_term_string\"}],\"inLanguage\":\"eu\"},{\"@type\":\"Person\",\"@id\":\"https:\/\/www.uaga.eus\/#\/schema\/person\/48c3cbf0f33d1b788226dbb6518689cf\",\"name\":\"Blanca S\u00e1nchez\",\"image\":{\"@type\":\"ImageObject\",\"inLanguage\":\"eu\",\"@id\":\"https:\/\/www.uaga.eus\/#\/schema\/person\/image\/\",\"url\":\"https:\/\/secure.gravatar.com\/avatar\/0dc91c20648254b1ce84877283f6751b?s=96&d=mm&r=g\",\"contentUrl\":\"https:\/\/secure.gravatar.com\/avatar\/0dc91c20648254b1ce84877283f6751b?s=96&d=mm&r=g\",\"caption\":\"Blanca S\u00e1nchez\"},\"url\":\"https:\/\/www.uaga.eus\/eu\/author\/bsanchez\/\"}]}<\/script>\n<!-- \/ Yoast SEO plugin. -->","yoast_head_json":{"title":"Hasta el 10 de agosto, ayudas para el fomento de proyectos contra la polilla del racimo en el vi\u00f1edo alav\u00e9s - UAGA","robots":{"index":"index","follow":"follow","max-snippet":"max-snippet:-1","max-image-preview":"max-image-preview:large","max-video-preview":"max-video-preview:-1"},"canonical":"https:\/\/www.uaga.eus\/hasta-el-10-de-agosto-ayudas-para-el-fomento-de-proyectos-contra-la-polilla-del-racimo-en-el-vinedo-alaves\/","og_locale":"en_US","og_type":"article","og_title":"Hasta el 10 de agosto, ayudas para el fomento de proyectos contra la polilla del racimo en el vi\u00f1edo alav\u00e9s - UAGA","og_description":"La Diputaci\u00f3n Foral de \u00c1lava ha publicado esta semana el Decreto por el que se establecen las bases de la ayuda para desarrollar la estrategia de lucha contra la polilla del racimo mediante la aplicaci\u00f3n de t\u00e9cnicas de confusi\u00f3n sexual en vi\u00f1edo. El objeto y finalidad de estas ayudas es fomentar proyectos colaborativos de aplicaci\u00f3n [&hellip;]","og_url":"https:\/\/www.uaga.eus\/hasta-el-10-de-agosto-ayudas-para-el-fomento-de-proyectos-contra-la-polilla-del-racimo-en-el-vinedo-alaves\/","og_site_name":"UAGA","article_published_time":"2025-07-11T11:16:37+00:00","og_image":[{"width":600,"height":392,"url":"https:\/\/www.uaga.eus\/wp-content\/uploads\/2018\/09\/polilla-del-racimo_4.jpg","type":"image\/jpeg"}],"author":"Blanca S\u00e1nchez","twitter_card":"summary_large_image","twitter_misc":{"Written by":"Blanca S\u00e1nchez","Est. reading time":"1 minutua"},"schema":{"@context":"https:\/\/schema.org","@graph":[{"@type":"WebPage","@id":"https:\/\/www.uaga.eus\/hasta-el-10-de-agosto-ayudas-para-el-fomento-de-proyectos-contra-la-polilla-del-racimo-en-el-vinedo-alaves\/","url":"https:\/\/www.uaga.eus\/hasta-el-10-de-agosto-ayudas-para-el-fomento-de-proyectos-contra-la-polilla-del-racimo-en-el-vinedo-alaves\/","name":"Hasta el 10 de agosto, ayudas para el fomento de proyectos contra la polilla del racimo en el vi\u00f1edo alav\u00e9s - UAGA","isPartOf":{"@id":"https:\/\/www.uaga.eus\/#website"},"datePublished":"2025-07-11T11:16:37+00:00","dateModified":"2025-07-11T11:16:37+00:00","author":{"@id":"https:\/\/www.uaga.eus\/#\/schema\/person\/48c3cbf0f33d1b788226dbb6518689cf"},"breadcrumb":{"@id":"https:\/\/www.uaga.eus\/hasta-el-10-de-agosto-ayudas-para-el-fomento-de-proyectos-contra-la-polilla-del-racimo-en-el-vinedo-alaves\/#breadcrumb"},"inLanguage":"eu","potentialAction":[{"@type":"ReadAction","target":["https:\/\/www.uaga.eus\/hasta-el-10-de-agosto-ayudas-para-el-fomento-de-proyectos-contra-la-polilla-del-racimo-en-el-vinedo-alaves\/"]}]},{"@type":"BreadcrumbList","@id":"https:\/\/www.uaga.eus\/hasta-el-10-de-agosto-ayudas-para-el-fomento-de-proyectos-contra-la-polilla-del-racimo-en-el-vinedo-alaves\/#breadcrumb","itemListElement":[{"@type":"ListItem","position":1,"name":"Inicio","item":"https:\/\/www.uaga.eus\/"},{"@type":"ListItem","position":2,"name":"Hasta el 10 de agosto, ayudas para el fomento de proyectos contra la polilla del racimo en el vi\u00f1edo alav\u00e9s"}]},{"@type":"WebSite","@id":"https:\/\/www.uaga.eus\/#website","url":"https:\/\/www.uaga.eus\/","name":"UAGA","description":"Uni\u00f3n Agroganadera de \u00c1lava - Araba Nekazarien Elkartea","potentialAction":[{"@type":"SearchAction","target":{"@type":"EntryPoint","urlTemplate":"https:\/\/www.uaga.eus\/?s={search_term_string}"},"query-input":"required name=search_term_string"}],"inLanguage":"eu"},{"@type":"Person","@id":"https:\/\/www.uaga.eus\/#\/schema\/person\/48c3cbf0f33d1b788226dbb6518689cf","name":"Blanca S\u00e1nchez","image":{"@type":"ImageObject","inLanguage":"eu","@id":"https:\/\/www.uaga.eus\/#\/schema\/person\/image\/","url":"https:\/\/secure.gravatar.com\/avatar\/0dc91c20648254b1ce84877283f6751b?s=96&d=mm&r=g","contentUrl":"https:\/\/secure.gravatar.com\/avatar\/0dc91c20648254b1ce84877283f6751b?s=96&d=mm&r=g","caption":"Blanca S\u00e1nchez"},"url":"https:\/\/www.uaga.eus\/eu\/author\/bsanchez\/"}]}},"_links":{"self":[{"href":"https:\/\/www.uaga.eus\/eu\/wp-json\/wp\/v2\/posts\/13960"}],"collection":[{"href":"https:\/\/www.uaga.eus\/eu\/wp-json\/wp\/v2\/posts"}],"about":[{"href":"https:\/\/www.uaga.eus\/eu\/wp-json\/wp\/v2\/types\/post"}],"author":[{"embeddable":true,"href":"https:\/\/www.uaga.eus\/eu\/wp-json\/wp\/v2\/users\/4"}],"replies":[{"embeddable":true,"href":"https:\/\/www.uaga.eus\/eu\/wp-json\/wp\/v2\/comments?post=13960"}],"version-history":[{"count":1,"href":"https:\/\/www.uaga.eus\/eu\/wp-json\/wp\/v2\/posts\/13960\/revisions"}],"predecessor-version":[{"id":13961,"href":"https:\/\/www.uaga.eus\/eu\/wp-json\/wp\/v2\/posts\/13960\/revisions\/13961"}],"wp:featuredmedia":[{"embeddable":true,"href":"https:\/\/www.uaga.eus\/eu\/wp-json\/wp\/v2\/media\/4204"}],"wp:attachment":[{"href":"https:\/\/www.uaga.eus\/eu\/wp-json\/wp\/v2\/media?parent=13960"}],"wp:term":[{"taxonomy":"category","embeddable":true,"href":"https:\/\/www.uaga.eus\/eu\/wp-json\/wp\/v2\/categories?post=13960"},{"taxonomy":"post_tag","embeddable":true,"href":"https:\/\/www.uaga.eus\/eu\/wp-json\/wp\/v2\/tags?post=13960"}],"curies":[{"name":"wp","href":"https:\/\/api.w.org\/{rel}","templated":true}]}}