{"id":13958,"date":"2025-07-11T11:13:47","date_gmt":"2025-07-11T11:13:47","guid":{"rendered":"https:\/\/www.uaga.eus\/?p=13958"},"modified":"2025-07-11T11:15:57","modified_gmt":"2025-07-11T11:15:57","slug":"coag-pide-al-gobierno-que-inicie-el-procedimiento-para-que-agricultores-y-ganaderos-autonomos-puedan-acogerse-a-la-jubilacion-anticipada","status":"publish","type":"post","link":"https:\/\/www.uaga.eus\/eu\/coag-pide-al-gobierno-que-inicie-el-procedimiento-para-que-agricultores-y-ganaderos-autonomos-puedan-acogerse-a-la-jubilacion-anticipada\/","title":{"rendered":"COAG pide al Gobierno que inicie el procedimiento para que agricultores y ganaderos aut\u00f3nomos puedan acogerse a la jubilaci\u00f3n anticipada"},"content":{"rendered":"<p>La Coordinadora de Organizaciones de Agricultores y Ganaderos (COAG) y la Uni\u00f3n de Asociaciones de Trabajadores Aut\u00f3nomos y Emprendedores (UATAE), han solicitado esta semana formalmente al Ministerio de Inclusi\u00f3n, Seguridad Social y Migraciones el inicio del procedimiento para permitir la jubilaci\u00f3n anticipada de los agricultores y ganaderos aut\u00f3nomos por la alta siniestralidad y el car\u00e1cter penoso de la actividad, tal y como contempla el nuevo Real Decreto 402\/2025, de 27 de mayo.<\/p>\n<p>COAG ha documentado de forma rigurosa las condiciones de riesgo que justifican esta petici\u00f3n. \u201cNo es una cuesti\u00f3n de privilegios, sino de justicia social. El campo envejece jug\u00e1ndose la vida. La elevada siniestralidad, las enfermedades profesionales, y las dur\u00edsimas condiciones laborales hacen insostenible alargar la vida laboral de nuestros hombres y mujeres del campo hasta los 67 a\u00f1os. Pedimos que un agricultor que sea vea obligado a prejubilarse lo pueda hacer manteniendo el 100% de los derechos y prestaciones como si dejara la actividad a la edad legal establecida\u201d, ha\u00a0afirmado Miguel Padilla, Secretario General de COAG.<\/p>\n<p>Puedes consultar la nota de prensa <a href=\"https:\/\/coag.org\/post\/coag-y-uatae-reclaman-al-gobierno-que-inicie-el-procedimiento-para-que-agriculto-491360\" target=\"_blank\" rel=\"noopener\" data-cke-saved-href=\"https:\/\/coag.org\/post\/coag-y-uatae-reclaman-al-gobierno-que-inicie-el-procedimiento-para-que-agriculto-491360\">aqu\u00ed<\/a>.<\/p>\n","protected":false},"excerpt":{"rendered":"<p>La Coordinadora de Organizaciones de Agricultores y Ganaderos (COAG) y la Uni\u00f3n de Asociaciones de Trabajadores Aut\u00f3nomos y Emprendedores (UATAE), han solicitado esta semana formalmente al Ministerio de Inclusi\u00f3n, Seguridad Social y Migraciones el inicio del procedimiento para permitir la jubilaci\u00f3n anticipada de los agricultores y ganaderos aut\u00f3nomos por la alta siniestralidad y el car\u00e1cter [&hellip;]<\/p>\n","protected":false},"author":4,"featured_media":13939,"comment_status":"closed","ping_status":"closed","sticky":false,"template":"","format":"standard","meta":{"footnotes":""},"categories":[38,3],"tags":[],"yoast_head":"<!-- This site is optimized with the Yoast SEO plugin v21.5 - https:\/\/yoast.com\/wordpress\/plugins\/seo\/ -->\n<title>COAG pide al Gobierno que inicie el procedimiento para que agricultores y ganaderos aut\u00f3nomos puedan acogerse a la jubilaci\u00f3n anticipada - UAGA<\/title>\n<meta name=\"robots\" content=\"index, follow, max-snippet:-1, max-image-preview:large, max-video-preview:-1\" \/>\n<link rel=\"canonical\" href=\"https:\/\/www.uaga.eus\/coag-pide-al-gobierno-que-inicie-el-procedimiento-para-que-agricultores-y-ganaderos-autonomos-puedan-acogerse-a-la-jubilacion-anticipada\/\" \/>\n<meta property=\"og:locale\" content=\"en_US\" \/>\n<meta property=\"og:type\" content=\"article\" \/>\n<meta property=\"og:title\" content=\"COAG pide al Gobierno que inicie el procedimiento para que agricultores y ganaderos aut\u00f3nomos puedan acogerse a la jubilaci\u00f3n anticipada - UAGA\" \/>\n<meta property=\"og:description\" content=\"La Coordinadora de Organizaciones de Agricultores y Ganaderos (COAG) y la Uni\u00f3n de Asociaciones de Trabajadores Aut\u00f3nomos y Emprendedores (UATAE), han solicitado esta semana formalmente al Ministerio de Inclusi\u00f3n, Seguridad Social y Migraciones el inicio del procedimiento para permitir la jubilaci\u00f3n anticipada de los agricultores y ganaderos aut\u00f3nomos por la alta siniestralidad y el car\u00e1cter [&hellip;]\" \/>\n<meta property=\"og:url\" content=\"https:\/\/www.uaga.eus\/coag-pide-al-gobierno-que-inicie-el-procedimiento-para-que-agricultores-y-ganaderos-autonomos-puedan-acogerse-a-la-jubilacion-anticipada\/\" \/>\n<meta property=\"og:site_name\" content=\"UAGA\" \/>\n<meta property=\"article:published_time\" content=\"2025-07-11T11:13:47+00:00\" \/>\n<meta property=\"article:modified_time\" content=\"2025-07-11T11:15:57+00:00\" \/>\n<meta property=\"og:image\" content=\"https:\/\/www.uaga.eus\/wp-content\/uploads\/2025\/07\/trabajando.png\" \/>\n\t<meta property=\"og:image:width\" content=\"650\" \/>\n\t<meta property=\"og:image:height\" content=\"363\" \/>\n\t<meta property=\"og:image:type\" content=\"image\/png\" \/>\n<meta name=\"author\" content=\"Blanca S\u00e1nchez\" \/>\n<meta name=\"twitter:card\" content=\"summary_large_image\" \/>\n<meta name=\"twitter:label1\" content=\"Written by\" \/>\n\t<meta name=\"twitter:data1\" content=\"Blanca S\u00e1nchez\" \/>\n\t<meta name=\"twitter:label2\" content=\"Est. reading time\" \/>\n\t<meta name=\"twitter:data2\" content=\"1 minutua\" \/>\n<script type=\"application\/ld+json\" class=\"yoast-schema-graph\">{\"@context\":\"https:\/\/schema.org\",\"@graph\":[{\"@type\":\"WebPage\",\"@id\":\"https:\/\/www.uaga.eus\/coag-pide-al-gobierno-que-inicie-el-procedimiento-para-que-agricultores-y-ganaderos-autonomos-puedan-acogerse-a-la-jubilacion-anticipada\/\",\"url\":\"https:\/\/www.uaga.eus\/coag-pide-al-gobierno-que-inicie-el-procedimiento-para-que-agricultores-y-ganaderos-autonomos-puedan-acogerse-a-la-jubilacion-anticipada\/\",\"name\":\"COAG pide al Gobierno que inicie el procedimiento para que agricultores y ganaderos aut\u00f3nomos puedan acogerse a la jubilaci\u00f3n anticipada - UAGA\",\"isPartOf\":{\"@id\":\"https:\/\/www.uaga.eus\/#website\"},\"datePublished\":\"2025-07-11T11:13:47+00:00\",\"dateModified\":\"2025-07-11T11:15:57+00:00\",\"author\":{\"@id\":\"https:\/\/www.uaga.eus\/#\/schema\/person\/48c3cbf0f33d1b788226dbb6518689cf\"},\"breadcrumb\":{\"@id\":\"https:\/\/www.uaga.eus\/coag-pide-al-gobierno-que-inicie-el-procedimiento-para-que-agricultores-y-ganaderos-autonomos-puedan-acogerse-a-la-jubilacion-anticipada\/#breadcrumb\"},\"inLanguage\":\"eu\",\"potentialAction\":[{\"@type\":\"ReadAction\",\"target\":[\"https:\/\/www.uaga.eus\/coag-pide-al-gobierno-que-inicie-el-procedimiento-para-que-agricultores-y-ganaderos-autonomos-puedan-acogerse-a-la-jubilacion-anticipada\/\"]}]},{\"@type\":\"BreadcrumbList\",\"@id\":\"https:\/\/www.uaga.eus\/coag-pide-al-gobierno-que-inicie-el-procedimiento-para-que-agricultores-y-ganaderos-autonomos-puedan-acogerse-a-la-jubilacion-anticipada\/#breadcrumb\",\"itemListElement\":[{\"@type\":\"ListItem\",\"position\":1,\"name\":\"Inicio\",\"item\":\"https:\/\/www.uaga.eus\/\"},{\"@type\":\"ListItem\",\"position\":2,\"name\":\"COAG pide al Gobierno que inicie el procedimiento para que agricultores y ganaderos aut\u00f3nomos puedan acogerse a la jubilaci\u00f3n anticipada\"}]},{\"@type\":\"WebSite\",\"@id\":\"https:\/\/www.uaga.eus\/#website\",\"url\":\"https:\/\/www.uaga.eus\/\",\"name\":\"UAGA\",\"description\":\"Uni\u00f3n Agroganadera de \u00c1lava - Araba Nekazarien Elkartea\",\"potentialAction\":[{\"@type\":\"SearchAction\",\"target\":{\"@type\":\"EntryPoint\",\"urlTemplate\":\"https:\/\/www.uaga.eus\/?s={search_term_string}\"},\"query-input\":\"required name=search_term_string\"}],\"inLanguage\":\"eu\"},{\"@type\":\"Person\",\"@id\":\"https:\/\/www.uaga.eus\/#\/schema\/person\/48c3cbf0f33d1b788226dbb6518689cf\",\"name\":\"Blanca S\u00e1nchez\",\"image\":{\"@type\":\"ImageObject\",\"inLanguage\":\"eu\",\"@id\":\"https:\/\/www.uaga.eus\/#\/schema\/person\/image\/\",\"url\":\"https:\/\/secure.gravatar.com\/avatar\/0dc91c20648254b1ce84877283f6751b?s=96&d=mm&r=g\",\"contentUrl\":\"https:\/\/secure.gravatar.com\/avatar\/0dc91c20648254b1ce84877283f6751b?s=96&d=mm&r=g\",\"caption\":\"Blanca S\u00e1nchez\"},\"url\":\"https:\/\/www.uaga.eus\/eu\/author\/bsanchez\/\"}]}<\/script>\n<!-- \/ Yoast SEO plugin. -->","yoast_head_json":{"title":"COAG pide al Gobierno que inicie el procedimiento para que agricultores y ganaderos aut\u00f3nomos puedan acogerse a la jubilaci\u00f3n anticipada - UAGA","robots":{"index":"index","follow":"follow","max-snippet":"max-snippet:-1","max-image-preview":"max-image-preview:large","max-video-preview":"max-video-preview:-1"},"canonical":"https:\/\/www.uaga.eus\/coag-pide-al-gobierno-que-inicie-el-procedimiento-para-que-agricultores-y-ganaderos-autonomos-puedan-acogerse-a-la-jubilacion-anticipada\/","og_locale":"en_US","og_type":"article","og_title":"COAG pide al Gobierno que inicie el procedimiento para que agricultores y ganaderos aut\u00f3nomos puedan acogerse a la jubilaci\u00f3n anticipada - UAGA","og_description":"La Coordinadora de Organizaciones de Agricultores y Ganaderos (COAG) y la Uni\u00f3n de Asociaciones de Trabajadores Aut\u00f3nomos y Emprendedores (UATAE), han solicitado esta semana formalmente al Ministerio de Inclusi\u00f3n, Seguridad Social y Migraciones el inicio del procedimiento para permitir la jubilaci\u00f3n anticipada de los agricultores y ganaderos aut\u00f3nomos por la alta siniestralidad y el car\u00e1cter [&hellip;]","og_url":"https:\/\/www.uaga.eus\/coag-pide-al-gobierno-que-inicie-el-procedimiento-para-que-agricultores-y-ganaderos-autonomos-puedan-acogerse-a-la-jubilacion-anticipada\/","og_site_name":"UAGA","article_published_time":"2025-07-11T11:13:47+00:00","article_modified_time":"2025-07-11T11:15:57+00:00","og_image":[{"width":650,"height":363,"url":"https:\/\/www.uaga.eus\/wp-content\/uploads\/2025\/07\/trabajando.png","type":"image\/png"}],"author":"Blanca S\u00e1nchez","twitter_card":"summary_large_image","twitter_misc":{"Written by":"Blanca S\u00e1nchez","Est. reading time":"1 minutua"},"schema":{"@context":"https:\/\/schema.org","@graph":[{"@type":"WebPage","@id":"https:\/\/www.uaga.eus\/coag-pide-al-gobierno-que-inicie-el-procedimiento-para-que-agricultores-y-ganaderos-autonomos-puedan-acogerse-a-la-jubilacion-anticipada\/","url":"https:\/\/www.uaga.eus\/coag-pide-al-gobierno-que-inicie-el-procedimiento-para-que-agricultores-y-ganaderos-autonomos-puedan-acogerse-a-la-jubilacion-anticipada\/","name":"COAG pide al Gobierno que inicie el procedimiento para que agricultores y ganaderos aut\u00f3nomos puedan acogerse a la jubilaci\u00f3n anticipada - UAGA","isPartOf":{"@id":"https:\/\/www.uaga.eus\/#website"},"datePublished":"2025-07-11T11:13:47+00:00","dateModified":"2025-07-11T11:15:57+00:00","author":{"@id":"https:\/\/www.uaga.eus\/#\/schema\/person\/48c3cbf0f33d1b788226dbb6518689cf"},"breadcrumb":{"@id":"https:\/\/www.uaga.eus\/coag-pide-al-gobierno-que-inicie-el-procedimiento-para-que-agricultores-y-ganaderos-autonomos-puedan-acogerse-a-la-jubilacion-anticipada\/#breadcrumb"},"inLanguage":"eu","potentialAction":[{"@type":"ReadAction","target":["https:\/\/www.uaga.eus\/coag-pide-al-gobierno-que-inicie-el-procedimiento-para-que-agricultores-y-ganaderos-autonomos-puedan-acogerse-a-la-jubilacion-anticipada\/"]}]},{"@type":"BreadcrumbList","@id":"https:\/\/www.uaga.eus\/coag-pide-al-gobierno-que-inicie-el-procedimiento-para-que-agricultores-y-ganaderos-autonomos-puedan-acogerse-a-la-jubilacion-anticipada\/#breadcrumb","itemListElement":[{"@type":"ListItem","position":1,"name":"Inicio","item":"https:\/\/www.uaga.eus\/"},{"@type":"ListItem","position":2,"name":"COAG pide al Gobierno que inicie el procedimiento para que agricultores y ganaderos aut\u00f3nomos puedan acogerse a la jubilaci\u00f3n anticipada"}]},{"@type":"WebSite","@id":"https:\/\/www.uaga.eus\/#website","url":"https:\/\/www.uaga.eus\/","name":"UAGA","description":"Uni\u00f3n Agroganadera de \u00c1lava - Araba Nekazarien Elkartea","potentialAction":[{"@type":"SearchAction","target":{"@type":"EntryPoint","urlTemplate":"https:\/\/www.uaga.eus\/?s={search_term_string}"},"query-input":"required name=search_term_string"}],"inLanguage":"eu"},{"@type":"Person","@id":"https:\/\/www.uaga.eus\/#\/schema\/person\/48c3cbf0f33d1b788226dbb6518689cf","name":"Blanca S\u00e1nchez","image":{"@type":"ImageObject","inLanguage":"eu","@id":"https:\/\/www.uaga.eus\/#\/schema\/person\/image\/","url":"https:\/\/secure.gravatar.com\/avatar\/0dc91c20648254b1ce84877283f6751b?s=96&d=mm&r=g","contentUrl":"https:\/\/secure.gravatar.com\/avatar\/0dc91c20648254b1ce84877283f6751b?s=96&d=mm&r=g","caption":"Blanca S\u00e1nchez"},"url":"https:\/\/www.uaga.eus\/eu\/author\/bsanchez\/"}]}},"_links":{"self":[{"href":"https:\/\/www.uaga.eus\/eu\/wp-json\/wp\/v2\/posts\/13958"}],"collection":[{"href":"https:\/\/www.uaga.eus\/eu\/wp-json\/wp\/v2\/posts"}],"about":[{"href":"https:\/\/www.uaga.eus\/eu\/wp-json\/wp\/v2\/types\/post"}],"author":[{"embeddable":true,"href":"https:\/\/www.uaga.eus\/eu\/wp-json\/wp\/v2\/users\/4"}],"replies":[{"embeddable":true,"href":"https:\/\/www.uaga.eus\/eu\/wp-json\/wp\/v2\/comments?post=13958"}],"version-history":[{"count":1,"href":"https:\/\/www.uaga.eus\/eu\/wp-json\/wp\/v2\/posts\/13958\/revisions"}],"predecessor-version":[{"id":13959,"href":"https:\/\/www.uaga.eus\/eu\/wp-json\/wp\/v2\/posts\/13958\/revisions\/13959"}],"wp:featuredmedia":[{"embeddable":true,"href":"https:\/\/www.uaga.eus\/eu\/wp-json\/wp\/v2\/media\/13939"}],"wp:attachment":[{"href":"https:\/\/www.uaga.eus\/eu\/wp-json\/wp\/v2\/media?parent=13958"}],"wp:term":[{"taxonomy":"category","embeddable":true,"href":"https:\/\/www.uaga.eus\/eu\/wp-json\/wp\/v2\/categories?post=13958"},{"taxonomy":"post_tag","embeddable":true,"href":"https:\/\/www.uaga.eus\/eu\/wp-json\/wp\/v2\/tags?post=13958"}],"curies":[{"name":"wp","href":"https:\/\/api.w.org\/{rel}","templated":true}]}}