{"id":13930,"date":"2025-07-04T11:30:51","date_gmt":"2025-07-04T11:30:51","guid":{"rendered":"https:\/\/www.uaga.eus\/?p=13930"},"modified":"2025-07-04T11:30:51","modified_gmt":"2025-07-04T11:30:51","slug":"la-reunion-preparatoria-de-la-campana-de-temporerismo-para-patata-labores-agrarias-y-txakoli-sera-el-11-de-julio","status":"publish","type":"post","link":"https:\/\/www.uaga.eus\/eu\/la-reunion-preparatoria-de-la-campana-de-temporerismo-para-patata-labores-agrarias-y-txakoli-sera-el-11-de-julio\/","title":{"rendered":"La reuni\u00f3n preparatoria de la campa\u00f1a de temporerismo para patata, labores agrarias y txakoli ser\u00e1 el 11 de julio"},"content":{"rendered":"<p>El pr\u00f3ximo <strong>viernes 11 de julio, a las 8.30h en las oficinas de UAGA en Vitoria-Gasteiz<\/strong> tendr\u00e1 lugar la reuni\u00f3n de preparaci\u00f3n de la campa\u00f1a de recogida de patata y labores agr\u00edcolas, para<strong> informar de las novedades en cuanto a la contrataci\u00f3n de personas temporeras.<\/strong><\/p>\n<p>En la reuni\u00f3n se tratar\u00e1n las novedades en la contrataci\u00f3n, se acordar\u00e1 el salario de las personas temporeras para esta campa\u00f1a, se indicar\u00e1 el compromiso de participaci\u00f3n en el programa de temporerismo que debe ser firmado por los agricultores y se informar\u00e1 de las diferencias de contrataci\u00f3n en el caso de recogida a m\u00e1quina o a destajo en la campa\u00f1a de patata.<\/p>\n<p>La previsi\u00f3n es poder disponer de personal profesional alojado en el albergue de Agurain como el a\u00f1o pasado, para lo cual es estrictamente necesario conocer las necesidades de las explotaciones interesadas en contratar a trav\u00e9s del programa de temporerismo.<\/p>\n<p>Si est\u00e1s interesado en participar, llama a la oficina de Vitoria-Gasteiz para que te apunten y as\u00ed poder contar contigo en la reuni\u00f3n.<\/p>\n<p>+INFO NADIA: 615 779 583<\/p>\n","protected":false},"excerpt":{"rendered":"<p>El pr\u00f3ximo viernes 11 de julio, a las 8.30h en las oficinas de UAGA en Vitoria-Gasteiz tendr\u00e1 lugar la reuni\u00f3n de preparaci\u00f3n de la campa\u00f1a de recogida de patata y labores agr\u00edcolas, para informar de las novedades en cuanto a la contrataci\u00f3n de personas temporeras. En la reuni\u00f3n se tratar\u00e1n las novedades en la contrataci\u00f3n, [&hellip;]<\/p>\n","protected":false},"author":4,"featured_media":13912,"comment_status":"closed","ping_status":"closed","sticky":false,"template":"","format":"standard","meta":{"footnotes":""},"categories":[9],"tags":[],"yoast_head":"<!-- This site is optimized with the Yoast SEO plugin v21.5 - https:\/\/yoast.com\/wordpress\/plugins\/seo\/ -->\n<title>La reuni\u00f3n preparatoria de la campa\u00f1a de temporerismo para patata, labores agrarias y txakoli ser\u00e1 el 11 de julio - UAGA<\/title>\n<meta name=\"robots\" content=\"index, follow, max-snippet:-1, max-image-preview:large, max-video-preview:-1\" \/>\n<link rel=\"canonical\" href=\"https:\/\/www.uaga.eus\/la-reunion-preparatoria-de-la-campana-de-temporerismo-para-patata-labores-agrarias-y-txakoli-sera-el-11-de-julio\/\" \/>\n<meta property=\"og:locale\" content=\"en_US\" \/>\n<meta property=\"og:type\" content=\"article\" \/>\n<meta property=\"og:title\" content=\"La reuni\u00f3n preparatoria de la campa\u00f1a de temporerismo para patata, labores agrarias y txakoli ser\u00e1 el 11 de julio - UAGA\" \/>\n<meta property=\"og:description\" content=\"El pr\u00f3ximo viernes 11 de julio, a las 8.30h en las oficinas de UAGA en Vitoria-Gasteiz tendr\u00e1 lugar la reuni\u00f3n de preparaci\u00f3n de la campa\u00f1a de recogida de patata y labores agr\u00edcolas, para informar de las novedades en cuanto a la contrataci\u00f3n de personas temporeras. En la reuni\u00f3n se tratar\u00e1n las novedades en la contrataci\u00f3n, [&hellip;]\" \/>\n<meta property=\"og:url\" content=\"https:\/\/www.uaga.eus\/la-reunion-preparatoria-de-la-campana-de-temporerismo-para-patata-labores-agrarias-y-txakoli-sera-el-11-de-julio\/\" \/>\n<meta property=\"og:site_name\" content=\"UAGA\" \/>\n<meta property=\"article:published_time\" content=\"2025-07-04T11:30:51+00:00\" \/>\n<meta property=\"og:image\" content=\"https:\/\/www.uaga.eus\/wp-content\/uploads\/2025\/07\/temporeros-patata-e1751628640427.png\" \/>\n\t<meta property=\"og:image:width\" content=\"650\" \/>\n\t<meta property=\"og:image:height\" content=\"368\" \/>\n\t<meta property=\"og:image:type\" content=\"image\/png\" \/>\n<meta name=\"author\" content=\"Blanca S\u00e1nchez\" \/>\n<meta name=\"twitter:card\" content=\"summary_large_image\" \/>\n<meta name=\"twitter:label1\" content=\"Written by\" \/>\n\t<meta name=\"twitter:data1\" content=\"Blanca S\u00e1nchez\" \/>\n\t<meta name=\"twitter:label2\" content=\"Est. reading time\" \/>\n\t<meta name=\"twitter:data2\" content=\"1 minutua\" \/>\n<script type=\"application\/ld+json\" class=\"yoast-schema-graph\">{\"@context\":\"https:\/\/schema.org\",\"@graph\":[{\"@type\":\"WebPage\",\"@id\":\"https:\/\/www.uaga.eus\/la-reunion-preparatoria-de-la-campana-de-temporerismo-para-patata-labores-agrarias-y-txakoli-sera-el-11-de-julio\/\",\"url\":\"https:\/\/www.uaga.eus\/la-reunion-preparatoria-de-la-campana-de-temporerismo-para-patata-labores-agrarias-y-txakoli-sera-el-11-de-julio\/\",\"name\":\"La reuni\u00f3n preparatoria de la campa\u00f1a de temporerismo para patata, labores agrarias y txakoli ser\u00e1 el 11 de julio - UAGA\",\"isPartOf\":{\"@id\":\"https:\/\/www.uaga.eus\/#website\"},\"datePublished\":\"2025-07-04T11:30:51+00:00\",\"dateModified\":\"2025-07-04T11:30:51+00:00\",\"author\":{\"@id\":\"https:\/\/www.uaga.eus\/#\/schema\/person\/48c3cbf0f33d1b788226dbb6518689cf\"},\"breadcrumb\":{\"@id\":\"https:\/\/www.uaga.eus\/la-reunion-preparatoria-de-la-campana-de-temporerismo-para-patata-labores-agrarias-y-txakoli-sera-el-11-de-julio\/#breadcrumb\"},\"inLanguage\":\"eu\",\"potentialAction\":[{\"@type\":\"ReadAction\",\"target\":[\"https:\/\/www.uaga.eus\/la-reunion-preparatoria-de-la-campana-de-temporerismo-para-patata-labores-agrarias-y-txakoli-sera-el-11-de-julio\/\"]}]},{\"@type\":\"BreadcrumbList\",\"@id\":\"https:\/\/www.uaga.eus\/la-reunion-preparatoria-de-la-campana-de-temporerismo-para-patata-labores-agrarias-y-txakoli-sera-el-11-de-julio\/#breadcrumb\",\"itemListElement\":[{\"@type\":\"ListItem\",\"position\":1,\"name\":\"Inicio\",\"item\":\"https:\/\/www.uaga.eus\/\"},{\"@type\":\"ListItem\",\"position\":2,\"name\":\"La reuni\u00f3n preparatoria de la campa\u00f1a de temporerismo para patata, labores agrarias y txakoli ser\u00e1 el 11 de julio\"}]},{\"@type\":\"WebSite\",\"@id\":\"https:\/\/www.uaga.eus\/#website\",\"url\":\"https:\/\/www.uaga.eus\/\",\"name\":\"UAGA\",\"description\":\"Uni\u00f3n Agroganadera de \u00c1lava - Araba Nekazarien Elkartea\",\"potentialAction\":[{\"@type\":\"SearchAction\",\"target\":{\"@type\":\"EntryPoint\",\"urlTemplate\":\"https:\/\/www.uaga.eus\/?s={search_term_string}\"},\"query-input\":\"required name=search_term_string\"}],\"inLanguage\":\"eu\"},{\"@type\":\"Person\",\"@id\":\"https:\/\/www.uaga.eus\/#\/schema\/person\/48c3cbf0f33d1b788226dbb6518689cf\",\"name\":\"Blanca S\u00e1nchez\",\"image\":{\"@type\":\"ImageObject\",\"inLanguage\":\"eu\",\"@id\":\"https:\/\/www.uaga.eus\/#\/schema\/person\/image\/\",\"url\":\"https:\/\/secure.gravatar.com\/avatar\/0dc91c20648254b1ce84877283f6751b?s=96&d=mm&r=g\",\"contentUrl\":\"https:\/\/secure.gravatar.com\/avatar\/0dc91c20648254b1ce84877283f6751b?s=96&d=mm&r=g\",\"caption\":\"Blanca S\u00e1nchez\"},\"url\":\"https:\/\/www.uaga.eus\/eu\/author\/bsanchez\/\"}]}<\/script>\n<!-- \/ Yoast SEO plugin. -->","yoast_head_json":{"title":"La reuni\u00f3n preparatoria de la campa\u00f1a de temporerismo para patata, labores agrarias y txakoli ser\u00e1 el 11 de julio - UAGA","robots":{"index":"index","follow":"follow","max-snippet":"max-snippet:-1","max-image-preview":"max-image-preview:large","max-video-preview":"max-video-preview:-1"},"canonical":"https:\/\/www.uaga.eus\/la-reunion-preparatoria-de-la-campana-de-temporerismo-para-patata-labores-agrarias-y-txakoli-sera-el-11-de-julio\/","og_locale":"en_US","og_type":"article","og_title":"La reuni\u00f3n preparatoria de la campa\u00f1a de temporerismo para patata, labores agrarias y txakoli ser\u00e1 el 11 de julio - UAGA","og_description":"El pr\u00f3ximo viernes 11 de julio, a las 8.30h en las oficinas de UAGA en Vitoria-Gasteiz tendr\u00e1 lugar la reuni\u00f3n de preparaci\u00f3n de la campa\u00f1a de recogida de patata y labores agr\u00edcolas, para informar de las novedades en cuanto a la contrataci\u00f3n de personas temporeras. En la reuni\u00f3n se tratar\u00e1n las novedades en la contrataci\u00f3n, [&hellip;]","og_url":"https:\/\/www.uaga.eus\/la-reunion-preparatoria-de-la-campana-de-temporerismo-para-patata-labores-agrarias-y-txakoli-sera-el-11-de-julio\/","og_site_name":"UAGA","article_published_time":"2025-07-04T11:30:51+00:00","og_image":[{"width":650,"height":368,"url":"https:\/\/www.uaga.eus\/wp-content\/uploads\/2025\/07\/temporeros-patata-e1751628640427.png","type":"image\/png"}],"author":"Blanca S\u00e1nchez","twitter_card":"summary_large_image","twitter_misc":{"Written by":"Blanca S\u00e1nchez","Est. reading time":"1 minutua"},"schema":{"@context":"https:\/\/schema.org","@graph":[{"@type":"WebPage","@id":"https:\/\/www.uaga.eus\/la-reunion-preparatoria-de-la-campana-de-temporerismo-para-patata-labores-agrarias-y-txakoli-sera-el-11-de-julio\/","url":"https:\/\/www.uaga.eus\/la-reunion-preparatoria-de-la-campana-de-temporerismo-para-patata-labores-agrarias-y-txakoli-sera-el-11-de-julio\/","name":"La reuni\u00f3n preparatoria de la campa\u00f1a de temporerismo para patata, labores agrarias y txakoli ser\u00e1 el 11 de julio - UAGA","isPartOf":{"@id":"https:\/\/www.uaga.eus\/#website"},"datePublished":"2025-07-04T11:30:51+00:00","dateModified":"2025-07-04T11:30:51+00:00","author":{"@id":"https:\/\/www.uaga.eus\/#\/schema\/person\/48c3cbf0f33d1b788226dbb6518689cf"},"breadcrumb":{"@id":"https:\/\/www.uaga.eus\/la-reunion-preparatoria-de-la-campana-de-temporerismo-para-patata-labores-agrarias-y-txakoli-sera-el-11-de-julio\/#breadcrumb"},"inLanguage":"eu","potentialAction":[{"@type":"ReadAction","target":["https:\/\/www.uaga.eus\/la-reunion-preparatoria-de-la-campana-de-temporerismo-para-patata-labores-agrarias-y-txakoli-sera-el-11-de-julio\/"]}]},{"@type":"BreadcrumbList","@id":"https:\/\/www.uaga.eus\/la-reunion-preparatoria-de-la-campana-de-temporerismo-para-patata-labores-agrarias-y-txakoli-sera-el-11-de-julio\/#breadcrumb","itemListElement":[{"@type":"ListItem","position":1,"name":"Inicio","item":"https:\/\/www.uaga.eus\/"},{"@type":"ListItem","position":2,"name":"La reuni\u00f3n preparatoria de la campa\u00f1a de temporerismo para patata, labores agrarias y txakoli ser\u00e1 el 11 de julio"}]},{"@type":"WebSite","@id":"https:\/\/www.uaga.eus\/#website","url":"https:\/\/www.uaga.eus\/","name":"UAGA","description":"Uni\u00f3n Agroganadera de \u00c1lava - Araba Nekazarien Elkartea","potentialAction":[{"@type":"SearchAction","target":{"@type":"EntryPoint","urlTemplate":"https:\/\/www.uaga.eus\/?s={search_term_string}"},"query-input":"required name=search_term_string"}],"inLanguage":"eu"},{"@type":"Person","@id":"https:\/\/www.uaga.eus\/#\/schema\/person\/48c3cbf0f33d1b788226dbb6518689cf","name":"Blanca S\u00e1nchez","image":{"@type":"ImageObject","inLanguage":"eu","@id":"https:\/\/www.uaga.eus\/#\/schema\/person\/image\/","url":"https:\/\/secure.gravatar.com\/avatar\/0dc91c20648254b1ce84877283f6751b?s=96&d=mm&r=g","contentUrl":"https:\/\/secure.gravatar.com\/avatar\/0dc91c20648254b1ce84877283f6751b?s=96&d=mm&r=g","caption":"Blanca S\u00e1nchez"},"url":"https:\/\/www.uaga.eus\/eu\/author\/bsanchez\/"}]}},"_links":{"self":[{"href":"https:\/\/www.uaga.eus\/eu\/wp-json\/wp\/v2\/posts\/13930"}],"collection":[{"href":"https:\/\/www.uaga.eus\/eu\/wp-json\/wp\/v2\/posts"}],"about":[{"href":"https:\/\/www.uaga.eus\/eu\/wp-json\/wp\/v2\/types\/post"}],"author":[{"embeddable":true,"href":"https:\/\/www.uaga.eus\/eu\/wp-json\/wp\/v2\/users\/4"}],"replies":[{"embeddable":true,"href":"https:\/\/www.uaga.eus\/eu\/wp-json\/wp\/v2\/comments?post=13930"}],"version-history":[{"count":1,"href":"https:\/\/www.uaga.eus\/eu\/wp-json\/wp\/v2\/posts\/13930\/revisions"}],"predecessor-version":[{"id":13931,"href":"https:\/\/www.uaga.eus\/eu\/wp-json\/wp\/v2\/posts\/13930\/revisions\/13931"}],"wp:featuredmedia":[{"embeddable":true,"href":"https:\/\/www.uaga.eus\/eu\/wp-json\/wp\/v2\/media\/13912"}],"wp:attachment":[{"href":"https:\/\/www.uaga.eus\/eu\/wp-json\/wp\/v2\/media?parent=13930"}],"wp:term":[{"taxonomy":"category","embeddable":true,"href":"https:\/\/www.uaga.eus\/eu\/wp-json\/wp\/v2\/categories?post=13930"},{"taxonomy":"post_tag","embeddable":true,"href":"https:\/\/www.uaga.eus\/eu\/wp-json\/wp\/v2\/tags?post=13930"}],"curies":[{"name":"wp","href":"https:\/\/api.w.org\/{rel}","templated":true}]}}