{"id":13927,"date":"2025-07-04T11:29:36","date_gmt":"2025-07-04T11:29:36","guid":{"rendered":"https:\/\/www.uaga.eus\/?p=13927"},"modified":"2025-07-04T11:29:50","modified_gmt":"2025-07-04T11:29:50","slug":"expertos-cuestionan-la-responsabilidad-de-los-ayuntamientos-para-dar-luz-verde-a-los-proyectos-de-renovables","status":"publish","type":"post","link":"https:\/\/www.uaga.eus\/eu\/expertos-cuestionan-la-responsabilidad-de-los-ayuntamientos-para-dar-luz-verde-a-los-proyectos-de-renovables\/","title":{"rendered":"Expertos cuestionan la responsabilidad de los ayuntamientos\u00a0para dar luz verde a los proyectos de renovables"},"content":{"rendered":"<p>Arabako Herri Unibertsitatea (AhU), en colaboraci\u00f3n con la Universidad del Pa\u00eds Vasco, organizaron la semana pasada una sesi\u00f3n informativa en Vitoria-Gasteiz sobre la legalidad de los Planes Especiales que se est\u00e1n utilizando en la tramitaci\u00f3n de grandes instalaciones de energ\u00edas renovables. A esta jornada fueron invitados los representantes de ayuntamientos y entidades locales de \u00c1lava.<\/p>\n<p>La convocatoria sirvi\u00f3 para debatir sobre un informe jur\u00eddico que se est\u00e1 llevando a cabo desde la AhU que cuestiona la validez de estos procedimientos en ausencia de un Plan Territorial Sectorial de Energ\u00edas Renovables (PTS-EERR).<\/p>\n<p>En la actualidad se est\u00e1n tramitando en \u00c1lava numerosos proyectos, depositando en los ayuntamientos, concejos y juntas administrativas la responsabilidad urban\u00edstica de aprobar los Planes Especiales, bajo la advertencia de que su rechazo podr\u00eda constituir prevaricaci\u00f3n. Esta situaci\u00f3n ha generado un clima de presi\u00f3n e incertidumbre permanente para las administraciones locales, a las que se les exige asumir decisiones sin un marco jur\u00eddico y pol\u00edtico claramente definido.<\/p>\n<p>El informe, presentado por el catedr\u00e1tico em\u00e9rito de Derecho Administrativo de la UPV\/EHU I\u00f1aki Lasagabaster, forma parte de un an\u00e1lisis m\u00e1s amplio desarrollado por profesionales del \u00e1mbito acad\u00e9mico, jur\u00eddico y asociativo alav\u00e9s..Esta iniciativa multidisciplinar busca ofrecer herramientas t\u00e9cnicas y jur\u00eddicas que permitan una implantaci\u00f3n ordenada y justa de las energ\u00edas renovables, respetando la legalidad y los derechos de las entidades locales.<\/p>\n<p>Puedes ver el v\u00eddeo de la jornada en el este <a href=\"https:\/\/www.youtube.com\/watch?v=VZ6Ca36l6Xw&amp;t=2s\" target=\"_blank\" rel=\"noopener\" data-cke-saved-href=\"https:\/\/www.youtube.com\/watch?v=VZ6Ca36l6Xw&amp;t=2s\">enlace<\/a>.<\/p>\n","protected":false},"excerpt":{"rendered":"<p>Arabako Herri Unibertsitatea (AhU), en colaboraci\u00f3n con la Universidad del Pa\u00eds Vasco, organizaron la semana pasada una sesi\u00f3n informativa en Vitoria-Gasteiz sobre la legalidad de los Planes Especiales que se est\u00e1n utilizando en la tramitaci\u00f3n de grandes instalaciones de energ\u00edas renovables. A esta jornada fueron invitados los representantes de ayuntamientos y entidades locales de \u00c1lava. [&hellip;]<\/p>\n","protected":false},"author":4,"featured_media":13911,"comment_status":"closed","ping_status":"closed","sticky":false,"template":"","format":"standard","meta":{"footnotes":""},"categories":[11],"tags":[],"yoast_head":"<!-- This site is optimized with the Yoast SEO plugin v21.5 - https:\/\/yoast.com\/wordpress\/plugins\/seo\/ -->\n<title>Expertos cuestionan la responsabilidad de los ayuntamientos\u00a0para dar luz verde a los proyectos de renovables - UAGA<\/title>\n<meta name=\"robots\" content=\"index, follow, max-snippet:-1, max-image-preview:large, max-video-preview:-1\" \/>\n<link rel=\"canonical\" href=\"https:\/\/www.uaga.eus\/expertos-cuestionan-la-responsabilidad-de-los-ayuntamientos-para-dar-luz-verde-a-los-proyectos-de-renovables\/\" \/>\n<meta property=\"og:locale\" content=\"en_US\" \/>\n<meta property=\"og:type\" content=\"article\" \/>\n<meta property=\"og:title\" content=\"Expertos cuestionan la responsabilidad de los ayuntamientos\u00a0para dar luz verde a los proyectos de renovables - UAGA\" \/>\n<meta property=\"og:description\" content=\"Arabako Herri Unibertsitatea (AhU), en colaboraci\u00f3n con la Universidad del Pa\u00eds Vasco, organizaron la semana pasada una sesi\u00f3n informativa en Vitoria-Gasteiz sobre la legalidad de los Planes Especiales que se est\u00e1n utilizando en la tramitaci\u00f3n de grandes instalaciones de energ\u00edas renovables. A esta jornada fueron invitados los representantes de ayuntamientos y entidades locales de \u00c1lava. [&hellip;]\" \/>\n<meta property=\"og:url\" content=\"https:\/\/www.uaga.eus\/expertos-cuestionan-la-responsabilidad-de-los-ayuntamientos-para-dar-luz-verde-a-los-proyectos-de-renovables\/\" \/>\n<meta property=\"og:site_name\" content=\"UAGA\" \/>\n<meta property=\"article:published_time\" content=\"2025-07-04T11:29:36+00:00\" \/>\n<meta property=\"article:modified_time\" content=\"2025-07-04T11:29:50+00:00\" \/>\n<meta property=\"og:image\" content=\"https:\/\/www.uaga.eus\/wp-content\/uploads\/2025\/07\/250627-jornada-renovables-AHU-2-e1751628558850.png\" \/>\n\t<meta property=\"og:image:width\" content=\"650\" \/>\n\t<meta property=\"og:image:height\" content=\"400\" \/>\n\t<meta property=\"og:image:type\" content=\"image\/png\" \/>\n<meta name=\"author\" content=\"Blanca S\u00e1nchez\" \/>\n<meta name=\"twitter:card\" content=\"summary_large_image\" \/>\n<meta name=\"twitter:label1\" content=\"Written by\" \/>\n\t<meta name=\"twitter:data1\" content=\"Blanca S\u00e1nchez\" \/>\n\t<meta name=\"twitter:label2\" content=\"Est. reading time\" \/>\n\t<meta name=\"twitter:data2\" content=\"2 minutua\" \/>\n<script type=\"application\/ld+json\" class=\"yoast-schema-graph\">{\"@context\":\"https:\/\/schema.org\",\"@graph\":[{\"@type\":\"WebPage\",\"@id\":\"https:\/\/www.uaga.eus\/expertos-cuestionan-la-responsabilidad-de-los-ayuntamientos-para-dar-luz-verde-a-los-proyectos-de-renovables\/\",\"url\":\"https:\/\/www.uaga.eus\/expertos-cuestionan-la-responsabilidad-de-los-ayuntamientos-para-dar-luz-verde-a-los-proyectos-de-renovables\/\",\"name\":\"Expertos cuestionan la responsabilidad de los ayuntamientos\u00a0para dar luz verde a los proyectos de renovables - UAGA\",\"isPartOf\":{\"@id\":\"https:\/\/www.uaga.eus\/#website\"},\"datePublished\":\"2025-07-04T11:29:36+00:00\",\"dateModified\":\"2025-07-04T11:29:50+00:00\",\"author\":{\"@id\":\"https:\/\/www.uaga.eus\/#\/schema\/person\/48c3cbf0f33d1b788226dbb6518689cf\"},\"breadcrumb\":{\"@id\":\"https:\/\/www.uaga.eus\/expertos-cuestionan-la-responsabilidad-de-los-ayuntamientos-para-dar-luz-verde-a-los-proyectos-de-renovables\/#breadcrumb\"},\"inLanguage\":\"eu\",\"potentialAction\":[{\"@type\":\"ReadAction\",\"target\":[\"https:\/\/www.uaga.eus\/expertos-cuestionan-la-responsabilidad-de-los-ayuntamientos-para-dar-luz-verde-a-los-proyectos-de-renovables\/\"]}]},{\"@type\":\"BreadcrumbList\",\"@id\":\"https:\/\/www.uaga.eus\/expertos-cuestionan-la-responsabilidad-de-los-ayuntamientos-para-dar-luz-verde-a-los-proyectos-de-renovables\/#breadcrumb\",\"itemListElement\":[{\"@type\":\"ListItem\",\"position\":1,\"name\":\"Inicio\",\"item\":\"https:\/\/www.uaga.eus\/\"},{\"@type\":\"ListItem\",\"position\":2,\"name\":\"Expertos cuestionan la responsabilidad de los ayuntamientos\u00a0para dar luz verde a los proyectos de renovables\"}]},{\"@type\":\"WebSite\",\"@id\":\"https:\/\/www.uaga.eus\/#website\",\"url\":\"https:\/\/www.uaga.eus\/\",\"name\":\"UAGA\",\"description\":\"Uni\u00f3n Agroganadera de \u00c1lava - Araba Nekazarien Elkartea\",\"potentialAction\":[{\"@type\":\"SearchAction\",\"target\":{\"@type\":\"EntryPoint\",\"urlTemplate\":\"https:\/\/www.uaga.eus\/?s={search_term_string}\"},\"query-input\":\"required name=search_term_string\"}],\"inLanguage\":\"eu\"},{\"@type\":\"Person\",\"@id\":\"https:\/\/www.uaga.eus\/#\/schema\/person\/48c3cbf0f33d1b788226dbb6518689cf\",\"name\":\"Blanca S\u00e1nchez\",\"image\":{\"@type\":\"ImageObject\",\"inLanguage\":\"eu\",\"@id\":\"https:\/\/www.uaga.eus\/#\/schema\/person\/image\/\",\"url\":\"https:\/\/secure.gravatar.com\/avatar\/0dc91c20648254b1ce84877283f6751b?s=96&d=mm&r=g\",\"contentUrl\":\"https:\/\/secure.gravatar.com\/avatar\/0dc91c20648254b1ce84877283f6751b?s=96&d=mm&r=g\",\"caption\":\"Blanca S\u00e1nchez\"},\"url\":\"https:\/\/www.uaga.eus\/eu\/author\/bsanchez\/\"}]}<\/script>\n<!-- \/ Yoast SEO plugin. -->","yoast_head_json":{"title":"Expertos cuestionan la responsabilidad de los ayuntamientos\u00a0para dar luz verde a los proyectos de renovables - UAGA","robots":{"index":"index","follow":"follow","max-snippet":"max-snippet:-1","max-image-preview":"max-image-preview:large","max-video-preview":"max-video-preview:-1"},"canonical":"https:\/\/www.uaga.eus\/expertos-cuestionan-la-responsabilidad-de-los-ayuntamientos-para-dar-luz-verde-a-los-proyectos-de-renovables\/","og_locale":"en_US","og_type":"article","og_title":"Expertos cuestionan la responsabilidad de los ayuntamientos\u00a0para dar luz verde a los proyectos de renovables - UAGA","og_description":"Arabako Herri Unibertsitatea (AhU), en colaboraci\u00f3n con la Universidad del Pa\u00eds Vasco, organizaron la semana pasada una sesi\u00f3n informativa en Vitoria-Gasteiz sobre la legalidad de los Planes Especiales que se est\u00e1n utilizando en la tramitaci\u00f3n de grandes instalaciones de energ\u00edas renovables. A esta jornada fueron invitados los representantes de ayuntamientos y entidades locales de \u00c1lava. [&hellip;]","og_url":"https:\/\/www.uaga.eus\/expertos-cuestionan-la-responsabilidad-de-los-ayuntamientos-para-dar-luz-verde-a-los-proyectos-de-renovables\/","og_site_name":"UAGA","article_published_time":"2025-07-04T11:29:36+00:00","article_modified_time":"2025-07-04T11:29:50+00:00","og_image":[{"width":650,"height":400,"url":"https:\/\/www.uaga.eus\/wp-content\/uploads\/2025\/07\/250627-jornada-renovables-AHU-2-e1751628558850.png","type":"image\/png"}],"author":"Blanca S\u00e1nchez","twitter_card":"summary_large_image","twitter_misc":{"Written by":"Blanca S\u00e1nchez","Est. reading time":"2 minutua"},"schema":{"@context":"https:\/\/schema.org","@graph":[{"@type":"WebPage","@id":"https:\/\/www.uaga.eus\/expertos-cuestionan-la-responsabilidad-de-los-ayuntamientos-para-dar-luz-verde-a-los-proyectos-de-renovables\/","url":"https:\/\/www.uaga.eus\/expertos-cuestionan-la-responsabilidad-de-los-ayuntamientos-para-dar-luz-verde-a-los-proyectos-de-renovables\/","name":"Expertos cuestionan la responsabilidad de los ayuntamientos\u00a0para dar luz verde a los proyectos de renovables - UAGA","isPartOf":{"@id":"https:\/\/www.uaga.eus\/#website"},"datePublished":"2025-07-04T11:29:36+00:00","dateModified":"2025-07-04T11:29:50+00:00","author":{"@id":"https:\/\/www.uaga.eus\/#\/schema\/person\/48c3cbf0f33d1b788226dbb6518689cf"},"breadcrumb":{"@id":"https:\/\/www.uaga.eus\/expertos-cuestionan-la-responsabilidad-de-los-ayuntamientos-para-dar-luz-verde-a-los-proyectos-de-renovables\/#breadcrumb"},"inLanguage":"eu","potentialAction":[{"@type":"ReadAction","target":["https:\/\/www.uaga.eus\/expertos-cuestionan-la-responsabilidad-de-los-ayuntamientos-para-dar-luz-verde-a-los-proyectos-de-renovables\/"]}]},{"@type":"BreadcrumbList","@id":"https:\/\/www.uaga.eus\/expertos-cuestionan-la-responsabilidad-de-los-ayuntamientos-para-dar-luz-verde-a-los-proyectos-de-renovables\/#breadcrumb","itemListElement":[{"@type":"ListItem","position":1,"name":"Inicio","item":"https:\/\/www.uaga.eus\/"},{"@type":"ListItem","position":2,"name":"Expertos cuestionan la responsabilidad de los ayuntamientos\u00a0para dar luz verde a los proyectos de renovables"}]},{"@type":"WebSite","@id":"https:\/\/www.uaga.eus\/#website","url":"https:\/\/www.uaga.eus\/","name":"UAGA","description":"Uni\u00f3n Agroganadera de \u00c1lava - Araba Nekazarien Elkartea","potentialAction":[{"@type":"SearchAction","target":{"@type":"EntryPoint","urlTemplate":"https:\/\/www.uaga.eus\/?s={search_term_string}"},"query-input":"required name=search_term_string"}],"inLanguage":"eu"},{"@type":"Person","@id":"https:\/\/www.uaga.eus\/#\/schema\/person\/48c3cbf0f33d1b788226dbb6518689cf","name":"Blanca S\u00e1nchez","image":{"@type":"ImageObject","inLanguage":"eu","@id":"https:\/\/www.uaga.eus\/#\/schema\/person\/image\/","url":"https:\/\/secure.gravatar.com\/avatar\/0dc91c20648254b1ce84877283f6751b?s=96&d=mm&r=g","contentUrl":"https:\/\/secure.gravatar.com\/avatar\/0dc91c20648254b1ce84877283f6751b?s=96&d=mm&r=g","caption":"Blanca S\u00e1nchez"},"url":"https:\/\/www.uaga.eus\/eu\/author\/bsanchez\/"}]}},"_links":{"self":[{"href":"https:\/\/www.uaga.eus\/eu\/wp-json\/wp\/v2\/posts\/13927"}],"collection":[{"href":"https:\/\/www.uaga.eus\/eu\/wp-json\/wp\/v2\/posts"}],"about":[{"href":"https:\/\/www.uaga.eus\/eu\/wp-json\/wp\/v2\/types\/post"}],"author":[{"embeddable":true,"href":"https:\/\/www.uaga.eus\/eu\/wp-json\/wp\/v2\/users\/4"}],"replies":[{"embeddable":true,"href":"https:\/\/www.uaga.eus\/eu\/wp-json\/wp\/v2\/comments?post=13927"}],"version-history":[{"count":2,"href":"https:\/\/www.uaga.eus\/eu\/wp-json\/wp\/v2\/posts\/13927\/revisions"}],"predecessor-version":[{"id":13929,"href":"https:\/\/www.uaga.eus\/eu\/wp-json\/wp\/v2\/posts\/13927\/revisions\/13929"}],"wp:featuredmedia":[{"embeddable":true,"href":"https:\/\/www.uaga.eus\/eu\/wp-json\/wp\/v2\/media\/13911"}],"wp:attachment":[{"href":"https:\/\/www.uaga.eus\/eu\/wp-json\/wp\/v2\/media?parent=13927"}],"wp:term":[{"taxonomy":"category","embeddable":true,"href":"https:\/\/www.uaga.eus\/eu\/wp-json\/wp\/v2\/categories?post=13927"},{"taxonomy":"post_tag","embeddable":true,"href":"https:\/\/www.uaga.eus\/eu\/wp-json\/wp\/v2\/tags?post=13927"}],"curies":[{"name":"wp","href":"https:\/\/api.w.org\/{rel}","templated":true}]}}