{"id":13850,"date":"2025-06-13T12:09:14","date_gmt":"2025-06-13T12:09:14","guid":{"rendered":"https:\/\/www.uaga.eus\/?p=13850"},"modified":"2025-06-13T12:09:14","modified_gmt":"2025-06-13T12:09:14","slug":"el-nuevo-consejo-regulador-de-rioja-echa-a-andar-con-dos-nuevos-vocales-de-uaga","status":"publish","type":"post","link":"https:\/\/www.uaga.eus\/eu\/el-nuevo-consejo-regulador-de-rioja-echa-a-andar-con-dos-nuevos-vocales-de-uaga\/","title":{"rendered":"El nuevo Consejo Regulador de Rioja echa a andar con dos nuevos vocales de UAGA"},"content":{"rendered":"<p align=\"justify\">Hoy viernes se ha reunido en Logro\u00f1o la Junta Directiva de la Interprofesional del Rioja, para completar el proceso de acreditaci\u00f3n y convocar a los nuevos vocales que conformar\u00e1n el Pleno del Consejo Regulador.<\/p>\n<p>Por parte de UAGA, dos nuevos vocales representar\u00e1n los intereses de Rioja Alavesa en el Consejo. Estas personas han sido elegidas en una Asamblea Comarcal realizada esta semana. Loyola Martinez de Ca\u00f1as, viticultora de Villabuena y Ander Iglesias, de Lanciego, ser\u00e1n los nuevos vocales. Adem\u00e1s, en la Asamblea se eligieron representantes para participar en las diferentes comisiones, con el fin de repartir el trabajo de una forma m\u00e1s equitativa:<\/p>\n<ul>\n<li>Pleno del Consejo: Loyola Martinez de Ca\u00f1as \/ Ander Iglesias<\/li>\n<li>Comisi\u00f3n Permanente: Loyola Martinez de Ca\u00f1as \/Ander Iglesias<\/li>\n<li>Comisi\u00f3n de Promoci\u00f3n: Joseba Casado<\/li>\n<li>Comis\u00f3n T\u00e9cnica y Comisi\u00f3n de Entidades Geogr\u00e1ficas Menores: C\u00e9sar Berm\u00fadez<\/li>\n<li>Comisi\u00f3n de Administraci\u00f3n: Jos\u00e9 Antonio Ugarte<\/li>\n<li>Comisi\u00f3n de Reglamento: Jes\u00fas Bauza<\/li>\n<li>Comisi\u00f3n de Plan Estrat\u00e9gico: Juanjo Garc\u00eda<\/li>\n<li>Comisi\u00f3n de Sostenibilidad y Protecci\u00f3n de vi\u00f1edo: Joseba Casado<\/li>\n<li>Vocales suplentes para el pleno y comisiones ser\u00e1n Juanjo Garc\u00eda y\u00a0Jes\u00fas\u00a0Bauza<\/li>\n<\/ul>\n<p>Desde UAGA queremos agradecer a las personas voluntarias su disposici\u00f3n para trabajar en favor de toda la comarca.<\/p>\n","protected":false},"excerpt":{"rendered":"<p>Hoy viernes se ha reunido en Logro\u00f1o la Junta Directiva de la Interprofesional del Rioja, para completar el proceso de acreditaci\u00f3n y convocar a los nuevos vocales que conformar\u00e1n el Pleno del Consejo Regulador. Por parte de UAGA, dos nuevos vocales representar\u00e1n los intereses de Rioja Alavesa en el Consejo. Estas personas han sido elegidas [&hellip;]<\/p>\n","protected":false},"author":4,"featured_media":13847,"comment_status":"closed","ping_status":"closed","sticky":false,"template":"","format":"standard","meta":{"footnotes":""},"categories":[7,3],"tags":[],"yoast_head":"<!-- This site is optimized with the Yoast SEO plugin v21.5 - https:\/\/yoast.com\/wordpress\/plugins\/seo\/ -->\n<title>El nuevo Consejo Regulador de Rioja echa a andar con dos nuevos vocales de UAGA - UAGA<\/title>\n<meta name=\"robots\" content=\"index, follow, max-snippet:-1, max-image-preview:large, max-video-preview:-1\" \/>\n<link rel=\"canonical\" href=\"https:\/\/www.uaga.eus\/el-nuevo-consejo-regulador-de-rioja-echa-a-andar-con-dos-nuevos-vocales-de-uaga\/\" \/>\n<meta property=\"og:locale\" content=\"en_US\" \/>\n<meta property=\"og:type\" content=\"article\" \/>\n<meta property=\"og:title\" content=\"El nuevo Consejo Regulador de Rioja echa a andar con dos nuevos vocales de UAGA - UAGA\" \/>\n<meta property=\"og:description\" content=\"Hoy viernes se ha reunido en Logro\u00f1o la Junta Directiva de la Interprofesional del Rioja, para completar el proceso de acreditaci\u00f3n y convocar a los nuevos vocales que conformar\u00e1n el Pleno del Consejo Regulador. Por parte de UAGA, dos nuevos vocales representar\u00e1n los intereses de Rioja Alavesa en el Consejo. Estas personas han sido elegidas [&hellip;]\" \/>\n<meta property=\"og:url\" content=\"https:\/\/www.uaga.eus\/el-nuevo-consejo-regulador-de-rioja-echa-a-andar-con-dos-nuevos-vocales-de-uaga\/\" \/>\n<meta property=\"og:site_name\" content=\"UAGA\" \/>\n<meta property=\"article:published_time\" content=\"2025-06-13T12:09:14+00:00\" \/>\n<meta property=\"og:image\" content=\"https:\/\/www.uaga.eus\/wp-content\/uploads\/2025\/06\/Ander-y-Loyola.jpg\" \/>\n\t<meta property=\"og:image:width\" content=\"831\" \/>\n\t<meta property=\"og:image:height\" content=\"481\" \/>\n\t<meta property=\"og:image:type\" content=\"image\/jpeg\" \/>\n<meta name=\"author\" content=\"Blanca S\u00e1nchez\" \/>\n<meta name=\"twitter:card\" content=\"summary_large_image\" \/>\n<meta name=\"twitter:label1\" content=\"Written by\" \/>\n\t<meta name=\"twitter:data1\" content=\"Blanca S\u00e1nchez\" \/>\n\t<meta name=\"twitter:label2\" content=\"Est. reading time\" \/>\n\t<meta name=\"twitter:data2\" content=\"1 minutua\" \/>\n<script type=\"application\/ld+json\" class=\"yoast-schema-graph\">{\"@context\":\"https:\/\/schema.org\",\"@graph\":[{\"@type\":\"WebPage\",\"@id\":\"https:\/\/www.uaga.eus\/el-nuevo-consejo-regulador-de-rioja-echa-a-andar-con-dos-nuevos-vocales-de-uaga\/\",\"url\":\"https:\/\/www.uaga.eus\/el-nuevo-consejo-regulador-de-rioja-echa-a-andar-con-dos-nuevos-vocales-de-uaga\/\",\"name\":\"El nuevo Consejo Regulador de Rioja echa a andar con dos nuevos vocales de UAGA - UAGA\",\"isPartOf\":{\"@id\":\"https:\/\/www.uaga.eus\/#website\"},\"datePublished\":\"2025-06-13T12:09:14+00:00\",\"dateModified\":\"2025-06-13T12:09:14+00:00\",\"author\":{\"@id\":\"https:\/\/www.uaga.eus\/#\/schema\/person\/48c3cbf0f33d1b788226dbb6518689cf\"},\"breadcrumb\":{\"@id\":\"https:\/\/www.uaga.eus\/el-nuevo-consejo-regulador-de-rioja-echa-a-andar-con-dos-nuevos-vocales-de-uaga\/#breadcrumb\"},\"inLanguage\":\"eu\",\"potentialAction\":[{\"@type\":\"ReadAction\",\"target\":[\"https:\/\/www.uaga.eus\/el-nuevo-consejo-regulador-de-rioja-echa-a-andar-con-dos-nuevos-vocales-de-uaga\/\"]}]},{\"@type\":\"BreadcrumbList\",\"@id\":\"https:\/\/www.uaga.eus\/el-nuevo-consejo-regulador-de-rioja-echa-a-andar-con-dos-nuevos-vocales-de-uaga\/#breadcrumb\",\"itemListElement\":[{\"@type\":\"ListItem\",\"position\":1,\"name\":\"Inicio\",\"item\":\"https:\/\/www.uaga.eus\/\"},{\"@type\":\"ListItem\",\"position\":2,\"name\":\"El nuevo Consejo Regulador de Rioja echa a andar con dos nuevos vocales de UAGA\"}]},{\"@type\":\"WebSite\",\"@id\":\"https:\/\/www.uaga.eus\/#website\",\"url\":\"https:\/\/www.uaga.eus\/\",\"name\":\"UAGA\",\"description\":\"Uni\u00f3n Agroganadera de \u00c1lava - Araba Nekazarien Elkartea\",\"potentialAction\":[{\"@type\":\"SearchAction\",\"target\":{\"@type\":\"EntryPoint\",\"urlTemplate\":\"https:\/\/www.uaga.eus\/?s={search_term_string}\"},\"query-input\":\"required name=search_term_string\"}],\"inLanguage\":\"eu\"},{\"@type\":\"Person\",\"@id\":\"https:\/\/www.uaga.eus\/#\/schema\/person\/48c3cbf0f33d1b788226dbb6518689cf\",\"name\":\"Blanca S\u00e1nchez\",\"image\":{\"@type\":\"ImageObject\",\"inLanguage\":\"eu\",\"@id\":\"https:\/\/www.uaga.eus\/#\/schema\/person\/image\/\",\"url\":\"https:\/\/secure.gravatar.com\/avatar\/0dc91c20648254b1ce84877283f6751b?s=96&d=mm&r=g\",\"contentUrl\":\"https:\/\/secure.gravatar.com\/avatar\/0dc91c20648254b1ce84877283f6751b?s=96&d=mm&r=g\",\"caption\":\"Blanca S\u00e1nchez\"},\"url\":\"https:\/\/www.uaga.eus\/eu\/author\/bsanchez\/\"}]}<\/script>\n<!-- \/ Yoast SEO plugin. -->","yoast_head_json":{"title":"El nuevo Consejo Regulador de Rioja echa a andar con dos nuevos vocales de UAGA - UAGA","robots":{"index":"index","follow":"follow","max-snippet":"max-snippet:-1","max-image-preview":"max-image-preview:large","max-video-preview":"max-video-preview:-1"},"canonical":"https:\/\/www.uaga.eus\/el-nuevo-consejo-regulador-de-rioja-echa-a-andar-con-dos-nuevos-vocales-de-uaga\/","og_locale":"en_US","og_type":"article","og_title":"El nuevo Consejo Regulador de Rioja echa a andar con dos nuevos vocales de UAGA - UAGA","og_description":"Hoy viernes se ha reunido en Logro\u00f1o la Junta Directiva de la Interprofesional del Rioja, para completar el proceso de acreditaci\u00f3n y convocar a los nuevos vocales que conformar\u00e1n el Pleno del Consejo Regulador. Por parte de UAGA, dos nuevos vocales representar\u00e1n los intereses de Rioja Alavesa en el Consejo. Estas personas han sido elegidas [&hellip;]","og_url":"https:\/\/www.uaga.eus\/el-nuevo-consejo-regulador-de-rioja-echa-a-andar-con-dos-nuevos-vocales-de-uaga\/","og_site_name":"UAGA","article_published_time":"2025-06-13T12:09:14+00:00","og_image":[{"width":831,"height":481,"url":"https:\/\/www.uaga.eus\/wp-content\/uploads\/2025\/06\/Ander-y-Loyola.jpg","type":"image\/jpeg"}],"author":"Blanca S\u00e1nchez","twitter_card":"summary_large_image","twitter_misc":{"Written by":"Blanca S\u00e1nchez","Est. reading time":"1 minutua"},"schema":{"@context":"https:\/\/schema.org","@graph":[{"@type":"WebPage","@id":"https:\/\/www.uaga.eus\/el-nuevo-consejo-regulador-de-rioja-echa-a-andar-con-dos-nuevos-vocales-de-uaga\/","url":"https:\/\/www.uaga.eus\/el-nuevo-consejo-regulador-de-rioja-echa-a-andar-con-dos-nuevos-vocales-de-uaga\/","name":"El nuevo Consejo Regulador de Rioja echa a andar con dos nuevos vocales de UAGA - UAGA","isPartOf":{"@id":"https:\/\/www.uaga.eus\/#website"},"datePublished":"2025-06-13T12:09:14+00:00","dateModified":"2025-06-13T12:09:14+00:00","author":{"@id":"https:\/\/www.uaga.eus\/#\/schema\/person\/48c3cbf0f33d1b788226dbb6518689cf"},"breadcrumb":{"@id":"https:\/\/www.uaga.eus\/el-nuevo-consejo-regulador-de-rioja-echa-a-andar-con-dos-nuevos-vocales-de-uaga\/#breadcrumb"},"inLanguage":"eu","potentialAction":[{"@type":"ReadAction","target":["https:\/\/www.uaga.eus\/el-nuevo-consejo-regulador-de-rioja-echa-a-andar-con-dos-nuevos-vocales-de-uaga\/"]}]},{"@type":"BreadcrumbList","@id":"https:\/\/www.uaga.eus\/el-nuevo-consejo-regulador-de-rioja-echa-a-andar-con-dos-nuevos-vocales-de-uaga\/#breadcrumb","itemListElement":[{"@type":"ListItem","position":1,"name":"Inicio","item":"https:\/\/www.uaga.eus\/"},{"@type":"ListItem","position":2,"name":"El nuevo Consejo Regulador de Rioja echa a andar con dos nuevos vocales de UAGA"}]},{"@type":"WebSite","@id":"https:\/\/www.uaga.eus\/#website","url":"https:\/\/www.uaga.eus\/","name":"UAGA","description":"Uni\u00f3n Agroganadera de \u00c1lava - Araba Nekazarien Elkartea","potentialAction":[{"@type":"SearchAction","target":{"@type":"EntryPoint","urlTemplate":"https:\/\/www.uaga.eus\/?s={search_term_string}"},"query-input":"required name=search_term_string"}],"inLanguage":"eu"},{"@type":"Person","@id":"https:\/\/www.uaga.eus\/#\/schema\/person\/48c3cbf0f33d1b788226dbb6518689cf","name":"Blanca S\u00e1nchez","image":{"@type":"ImageObject","inLanguage":"eu","@id":"https:\/\/www.uaga.eus\/#\/schema\/person\/image\/","url":"https:\/\/secure.gravatar.com\/avatar\/0dc91c20648254b1ce84877283f6751b?s=96&d=mm&r=g","contentUrl":"https:\/\/secure.gravatar.com\/avatar\/0dc91c20648254b1ce84877283f6751b?s=96&d=mm&r=g","caption":"Blanca S\u00e1nchez"},"url":"https:\/\/www.uaga.eus\/eu\/author\/bsanchez\/"}]}},"_links":{"self":[{"href":"https:\/\/www.uaga.eus\/eu\/wp-json\/wp\/v2\/posts\/13850"}],"collection":[{"href":"https:\/\/www.uaga.eus\/eu\/wp-json\/wp\/v2\/posts"}],"about":[{"href":"https:\/\/www.uaga.eus\/eu\/wp-json\/wp\/v2\/types\/post"}],"author":[{"embeddable":true,"href":"https:\/\/www.uaga.eus\/eu\/wp-json\/wp\/v2\/users\/4"}],"replies":[{"embeddable":true,"href":"https:\/\/www.uaga.eus\/eu\/wp-json\/wp\/v2\/comments?post=13850"}],"version-history":[{"count":1,"href":"https:\/\/www.uaga.eus\/eu\/wp-json\/wp\/v2\/posts\/13850\/revisions"}],"predecessor-version":[{"id":13851,"href":"https:\/\/www.uaga.eus\/eu\/wp-json\/wp\/v2\/posts\/13850\/revisions\/13851"}],"wp:featuredmedia":[{"embeddable":true,"href":"https:\/\/www.uaga.eus\/eu\/wp-json\/wp\/v2\/media\/13847"}],"wp:attachment":[{"href":"https:\/\/www.uaga.eus\/eu\/wp-json\/wp\/v2\/media?parent=13850"}],"wp:term":[{"taxonomy":"category","embeddable":true,"href":"https:\/\/www.uaga.eus\/eu\/wp-json\/wp\/v2\/categories?post=13850"},{"taxonomy":"post_tag","embeddable":true,"href":"https:\/\/www.uaga.eus\/eu\/wp-json\/wp\/v2\/tags?post=13850"}],"curies":[{"name":"wp","href":"https:\/\/api.w.org\/{rel}","templated":true}]}}