{"id":13844,"date":"2025-06-13T12:01:18","date_gmt":"2025-06-13T12:01:18","guid":{"rendered":"https:\/\/www.uaga.eus\/?p=13844"},"modified":"2025-06-13T12:01:18","modified_gmt":"2025-06-13T12:01:18","slug":"actualizacion-para-la-solicitud-de-ayuda-de-vinedos-remarcables-en-rioja-alavesa-plazo-hasta-el-7-de-julio","status":"publish","type":"post","link":"https:\/\/www.uaga.eus\/eu\/actualizacion-para-la-solicitud-de-ayuda-de-vinedos-remarcables-en-rioja-alavesa-plazo-hasta-el-7-de-julio\/","title":{"rendered":"Actualizaci\u00f3n para la solicitud de ayuda de vi\u00f1edos remarcables en Rioja Alavesa. Plazo hasta el 7 de julio"},"content":{"rendered":"<p>La Diputaci\u00f3n ha publicado hoy en el BOTHA un nuevo <a href=\"https:\/\/www.araba.eus\/botha\/Boletines\/2025\/066\/2025_066_01708_C.pdf\" data-cke-saved-href=\"https:\/\/www.araba.eus\/botha\/Boletines\/2025\/066\/2025_066_01708_C.pdf\"><strong>Decreto Foral <\/strong><\/a><a href=\"https:\/\/www.araba.eus\/botha\/Boletines\/2025\/066\/2025_066_01708_C.pdf\" data-cke-saved-href=\"https:\/\/www.araba.eus\/botha\/Boletines\/2025\/066\/2025_066_01708_C.pdf\">por el que se aprueban las bases reguladoras de una l\u00ednea de ayudas espec\u00edfica para el fomento de la conservaci\u00f3n y el mantenimiento de los Vi\u00f1edos Remarcables del Territorio Hist\u00f3rico de \u00c1lava.<\/a><\/p>\n<p>Ha habido una serie de cambios desde la <a href=\"https:\/\/www.uaga.eus\/diputacion-crea-un-catalogo-vinedos-remarcables-para-rioja-alavesa\/\" data-cke-saved-href=\"https:\/\/www.uaga.eus\/diputacion-crea-un-catalogo-vinedos-remarcables-para-rioja-alavesa\/\">noticia<\/a> que comunicamos la semana pasada:<\/p>\n<ul>\n<li>Se ha determinado un plazo para la presentaci\u00f3n de las solicitudes:\u00a0<strong>del 16 de junio al 7 de julio de 2025.<\/strong><\/li>\n<li>Se describe una &#8220;reserva de cr\u00e9dito&#8221; para esta ayuda de 54.082 euros, con posibilidad de ampliaci\u00f3n.<\/li>\n<li>Las solicitudes se tendr\u00e1n en cuenta por orden de concurrencia<\/li>\n<li>El requisito m\u00ednimo para que un vi\u00f1edo pueda calificarse como Vi\u00f1edo Remarcable es estar situado en el Territorio Hist\u00f3rico de \u00c1lava y haberse plantado con anterioridad a 1979.<\/li>\n<li>El <strong>importe de las ayudas<\/strong> ser\u00e1 determinado seg\u00fan la puntuaci\u00f3n obtenida en la evaluaci\u00f3n del vi\u00f1edo:<\/li>\n<\/ul>\n<div>\u00a0\u00a0<img loading=\"lazy\" decoding=\"async\" class=\"aligncenter\" src=\"https:\/\/mcusercontent.com\/498b950ccfc4b8d0e600d7e48\/images\/b38da3cf-b406-018f-b936-2536d27dd129.png\" width=\"243\" height=\"136\" data-file-id=\"3203067\" data-cke-saved-src=\"https:\/\/mcusercontent.com\/498b950ccfc4b8d0e600d7e48\/images\/b38da3cf-b406-018f-b936-2536d27dd129.png\" \/><\/div>\n<p>Tienes m\u00e1s informaci\u00f3n sobre la documentaci\u00f3n a presentar <a href=\"https:\/\/egoitza.araba.eus\/es\/-\/solicitar-ayuda-complementaria-para-el-mantenimiento-y-conservacion-de-vinedos-remarcables-2025\" data-cke-saved-href=\"https:\/\/egoitza.araba.eus\/es\/-\/solicitar-ayuda-complementaria-para-el-mantenimiento-y-conservacion-de-vinedos-remarcables-2025\">aqu\u00ed<\/a>\u00a0y puedes realizar la solicitud telem\u00e1tica a trav\u00e9s de este\u00a0<a href=\"https:\/\/egoitza.araba.eus\/es\/-\/ayuda-para-el-fomento-de-la-conservacion-y-el-mantenimiento-de-los-vinedos-remarcables\" target=\"_blank\" rel=\"noopener\" data-cke-saved-href=\"https:\/\/egoitza.araba.eus\/es\/-\/ayuda-para-el-fomento-de-la-conservacion-y-el-mantenimiento-de-los-vinedos-remarcables\">enlace<\/a>.<\/p>\n","protected":false},"excerpt":{"rendered":"<p>La Diputaci\u00f3n ha publicado hoy en el BOTHA un nuevo Decreto Foral por el que se aprueban las bases reguladoras de una l\u00ednea de ayudas espec\u00edfica para el fomento de la conservaci\u00f3n y el mantenimiento de los Vi\u00f1edos Remarcables del Territorio Hist\u00f3rico de \u00c1lava. Ha habido una serie de cambios desde la noticia que comunicamos [&hellip;]<\/p>\n","protected":false},"author":4,"featured_media":11753,"comment_status":"closed","ping_status":"closed","sticky":false,"template":"","format":"standard","meta":{"footnotes":""},"categories":[7,5],"tags":[],"yoast_head":"<!-- This site is optimized with the Yoast SEO plugin v21.5 - https:\/\/yoast.com\/wordpress\/plugins\/seo\/ -->\n<title>Actualizaci\u00f3n para la solicitud de ayuda de vi\u00f1edos remarcables en Rioja Alavesa. Plazo hasta el 7 de julio - UAGA<\/title>\n<meta name=\"robots\" content=\"index, follow, max-snippet:-1, max-image-preview:large, max-video-preview:-1\" \/>\n<link rel=\"canonical\" href=\"https:\/\/www.uaga.eus\/actualizacion-para-la-solicitud-de-ayuda-de-vinedos-remarcables-en-rioja-alavesa-plazo-hasta-el-7-de-julio\/\" \/>\n<meta property=\"og:locale\" content=\"en_US\" \/>\n<meta property=\"og:type\" content=\"article\" \/>\n<meta property=\"og:title\" content=\"Actualizaci\u00f3n para la solicitud de ayuda de vi\u00f1edos remarcables en Rioja Alavesa. Plazo hasta el 7 de julio - UAGA\" \/>\n<meta property=\"og:description\" content=\"La Diputaci\u00f3n ha publicado hoy en el BOTHA un nuevo Decreto Foral por el que se aprueban las bases reguladoras de una l\u00ednea de ayudas espec\u00edfica para el fomento de la conservaci\u00f3n y el mantenimiento de los Vi\u00f1edos Remarcables del Territorio Hist\u00f3rico de \u00c1lava. Ha habido una serie de cambios desde la noticia que comunicamos [&hellip;]\" \/>\n<meta property=\"og:url\" content=\"https:\/\/www.uaga.eus\/actualizacion-para-la-solicitud-de-ayuda-de-vinedos-remarcables-en-rioja-alavesa-plazo-hasta-el-7-de-julio\/\" \/>\n<meta property=\"og:site_name\" content=\"UAGA\" \/>\n<meta property=\"article:published_time\" content=\"2025-06-13T12:01:18+00:00\" \/>\n<meta property=\"og:image\" content=\"https:\/\/www.uaga.eus\/wp-content\/uploads\/2023\/09\/uvas-en-vi\u00f1as-para-vendimiar-e1693566596529.jpg\" \/>\n\t<meta property=\"og:image:width\" content=\"650\" \/>\n\t<meta property=\"og:image:height\" content=\"423\" \/>\n\t<meta property=\"og:image:type\" content=\"image\/jpeg\" \/>\n<meta name=\"author\" content=\"Blanca S\u00e1nchez\" \/>\n<meta name=\"twitter:card\" content=\"summary_large_image\" \/>\n<meta name=\"twitter:label1\" content=\"Written by\" \/>\n\t<meta name=\"twitter:data1\" content=\"Blanca S\u00e1nchez\" \/>\n\t<meta name=\"twitter:label2\" content=\"Est. reading time\" \/>\n\t<meta name=\"twitter:data2\" content=\"1 minutua\" \/>\n<script type=\"application\/ld+json\" class=\"yoast-schema-graph\">{\"@context\":\"https:\/\/schema.org\",\"@graph\":[{\"@type\":\"WebPage\",\"@id\":\"https:\/\/www.uaga.eus\/actualizacion-para-la-solicitud-de-ayuda-de-vinedos-remarcables-en-rioja-alavesa-plazo-hasta-el-7-de-julio\/\",\"url\":\"https:\/\/www.uaga.eus\/actualizacion-para-la-solicitud-de-ayuda-de-vinedos-remarcables-en-rioja-alavesa-plazo-hasta-el-7-de-julio\/\",\"name\":\"Actualizaci\u00f3n para la solicitud de ayuda de vi\u00f1edos remarcables en Rioja Alavesa. Plazo hasta el 7 de julio - UAGA\",\"isPartOf\":{\"@id\":\"https:\/\/www.uaga.eus\/#website\"},\"datePublished\":\"2025-06-13T12:01:18+00:00\",\"dateModified\":\"2025-06-13T12:01:18+00:00\",\"author\":{\"@id\":\"https:\/\/www.uaga.eus\/#\/schema\/person\/48c3cbf0f33d1b788226dbb6518689cf\"},\"breadcrumb\":{\"@id\":\"https:\/\/www.uaga.eus\/actualizacion-para-la-solicitud-de-ayuda-de-vinedos-remarcables-en-rioja-alavesa-plazo-hasta-el-7-de-julio\/#breadcrumb\"},\"inLanguage\":\"eu\",\"potentialAction\":[{\"@type\":\"ReadAction\",\"target\":[\"https:\/\/www.uaga.eus\/actualizacion-para-la-solicitud-de-ayuda-de-vinedos-remarcables-en-rioja-alavesa-plazo-hasta-el-7-de-julio\/\"]}]},{\"@type\":\"BreadcrumbList\",\"@id\":\"https:\/\/www.uaga.eus\/actualizacion-para-la-solicitud-de-ayuda-de-vinedos-remarcables-en-rioja-alavesa-plazo-hasta-el-7-de-julio\/#breadcrumb\",\"itemListElement\":[{\"@type\":\"ListItem\",\"position\":1,\"name\":\"Inicio\",\"item\":\"https:\/\/www.uaga.eus\/\"},{\"@type\":\"ListItem\",\"position\":2,\"name\":\"Actualizaci\u00f3n para la solicitud de ayuda de vi\u00f1edos remarcables en Rioja Alavesa. Plazo hasta el 7 de julio\"}]},{\"@type\":\"WebSite\",\"@id\":\"https:\/\/www.uaga.eus\/#website\",\"url\":\"https:\/\/www.uaga.eus\/\",\"name\":\"UAGA\",\"description\":\"Uni\u00f3n Agroganadera de \u00c1lava - Araba Nekazarien Elkartea\",\"potentialAction\":[{\"@type\":\"SearchAction\",\"target\":{\"@type\":\"EntryPoint\",\"urlTemplate\":\"https:\/\/www.uaga.eus\/?s={search_term_string}\"},\"query-input\":\"required name=search_term_string\"}],\"inLanguage\":\"eu\"},{\"@type\":\"Person\",\"@id\":\"https:\/\/www.uaga.eus\/#\/schema\/person\/48c3cbf0f33d1b788226dbb6518689cf\",\"name\":\"Blanca S\u00e1nchez\",\"image\":{\"@type\":\"ImageObject\",\"inLanguage\":\"eu\",\"@id\":\"https:\/\/www.uaga.eus\/#\/schema\/person\/image\/\",\"url\":\"https:\/\/secure.gravatar.com\/avatar\/0dc91c20648254b1ce84877283f6751b?s=96&d=mm&r=g\",\"contentUrl\":\"https:\/\/secure.gravatar.com\/avatar\/0dc91c20648254b1ce84877283f6751b?s=96&d=mm&r=g\",\"caption\":\"Blanca S\u00e1nchez\"},\"url\":\"https:\/\/www.uaga.eus\/eu\/author\/bsanchez\/\"}]}<\/script>\n<!-- \/ Yoast SEO plugin. -->","yoast_head_json":{"title":"Actualizaci\u00f3n para la solicitud de ayuda de vi\u00f1edos remarcables en Rioja Alavesa. Plazo hasta el 7 de julio - UAGA","robots":{"index":"index","follow":"follow","max-snippet":"max-snippet:-1","max-image-preview":"max-image-preview:large","max-video-preview":"max-video-preview:-1"},"canonical":"https:\/\/www.uaga.eus\/actualizacion-para-la-solicitud-de-ayuda-de-vinedos-remarcables-en-rioja-alavesa-plazo-hasta-el-7-de-julio\/","og_locale":"en_US","og_type":"article","og_title":"Actualizaci\u00f3n para la solicitud de ayuda de vi\u00f1edos remarcables en Rioja Alavesa. Plazo hasta el 7 de julio - UAGA","og_description":"La Diputaci\u00f3n ha publicado hoy en el BOTHA un nuevo Decreto Foral por el que se aprueban las bases reguladoras de una l\u00ednea de ayudas espec\u00edfica para el fomento de la conservaci\u00f3n y el mantenimiento de los Vi\u00f1edos Remarcables del Territorio Hist\u00f3rico de \u00c1lava. Ha habido una serie de cambios desde la noticia que comunicamos [&hellip;]","og_url":"https:\/\/www.uaga.eus\/actualizacion-para-la-solicitud-de-ayuda-de-vinedos-remarcables-en-rioja-alavesa-plazo-hasta-el-7-de-julio\/","og_site_name":"UAGA","article_published_time":"2025-06-13T12:01:18+00:00","og_image":[{"width":650,"height":423,"url":"https:\/\/www.uaga.eus\/wp-content\/uploads\/2023\/09\/uvas-en-vi\u00f1as-para-vendimiar-e1693566596529.jpg","type":"image\/jpeg"}],"author":"Blanca S\u00e1nchez","twitter_card":"summary_large_image","twitter_misc":{"Written by":"Blanca S\u00e1nchez","Est. reading time":"1 minutua"},"schema":{"@context":"https:\/\/schema.org","@graph":[{"@type":"WebPage","@id":"https:\/\/www.uaga.eus\/actualizacion-para-la-solicitud-de-ayuda-de-vinedos-remarcables-en-rioja-alavesa-plazo-hasta-el-7-de-julio\/","url":"https:\/\/www.uaga.eus\/actualizacion-para-la-solicitud-de-ayuda-de-vinedos-remarcables-en-rioja-alavesa-plazo-hasta-el-7-de-julio\/","name":"Actualizaci\u00f3n para la solicitud de ayuda de vi\u00f1edos remarcables en Rioja Alavesa. Plazo hasta el 7 de julio - UAGA","isPartOf":{"@id":"https:\/\/www.uaga.eus\/#website"},"datePublished":"2025-06-13T12:01:18+00:00","dateModified":"2025-06-13T12:01:18+00:00","author":{"@id":"https:\/\/www.uaga.eus\/#\/schema\/person\/48c3cbf0f33d1b788226dbb6518689cf"},"breadcrumb":{"@id":"https:\/\/www.uaga.eus\/actualizacion-para-la-solicitud-de-ayuda-de-vinedos-remarcables-en-rioja-alavesa-plazo-hasta-el-7-de-julio\/#breadcrumb"},"inLanguage":"eu","potentialAction":[{"@type":"ReadAction","target":["https:\/\/www.uaga.eus\/actualizacion-para-la-solicitud-de-ayuda-de-vinedos-remarcables-en-rioja-alavesa-plazo-hasta-el-7-de-julio\/"]}]},{"@type":"BreadcrumbList","@id":"https:\/\/www.uaga.eus\/actualizacion-para-la-solicitud-de-ayuda-de-vinedos-remarcables-en-rioja-alavesa-plazo-hasta-el-7-de-julio\/#breadcrumb","itemListElement":[{"@type":"ListItem","position":1,"name":"Inicio","item":"https:\/\/www.uaga.eus\/"},{"@type":"ListItem","position":2,"name":"Actualizaci\u00f3n para la solicitud de ayuda de vi\u00f1edos remarcables en Rioja Alavesa. Plazo hasta el 7 de julio"}]},{"@type":"WebSite","@id":"https:\/\/www.uaga.eus\/#website","url":"https:\/\/www.uaga.eus\/","name":"UAGA","description":"Uni\u00f3n Agroganadera de \u00c1lava - Araba Nekazarien Elkartea","potentialAction":[{"@type":"SearchAction","target":{"@type":"EntryPoint","urlTemplate":"https:\/\/www.uaga.eus\/?s={search_term_string}"},"query-input":"required name=search_term_string"}],"inLanguage":"eu"},{"@type":"Person","@id":"https:\/\/www.uaga.eus\/#\/schema\/person\/48c3cbf0f33d1b788226dbb6518689cf","name":"Blanca S\u00e1nchez","image":{"@type":"ImageObject","inLanguage":"eu","@id":"https:\/\/www.uaga.eus\/#\/schema\/person\/image\/","url":"https:\/\/secure.gravatar.com\/avatar\/0dc91c20648254b1ce84877283f6751b?s=96&d=mm&r=g","contentUrl":"https:\/\/secure.gravatar.com\/avatar\/0dc91c20648254b1ce84877283f6751b?s=96&d=mm&r=g","caption":"Blanca S\u00e1nchez"},"url":"https:\/\/www.uaga.eus\/eu\/author\/bsanchez\/"}]}},"_links":{"self":[{"href":"https:\/\/www.uaga.eus\/eu\/wp-json\/wp\/v2\/posts\/13844"}],"collection":[{"href":"https:\/\/www.uaga.eus\/eu\/wp-json\/wp\/v2\/posts"}],"about":[{"href":"https:\/\/www.uaga.eus\/eu\/wp-json\/wp\/v2\/types\/post"}],"author":[{"embeddable":true,"href":"https:\/\/www.uaga.eus\/eu\/wp-json\/wp\/v2\/users\/4"}],"replies":[{"embeddable":true,"href":"https:\/\/www.uaga.eus\/eu\/wp-json\/wp\/v2\/comments?post=13844"}],"version-history":[{"count":1,"href":"https:\/\/www.uaga.eus\/eu\/wp-json\/wp\/v2\/posts\/13844\/revisions"}],"predecessor-version":[{"id":13845,"href":"https:\/\/www.uaga.eus\/eu\/wp-json\/wp\/v2\/posts\/13844\/revisions\/13845"}],"wp:featuredmedia":[{"embeddable":true,"href":"https:\/\/www.uaga.eus\/eu\/wp-json\/wp\/v2\/media\/11753"}],"wp:attachment":[{"href":"https:\/\/www.uaga.eus\/eu\/wp-json\/wp\/v2\/media?parent=13844"}],"wp:term":[{"taxonomy":"category","embeddable":true,"href":"https:\/\/www.uaga.eus\/eu\/wp-json\/wp\/v2\/categories?post=13844"},{"taxonomy":"post_tag","embeddable":true,"href":"https:\/\/www.uaga.eus\/eu\/wp-json\/wp\/v2\/tags?post=13844"}],"curies":[{"name":"wp","href":"https:\/\/api.w.org\/{rel}","templated":true}]}}