{"id":13838,"date":"2025-06-13T11:57:16","date_gmt":"2025-06-13T11:57:16","guid":{"rendered":"https:\/\/www.uaga.eus\/?p=13838"},"modified":"2025-06-13T11:57:16","modified_gmt":"2025-06-13T11:57:16","slug":"seguridad-social-los-jubilados-podran-solicitar-el-complemento-por-hijos-o-hijas-sin-limitaciones","status":"publish","type":"post","link":"https:\/\/www.uaga.eus\/eu\/seguridad-social-los-jubilados-podran-solicitar-el-complemento-por-hijos-o-hijas-sin-limitaciones\/","title":{"rendered":"Seguridad social: Los\u00a0jubilados podr\u00e1n solicitar el complemento por hijos o hijas sin limitaciones"},"content":{"rendered":"<p>La Ley General de la Seguridad Social establece\u00a0para las pensiones de jubilaci\u00f3n en su art\u00edculo 60 un complemento por hijos, cuyo acceso para los hombres est\u00e1 condicionado a requisitos espec\u00edficos (mientras que para las mujeres el derecho se presume autom\u00e1ticamente por el mero hecho de haber tenido hijos). Sin embargo, una reciente Sentencia del Tribunal de Justicia de la Uni\u00f3n Europea, de 15 de mayo de 2025, considera que la redacci\u00f3n de este art\u00edculo conlleva un trato desigual que carece de justificaci\u00f3n objetiva suficiente.<\/p>\n<p>Por tanto, <strong>los padres que vayan a solicitar la pensi\u00f3n de jubilaci\u00f3n<\/strong> (o de incapacidad permanente o de viudedad) <strong>podr\u00e1n pedir el complemento por los hijos<\/strong>\u00a0-actualmente denominado complemento para la reducci\u00f3n de la brecha de g\u00e9nero-, si bien s\u00f3lo lo podr\u00e1 cobrar uno de los progenitores. En principio ser\u00e1 quien\u00a0 tenga una pensi\u00f3n de menor cuant\u00eda.<\/p>\n<p><strong>Tambi\u00e9n podr\u00e1n solicitar los atrasos de dicho complemento quienes\u00a0accedieron a dichas prestaciones a partir del 04\/02\/2021<\/strong>, mediante la correspondiente reclamaci\u00f3n, aportando copia del libro de familia.<\/p>\n<p>Finalmente se recuerda, como ya se inform\u00f3 en su d\u00eda, que con anterioridad al 04\/02\/2021 y desde el 01\/01\/2016, este complemento de los hijos se denominaba complemento de maternidad. Los padres que accedieron a las prestaciones en este periodo tambi\u00e9n lo pueden reclamar -si no lo han hecho ya &#8211;\u00a0pero para estos supuestos\u00a0s\u00f3lo si tuvieron dos o m\u00e1s hijos.<\/p>\n<p>+INFO\u00a0SILVANA:\u00a0 689 092 942<\/p>\n","protected":false},"excerpt":{"rendered":"<p>La Ley General de la Seguridad Social establece\u00a0para las pensiones de jubilaci\u00f3n en su art\u00edculo 60 un complemento por hijos, cuyo acceso para los hombres est\u00e1 condicionado a requisitos espec\u00edficos (mientras que para las mujeres el derecho se presume autom\u00e1ticamente por el mero hecho de haber tenido hijos). Sin embargo, una reciente Sentencia del Tribunal [&hellip;]<\/p>\n","protected":false},"author":4,"featured_media":12519,"comment_status":"closed","ping_status":"closed","sticky":false,"template":"","format":"standard","meta":{"footnotes":""},"categories":[38],"tags":[],"yoast_head":"<!-- This site is optimized with the Yoast SEO plugin v21.5 - https:\/\/yoast.com\/wordpress\/plugins\/seo\/ -->\n<title>Seguridad social: Los\u00a0jubilados podr\u00e1n solicitar el complemento por hijos o hijas sin limitaciones - UAGA<\/title>\n<meta name=\"robots\" content=\"index, follow, max-snippet:-1, max-image-preview:large, max-video-preview:-1\" \/>\n<link rel=\"canonical\" href=\"https:\/\/www.uaga.eus\/seguridad-social-los-jubilados-podran-solicitar-el-complemento-por-hijos-o-hijas-sin-limitaciones\/\" \/>\n<meta property=\"og:locale\" content=\"en_US\" \/>\n<meta property=\"og:type\" content=\"article\" \/>\n<meta property=\"og:title\" content=\"Seguridad social: Los\u00a0jubilados podr\u00e1n solicitar el complemento por hijos o hijas sin limitaciones - UAGA\" \/>\n<meta property=\"og:description\" content=\"La Ley General de la Seguridad Social establece\u00a0para las pensiones de jubilaci\u00f3n en su art\u00edculo 60 un complemento por hijos, cuyo acceso para los hombres est\u00e1 condicionado a requisitos espec\u00edficos (mientras que para las mujeres el derecho se presume autom\u00e1ticamente por el mero hecho de haber tenido hijos). Sin embargo, una reciente Sentencia del Tribunal [&hellip;]\" \/>\n<meta property=\"og:url\" content=\"https:\/\/www.uaga.eus\/seguridad-social-los-jubilados-podran-solicitar-el-complemento-por-hijos-o-hijas-sin-limitaciones\/\" \/>\n<meta property=\"og:site_name\" content=\"UAGA\" \/>\n<meta property=\"article:published_time\" content=\"2025-06-13T11:57:16+00:00\" \/>\n<meta property=\"og:image\" content=\"https:\/\/www.uaga.eus\/wp-content\/uploads\/2024\/04\/padre-e-hijo.jpg\" \/>\n\t<meta property=\"og:image:width\" content=\"650\" \/>\n\t<meta property=\"og:image:height\" content=\"366\" \/>\n\t<meta property=\"og:image:type\" content=\"image\/jpeg\" \/>\n<meta name=\"author\" content=\"Blanca S\u00e1nchez\" \/>\n<meta name=\"twitter:card\" content=\"summary_large_image\" \/>\n<meta name=\"twitter:label1\" content=\"Written by\" \/>\n\t<meta name=\"twitter:data1\" content=\"Blanca S\u00e1nchez\" \/>\n\t<meta name=\"twitter:label2\" content=\"Est. reading time\" \/>\n\t<meta name=\"twitter:data2\" content=\"2 minutua\" \/>\n<script type=\"application\/ld+json\" class=\"yoast-schema-graph\">{\"@context\":\"https:\/\/schema.org\",\"@graph\":[{\"@type\":\"WebPage\",\"@id\":\"https:\/\/www.uaga.eus\/seguridad-social-los-jubilados-podran-solicitar-el-complemento-por-hijos-o-hijas-sin-limitaciones\/\",\"url\":\"https:\/\/www.uaga.eus\/seguridad-social-los-jubilados-podran-solicitar-el-complemento-por-hijos-o-hijas-sin-limitaciones\/\",\"name\":\"Seguridad social: Los\u00a0jubilados podr\u00e1n solicitar el complemento por hijos o hijas sin limitaciones - UAGA\",\"isPartOf\":{\"@id\":\"https:\/\/www.uaga.eus\/#website\"},\"datePublished\":\"2025-06-13T11:57:16+00:00\",\"dateModified\":\"2025-06-13T11:57:16+00:00\",\"author\":{\"@id\":\"https:\/\/www.uaga.eus\/#\/schema\/person\/48c3cbf0f33d1b788226dbb6518689cf\"},\"breadcrumb\":{\"@id\":\"https:\/\/www.uaga.eus\/seguridad-social-los-jubilados-podran-solicitar-el-complemento-por-hijos-o-hijas-sin-limitaciones\/#breadcrumb\"},\"inLanguage\":\"eu\",\"potentialAction\":[{\"@type\":\"ReadAction\",\"target\":[\"https:\/\/www.uaga.eus\/seguridad-social-los-jubilados-podran-solicitar-el-complemento-por-hijos-o-hijas-sin-limitaciones\/\"]}]},{\"@type\":\"BreadcrumbList\",\"@id\":\"https:\/\/www.uaga.eus\/seguridad-social-los-jubilados-podran-solicitar-el-complemento-por-hijos-o-hijas-sin-limitaciones\/#breadcrumb\",\"itemListElement\":[{\"@type\":\"ListItem\",\"position\":1,\"name\":\"Inicio\",\"item\":\"https:\/\/www.uaga.eus\/\"},{\"@type\":\"ListItem\",\"position\":2,\"name\":\"Seguridad social: Los\u00a0jubilados podr\u00e1n solicitar el complemento por hijos o hijas sin limitaciones\"}]},{\"@type\":\"WebSite\",\"@id\":\"https:\/\/www.uaga.eus\/#website\",\"url\":\"https:\/\/www.uaga.eus\/\",\"name\":\"UAGA\",\"description\":\"Uni\u00f3n Agroganadera de \u00c1lava - Araba Nekazarien Elkartea\",\"potentialAction\":[{\"@type\":\"SearchAction\",\"target\":{\"@type\":\"EntryPoint\",\"urlTemplate\":\"https:\/\/www.uaga.eus\/?s={search_term_string}\"},\"query-input\":\"required name=search_term_string\"}],\"inLanguage\":\"eu\"},{\"@type\":\"Person\",\"@id\":\"https:\/\/www.uaga.eus\/#\/schema\/person\/48c3cbf0f33d1b788226dbb6518689cf\",\"name\":\"Blanca S\u00e1nchez\",\"image\":{\"@type\":\"ImageObject\",\"inLanguage\":\"eu\",\"@id\":\"https:\/\/www.uaga.eus\/#\/schema\/person\/image\/\",\"url\":\"https:\/\/secure.gravatar.com\/avatar\/0dc91c20648254b1ce84877283f6751b?s=96&d=mm&r=g\",\"contentUrl\":\"https:\/\/secure.gravatar.com\/avatar\/0dc91c20648254b1ce84877283f6751b?s=96&d=mm&r=g\",\"caption\":\"Blanca S\u00e1nchez\"},\"url\":\"https:\/\/www.uaga.eus\/eu\/author\/bsanchez\/\"}]}<\/script>\n<!-- \/ Yoast SEO plugin. -->","yoast_head_json":{"title":"Seguridad social: Los\u00a0jubilados podr\u00e1n solicitar el complemento por hijos o hijas sin limitaciones - UAGA","robots":{"index":"index","follow":"follow","max-snippet":"max-snippet:-1","max-image-preview":"max-image-preview:large","max-video-preview":"max-video-preview:-1"},"canonical":"https:\/\/www.uaga.eus\/seguridad-social-los-jubilados-podran-solicitar-el-complemento-por-hijos-o-hijas-sin-limitaciones\/","og_locale":"en_US","og_type":"article","og_title":"Seguridad social: Los\u00a0jubilados podr\u00e1n solicitar el complemento por hijos o hijas sin limitaciones - UAGA","og_description":"La Ley General de la Seguridad Social establece\u00a0para las pensiones de jubilaci\u00f3n en su art\u00edculo 60 un complemento por hijos, cuyo acceso para los hombres est\u00e1 condicionado a requisitos espec\u00edficos (mientras que para las mujeres el derecho se presume autom\u00e1ticamente por el mero hecho de haber tenido hijos). Sin embargo, una reciente Sentencia del Tribunal [&hellip;]","og_url":"https:\/\/www.uaga.eus\/seguridad-social-los-jubilados-podran-solicitar-el-complemento-por-hijos-o-hijas-sin-limitaciones\/","og_site_name":"UAGA","article_published_time":"2025-06-13T11:57:16+00:00","og_image":[{"width":650,"height":366,"url":"https:\/\/www.uaga.eus\/wp-content\/uploads\/2024\/04\/padre-e-hijo.jpg","type":"image\/jpeg"}],"author":"Blanca S\u00e1nchez","twitter_card":"summary_large_image","twitter_misc":{"Written by":"Blanca S\u00e1nchez","Est. reading time":"2 minutua"},"schema":{"@context":"https:\/\/schema.org","@graph":[{"@type":"WebPage","@id":"https:\/\/www.uaga.eus\/seguridad-social-los-jubilados-podran-solicitar-el-complemento-por-hijos-o-hijas-sin-limitaciones\/","url":"https:\/\/www.uaga.eus\/seguridad-social-los-jubilados-podran-solicitar-el-complemento-por-hijos-o-hijas-sin-limitaciones\/","name":"Seguridad social: Los\u00a0jubilados podr\u00e1n solicitar el complemento por hijos o hijas sin limitaciones - UAGA","isPartOf":{"@id":"https:\/\/www.uaga.eus\/#website"},"datePublished":"2025-06-13T11:57:16+00:00","dateModified":"2025-06-13T11:57:16+00:00","author":{"@id":"https:\/\/www.uaga.eus\/#\/schema\/person\/48c3cbf0f33d1b788226dbb6518689cf"},"breadcrumb":{"@id":"https:\/\/www.uaga.eus\/seguridad-social-los-jubilados-podran-solicitar-el-complemento-por-hijos-o-hijas-sin-limitaciones\/#breadcrumb"},"inLanguage":"eu","potentialAction":[{"@type":"ReadAction","target":["https:\/\/www.uaga.eus\/seguridad-social-los-jubilados-podran-solicitar-el-complemento-por-hijos-o-hijas-sin-limitaciones\/"]}]},{"@type":"BreadcrumbList","@id":"https:\/\/www.uaga.eus\/seguridad-social-los-jubilados-podran-solicitar-el-complemento-por-hijos-o-hijas-sin-limitaciones\/#breadcrumb","itemListElement":[{"@type":"ListItem","position":1,"name":"Inicio","item":"https:\/\/www.uaga.eus\/"},{"@type":"ListItem","position":2,"name":"Seguridad social: Los\u00a0jubilados podr\u00e1n solicitar el complemento por hijos o hijas sin limitaciones"}]},{"@type":"WebSite","@id":"https:\/\/www.uaga.eus\/#website","url":"https:\/\/www.uaga.eus\/","name":"UAGA","description":"Uni\u00f3n Agroganadera de \u00c1lava - Araba Nekazarien Elkartea","potentialAction":[{"@type":"SearchAction","target":{"@type":"EntryPoint","urlTemplate":"https:\/\/www.uaga.eus\/?s={search_term_string}"},"query-input":"required name=search_term_string"}],"inLanguage":"eu"},{"@type":"Person","@id":"https:\/\/www.uaga.eus\/#\/schema\/person\/48c3cbf0f33d1b788226dbb6518689cf","name":"Blanca S\u00e1nchez","image":{"@type":"ImageObject","inLanguage":"eu","@id":"https:\/\/www.uaga.eus\/#\/schema\/person\/image\/","url":"https:\/\/secure.gravatar.com\/avatar\/0dc91c20648254b1ce84877283f6751b?s=96&d=mm&r=g","contentUrl":"https:\/\/secure.gravatar.com\/avatar\/0dc91c20648254b1ce84877283f6751b?s=96&d=mm&r=g","caption":"Blanca S\u00e1nchez"},"url":"https:\/\/www.uaga.eus\/eu\/author\/bsanchez\/"}]}},"_links":{"self":[{"href":"https:\/\/www.uaga.eus\/eu\/wp-json\/wp\/v2\/posts\/13838"}],"collection":[{"href":"https:\/\/www.uaga.eus\/eu\/wp-json\/wp\/v2\/posts"}],"about":[{"href":"https:\/\/www.uaga.eus\/eu\/wp-json\/wp\/v2\/types\/post"}],"author":[{"embeddable":true,"href":"https:\/\/www.uaga.eus\/eu\/wp-json\/wp\/v2\/users\/4"}],"replies":[{"embeddable":true,"href":"https:\/\/www.uaga.eus\/eu\/wp-json\/wp\/v2\/comments?post=13838"}],"version-history":[{"count":1,"href":"https:\/\/www.uaga.eus\/eu\/wp-json\/wp\/v2\/posts\/13838\/revisions"}],"predecessor-version":[{"id":13839,"href":"https:\/\/www.uaga.eus\/eu\/wp-json\/wp\/v2\/posts\/13838\/revisions\/13839"}],"wp:featuredmedia":[{"embeddable":true,"href":"https:\/\/www.uaga.eus\/eu\/wp-json\/wp\/v2\/media\/12519"}],"wp:attachment":[{"href":"https:\/\/www.uaga.eus\/eu\/wp-json\/wp\/v2\/media?parent=13838"}],"wp:term":[{"taxonomy":"category","embeddable":true,"href":"https:\/\/www.uaga.eus\/eu\/wp-json\/wp\/v2\/categories?post=13838"},{"taxonomy":"post_tag","embeddable":true,"href":"https:\/\/www.uaga.eus\/eu\/wp-json\/wp\/v2\/tags?post=13838"}],"curies":[{"name":"wp","href":"https:\/\/api.w.org\/{rel}","templated":true}]}}