{"id":13821,"date":"2025-06-06T11:52:46","date_gmt":"2025-06-06T11:52:46","guid":{"rendered":"https:\/\/www.uaga.eus\/?p=13821"},"modified":"2025-06-06T11:52:46","modified_gmt":"2025-06-06T11:52:46","slug":"diputacion-crea-un-catalogo-vinedos-remarcables-para-rioja-alavesa","status":"publish","type":"post","link":"https:\/\/www.uaga.eus\/eu\/diputacion-crea-un-catalogo-vinedos-remarcables-para-rioja-alavesa\/","title":{"rendered":"Diputaci\u00f3n crea un cat\u00e1logo Vi\u00f1edos Remarcables para Rioja Alavesa"},"content":{"rendered":"<p>Esta semana el Departamento de Agricultura de Diputaci\u00f3n ha publicado el <a href=\"https:\/\/www.araba.eus\/botha\/Boletines\/2025\/062\/2025_062_01588_C.pdf\" data-cke-saved-href=\"https:\/\/www.araba.eus\/botha\/Boletines\/2025\/062\/2025_062_01588_C.pdf\">Decreto Foral <\/a>en el que se aprueba la regulaci\u00f3n de un <a href=\"https:\/\/www.araba.eus\/botha\/Boletines\/2025\/062\/2025_062_01588_C.pdf\" data-cke-saved-href=\"https:\/\/www.araba.eus\/botha\/Boletines\/2025\/062\/2025_062_01588_C.pdf\">Cat\u00e1logo de Vi\u00f1edos Remarcables del Territorio Hist\u00f3rico de \u00c1lava.<\/a>\u00a0Esta iniciativa tiene como objetivo preservar aquellos vi\u00f1edos que representan un alto valor hist\u00f3rico, cultural y enol\u00f3gico para la comarca de Rioja Alavesa.<\/p>\n<p>El cat\u00e1logo clasifica el vi\u00f1edo en tres categor\u00edas: \u201cRemarcables\u201d, \u201cNotables\u201d y \u201cMonumentales\u201d, que determinar\u00e1n el nivel de protecci\u00f3n y las medidas necesarias para su conservaci\u00f3n.\u00a0La inclusi\u00f3n el este cat\u00e1logo depende de varios criterios t\u00e9cnicos: la edad del vi\u00f1edo (vi\u00f1edos plantados con anterioridad a 1978), el estado sanitario y la presencia de marras, la morfolog\u00eda del vi\u00f1edo, la diversidad varietal, el reconocimiento enol\u00f3gico, los elementos singulares, la biodiversidad, el marco de plantaci\u00f3n, y otros elementos culturales o de valor paisaj\u00edstico.<\/p>\n<p>Cada vi\u00f1edo puede obtener una puntuaci\u00f3n m\u00e1xima de 15 puntos. En\u00a0funci\u00f3n de la puntuaci\u00f3n final se determinar\u00e1 y asignar\u00e1 una categor\u00eda diferente a este vi\u00f1edo\u00a0y seg\u00fan se anunci\u00f3 en\u00a0<a href=\"https:\/\/mcusercontent.com\/498b950ccfc4b8d0e600d7e48\/files\/b3690fad-c9fe-f318-8cb6-f0593bac7dbe\/250520_VI_Ntilde_EDOS_REMARCABLES_Nota_de_prensa_Diputacion.pdf\" target=\"_blank\" rel=\"noopener\" data-cke-saved-href=\"https:\/\/mcusercontent.com\/498b950ccfc4b8d0e600d7e48\/files\/b3690fad-c9fe-f318-8cb6-f0593bac7dbe\/250520_VI_Ntilde_EDOS_REMARCABLES_Nota_de_prensa_Diputacion.pdf\">nota de prensa<\/a>\u00a0dar\u00e1 acceso a determinadas ayudas:<\/p>\n<ul>\n<li>Vi\u00f1edo Remarcable: 300 euros por hect\u00e1rea.<\/li>\n<li>Vi\u00f1edo Notable: 450 euros por hect\u00e1rea.<\/li>\n<li>Vi\u00f1edo Monumental: 600 euros por hect\u00e1rea.<\/li>\n<\/ul>\n<p>La solicitud puede realizarse en cualquier momento del a\u00f1o.<\/p>\n","protected":false},"excerpt":{"rendered":"<p>Esta semana el Departamento de Agricultura de Diputaci\u00f3n ha publicado el Decreto Foral en el que se aprueba la regulaci\u00f3n de un Cat\u00e1logo de Vi\u00f1edos Remarcables del Territorio Hist\u00f3rico de \u00c1lava.\u00a0Esta iniciativa tiene como objetivo preservar aquellos vi\u00f1edos que representan un alto valor hist\u00f3rico, cultural y enol\u00f3gico para la comarca de Rioja Alavesa. El cat\u00e1logo [&hellip;]<\/p>\n","protected":false},"author":4,"featured_media":13822,"comment_status":"closed","ping_status":"closed","sticky":false,"template":"","format":"standard","meta":{"footnotes":""},"categories":[7,5],"tags":[],"yoast_head":"<!-- This site is optimized with the Yoast SEO plugin v21.5 - https:\/\/yoast.com\/wordpress\/plugins\/seo\/ -->\n<title>Diputaci\u00f3n crea un cat\u00e1logo Vi\u00f1edos Remarcables para Rioja Alavesa - UAGA<\/title>\n<meta name=\"robots\" content=\"index, follow, max-snippet:-1, max-image-preview:large, max-video-preview:-1\" \/>\n<link rel=\"canonical\" href=\"https:\/\/www.uaga.eus\/diputacion-crea-un-catalogo-vinedos-remarcables-para-rioja-alavesa\/\" \/>\n<meta property=\"og:locale\" content=\"en_US\" \/>\n<meta property=\"og:type\" content=\"article\" \/>\n<meta property=\"og:title\" content=\"Diputaci\u00f3n crea un cat\u00e1logo Vi\u00f1edos Remarcables para Rioja Alavesa - UAGA\" \/>\n<meta property=\"og:description\" content=\"Esta semana el Departamento de Agricultura de Diputaci\u00f3n ha publicado el Decreto Foral en el que se aprueba la regulaci\u00f3n de un Cat\u00e1logo de Vi\u00f1edos Remarcables del Territorio Hist\u00f3rico de \u00c1lava.\u00a0Esta iniciativa tiene como objetivo preservar aquellos vi\u00f1edos que representan un alto valor hist\u00f3rico, cultural y enol\u00f3gico para la comarca de Rioja Alavesa. El cat\u00e1logo [&hellip;]\" \/>\n<meta property=\"og:url\" content=\"https:\/\/www.uaga.eus\/diputacion-crea-un-catalogo-vinedos-remarcables-para-rioja-alavesa\/\" \/>\n<meta property=\"og:site_name\" content=\"UAGA\" \/>\n<meta property=\"article:published_time\" content=\"2025-06-06T11:52:46+00:00\" \/>\n<meta property=\"og:image\" content=\"https:\/\/www.uaga.eus\/wp-content\/uploads\/2025\/06\/tratando-vinas-en-Samaniego-e1749210753462.jpg\" \/>\n\t<meta property=\"og:image:width\" content=\"700\" \/>\n\t<meta property=\"og:image:height\" content=\"386\" \/>\n\t<meta property=\"og:image:type\" content=\"image\/jpeg\" \/>\n<meta name=\"author\" content=\"Blanca S\u00e1nchez\" \/>\n<meta name=\"twitter:card\" content=\"summary_large_image\" \/>\n<meta name=\"twitter:label1\" content=\"Written by\" \/>\n\t<meta name=\"twitter:data1\" content=\"Blanca S\u00e1nchez\" \/>\n\t<meta name=\"twitter:label2\" content=\"Est. reading time\" \/>\n\t<meta name=\"twitter:data2\" content=\"1 minutua\" \/>\n<script type=\"application\/ld+json\" class=\"yoast-schema-graph\">{\"@context\":\"https:\/\/schema.org\",\"@graph\":[{\"@type\":\"WebPage\",\"@id\":\"https:\/\/www.uaga.eus\/diputacion-crea-un-catalogo-vinedos-remarcables-para-rioja-alavesa\/\",\"url\":\"https:\/\/www.uaga.eus\/diputacion-crea-un-catalogo-vinedos-remarcables-para-rioja-alavesa\/\",\"name\":\"Diputaci\u00f3n crea un cat\u00e1logo Vi\u00f1edos Remarcables para Rioja Alavesa - UAGA\",\"isPartOf\":{\"@id\":\"https:\/\/www.uaga.eus\/#website\"},\"datePublished\":\"2025-06-06T11:52:46+00:00\",\"dateModified\":\"2025-06-06T11:52:46+00:00\",\"author\":{\"@id\":\"https:\/\/www.uaga.eus\/#\/schema\/person\/48c3cbf0f33d1b788226dbb6518689cf\"},\"breadcrumb\":{\"@id\":\"https:\/\/www.uaga.eus\/diputacion-crea-un-catalogo-vinedos-remarcables-para-rioja-alavesa\/#breadcrumb\"},\"inLanguage\":\"eu\",\"potentialAction\":[{\"@type\":\"ReadAction\",\"target\":[\"https:\/\/www.uaga.eus\/diputacion-crea-un-catalogo-vinedos-remarcables-para-rioja-alavesa\/\"]}]},{\"@type\":\"BreadcrumbList\",\"@id\":\"https:\/\/www.uaga.eus\/diputacion-crea-un-catalogo-vinedos-remarcables-para-rioja-alavesa\/#breadcrumb\",\"itemListElement\":[{\"@type\":\"ListItem\",\"position\":1,\"name\":\"Inicio\",\"item\":\"https:\/\/www.uaga.eus\/\"},{\"@type\":\"ListItem\",\"position\":2,\"name\":\"Diputaci\u00f3n crea un cat\u00e1logo Vi\u00f1edos Remarcables para Rioja Alavesa\"}]},{\"@type\":\"WebSite\",\"@id\":\"https:\/\/www.uaga.eus\/#website\",\"url\":\"https:\/\/www.uaga.eus\/\",\"name\":\"UAGA\",\"description\":\"Uni\u00f3n Agroganadera de \u00c1lava - Araba Nekazarien Elkartea\",\"potentialAction\":[{\"@type\":\"SearchAction\",\"target\":{\"@type\":\"EntryPoint\",\"urlTemplate\":\"https:\/\/www.uaga.eus\/?s={search_term_string}\"},\"query-input\":\"required name=search_term_string\"}],\"inLanguage\":\"eu\"},{\"@type\":\"Person\",\"@id\":\"https:\/\/www.uaga.eus\/#\/schema\/person\/48c3cbf0f33d1b788226dbb6518689cf\",\"name\":\"Blanca S\u00e1nchez\",\"image\":{\"@type\":\"ImageObject\",\"inLanguage\":\"eu\",\"@id\":\"https:\/\/www.uaga.eus\/#\/schema\/person\/image\/\",\"url\":\"https:\/\/secure.gravatar.com\/avatar\/0dc91c20648254b1ce84877283f6751b?s=96&d=mm&r=g\",\"contentUrl\":\"https:\/\/secure.gravatar.com\/avatar\/0dc91c20648254b1ce84877283f6751b?s=96&d=mm&r=g\",\"caption\":\"Blanca S\u00e1nchez\"},\"url\":\"https:\/\/www.uaga.eus\/eu\/author\/bsanchez\/\"}]}<\/script>\n<!-- \/ Yoast SEO plugin. -->","yoast_head_json":{"title":"Diputaci\u00f3n crea un cat\u00e1logo Vi\u00f1edos Remarcables para Rioja Alavesa - UAGA","robots":{"index":"index","follow":"follow","max-snippet":"max-snippet:-1","max-image-preview":"max-image-preview:large","max-video-preview":"max-video-preview:-1"},"canonical":"https:\/\/www.uaga.eus\/diputacion-crea-un-catalogo-vinedos-remarcables-para-rioja-alavesa\/","og_locale":"en_US","og_type":"article","og_title":"Diputaci\u00f3n crea un cat\u00e1logo Vi\u00f1edos Remarcables para Rioja Alavesa - UAGA","og_description":"Esta semana el Departamento de Agricultura de Diputaci\u00f3n ha publicado el Decreto Foral en el que se aprueba la regulaci\u00f3n de un Cat\u00e1logo de Vi\u00f1edos Remarcables del Territorio Hist\u00f3rico de \u00c1lava.\u00a0Esta iniciativa tiene como objetivo preservar aquellos vi\u00f1edos que representan un alto valor hist\u00f3rico, cultural y enol\u00f3gico para la comarca de Rioja Alavesa. El cat\u00e1logo [&hellip;]","og_url":"https:\/\/www.uaga.eus\/diputacion-crea-un-catalogo-vinedos-remarcables-para-rioja-alavesa\/","og_site_name":"UAGA","article_published_time":"2025-06-06T11:52:46+00:00","og_image":[{"width":700,"height":386,"url":"https:\/\/www.uaga.eus\/wp-content\/uploads\/2025\/06\/tratando-vinas-en-Samaniego-e1749210753462.jpg","type":"image\/jpeg"}],"author":"Blanca S\u00e1nchez","twitter_card":"summary_large_image","twitter_misc":{"Written by":"Blanca S\u00e1nchez","Est. reading time":"1 minutua"},"schema":{"@context":"https:\/\/schema.org","@graph":[{"@type":"WebPage","@id":"https:\/\/www.uaga.eus\/diputacion-crea-un-catalogo-vinedos-remarcables-para-rioja-alavesa\/","url":"https:\/\/www.uaga.eus\/diputacion-crea-un-catalogo-vinedos-remarcables-para-rioja-alavesa\/","name":"Diputaci\u00f3n crea un cat\u00e1logo Vi\u00f1edos Remarcables para Rioja Alavesa - UAGA","isPartOf":{"@id":"https:\/\/www.uaga.eus\/#website"},"datePublished":"2025-06-06T11:52:46+00:00","dateModified":"2025-06-06T11:52:46+00:00","author":{"@id":"https:\/\/www.uaga.eus\/#\/schema\/person\/48c3cbf0f33d1b788226dbb6518689cf"},"breadcrumb":{"@id":"https:\/\/www.uaga.eus\/diputacion-crea-un-catalogo-vinedos-remarcables-para-rioja-alavesa\/#breadcrumb"},"inLanguage":"eu","potentialAction":[{"@type":"ReadAction","target":["https:\/\/www.uaga.eus\/diputacion-crea-un-catalogo-vinedos-remarcables-para-rioja-alavesa\/"]}]},{"@type":"BreadcrumbList","@id":"https:\/\/www.uaga.eus\/diputacion-crea-un-catalogo-vinedos-remarcables-para-rioja-alavesa\/#breadcrumb","itemListElement":[{"@type":"ListItem","position":1,"name":"Inicio","item":"https:\/\/www.uaga.eus\/"},{"@type":"ListItem","position":2,"name":"Diputaci\u00f3n crea un cat\u00e1logo Vi\u00f1edos Remarcables para Rioja Alavesa"}]},{"@type":"WebSite","@id":"https:\/\/www.uaga.eus\/#website","url":"https:\/\/www.uaga.eus\/","name":"UAGA","description":"Uni\u00f3n Agroganadera de \u00c1lava - Araba Nekazarien Elkartea","potentialAction":[{"@type":"SearchAction","target":{"@type":"EntryPoint","urlTemplate":"https:\/\/www.uaga.eus\/?s={search_term_string}"},"query-input":"required name=search_term_string"}],"inLanguage":"eu"},{"@type":"Person","@id":"https:\/\/www.uaga.eus\/#\/schema\/person\/48c3cbf0f33d1b788226dbb6518689cf","name":"Blanca S\u00e1nchez","image":{"@type":"ImageObject","inLanguage":"eu","@id":"https:\/\/www.uaga.eus\/#\/schema\/person\/image\/","url":"https:\/\/secure.gravatar.com\/avatar\/0dc91c20648254b1ce84877283f6751b?s=96&d=mm&r=g","contentUrl":"https:\/\/secure.gravatar.com\/avatar\/0dc91c20648254b1ce84877283f6751b?s=96&d=mm&r=g","caption":"Blanca S\u00e1nchez"},"url":"https:\/\/www.uaga.eus\/eu\/author\/bsanchez\/"}]}},"_links":{"self":[{"href":"https:\/\/www.uaga.eus\/eu\/wp-json\/wp\/v2\/posts\/13821"}],"collection":[{"href":"https:\/\/www.uaga.eus\/eu\/wp-json\/wp\/v2\/posts"}],"about":[{"href":"https:\/\/www.uaga.eus\/eu\/wp-json\/wp\/v2\/types\/post"}],"author":[{"embeddable":true,"href":"https:\/\/www.uaga.eus\/eu\/wp-json\/wp\/v2\/users\/4"}],"replies":[{"embeddable":true,"href":"https:\/\/www.uaga.eus\/eu\/wp-json\/wp\/v2\/comments?post=13821"}],"version-history":[{"count":1,"href":"https:\/\/www.uaga.eus\/eu\/wp-json\/wp\/v2\/posts\/13821\/revisions"}],"predecessor-version":[{"id":13823,"href":"https:\/\/www.uaga.eus\/eu\/wp-json\/wp\/v2\/posts\/13821\/revisions\/13823"}],"wp:featuredmedia":[{"embeddable":true,"href":"https:\/\/www.uaga.eus\/eu\/wp-json\/wp\/v2\/media\/13822"}],"wp:attachment":[{"href":"https:\/\/www.uaga.eus\/eu\/wp-json\/wp\/v2\/media?parent=13821"}],"wp:term":[{"taxonomy":"category","embeddable":true,"href":"https:\/\/www.uaga.eus\/eu\/wp-json\/wp\/v2\/categories?post=13821"},{"taxonomy":"post_tag","embeddable":true,"href":"https:\/\/www.uaga.eus\/eu\/wp-json\/wp\/v2\/tags?post=13821"}],"curies":[{"name":"wp","href":"https:\/\/api.w.org\/{rel}","templated":true}]}}