{"id":13818,"date":"2025-06-06T11:48:56","date_gmt":"2025-06-06T11:48:56","guid":{"rendered":"https:\/\/www.uaga.eus\/?p=13818"},"modified":"2025-06-10T10:08:46","modified_gmt":"2025-06-10T10:08:46","slug":"11-de-junio-jornada-sobre-la-gestion-sostenible-de-materia-organica","status":"publish","type":"post","link":"https:\/\/www.uaga.eus\/eu\/11-de-junio-jornada-sobre-la-gestion-sostenible-de-materia-organica\/","title":{"rendered":"11 de junio, jornada sobre la gesti\u00f3n sostenible de materia org\u00e1nica"},"content":{"rendered":"<p>Abere ha organizado una\u00a0jornada, dirigida a explotaciones agroganaderas, para impulsar soluciones pr\u00e1cticas en el aprovechamiento de purines y esti\u00e9rcoles como fertilizantes org\u00e1nicos. Se celebrar\u00e1 el mi\u00e9rcoles, 11 de junio de 9 a 14h. en las Caballerizas de Arkaute.<\/p>\n<p>En el encuentro se presentar\u00e1n experiencias reales, nuevas tecnolog\u00edas y modelos de gesti\u00f3n aplicables al contexto local. Puedes consultar aqu\u00ed\u00a0el <a href=\"https:\/\/mcusercontent.com\/498b950ccfc4b8d0e600d7e48\/files\/deab7a91-9f9e-f932-81be-c785b690595c\/Invitacion_jornada_11_de_junio.pdf\" target=\"_blank\" rel=\"noopener\" data-cke-saved-href=\"https:\/\/mcusercontent.com\/498b950ccfc4b8d0e600d7e48\/files\/deab7a91-9f9e-f932-81be-c785b690595c\/Invitacion_jornada_11_de_junio.pdf\">programa<\/a><a href=\"https:\/\/mcusercontent.com\/498b950ccfc4b8d0e600d7e48\/files\/deab7a91-9f9e-f932-81be-c785b690595c\/Invitacion_jornada_11_de_junio.pdf\" data-cke-saved-href=\"https:\/\/mcusercontent.com\/498b950ccfc4b8d0e600d7e48\/files\/deab7a91-9f9e-f932-81be-c785b690595c\/Invitacion_jornada_11_de_junio.pdf\"><span style=\"color: #000080;\">\u00a0<\/span><\/a>e inscribirte en este <a href=\"https:\/\/forms.office.com\/pages\/responsepage.aspx?id=oJ4jiN_JuEGwEgv_8FdoO2Sms3odtPVHv7c059qeC6lURTlaSkxQNUlINjBVTlRZRkxDOTYxTTBMWC4u&amp;route=shorturl\" target=\"_blank\" rel=\"noopener\" data-cke-saved-href=\"https:\/\/forms.office.com\/pages\/responsepage.aspx?id=oJ4jiN_JuEGwEgv_8FdoO2Sms3odtPVHv7c059qeC6lURTlaSkxQNUlINjBVTlRZRkxDOTYxTTBMWC4u&amp;route=shorturl\">enlace<\/a>.<\/p>\n","protected":false},"excerpt":{"rendered":"<p>Abere ha organizado una\u00a0jornada, dirigida a explotaciones agroganaderas, para impulsar soluciones pr\u00e1cticas en el aprovechamiento de purines y esti\u00e9rcoles como fertilizantes org\u00e1nicos. Se celebrar\u00e1 el mi\u00e9rcoles, 11 de junio de 9 a 14h. en las Caballerizas de Arkaute. En el encuentro se presentar\u00e1n experiencias reales, nuevas tecnolog\u00edas y modelos de gesti\u00f3n aplicables al contexto local. [&hellip;]<\/p>\n","protected":false},"author":4,"featured_media":13819,"comment_status":"closed","ping_status":"closed","sticky":false,"template":"","format":"standard","meta":{"footnotes":""},"categories":[7,66,8],"tags":[],"yoast_head":"<!-- This site is optimized with the Yoast SEO plugin v21.5 - https:\/\/yoast.com\/wordpress\/plugins\/seo\/ -->\n<title>11 de junio, jornada sobre la gesti\u00f3n sostenible de materia org\u00e1nica - UAGA<\/title>\n<meta name=\"robots\" content=\"index, follow, max-snippet:-1, max-image-preview:large, max-video-preview:-1\" \/>\n<link rel=\"canonical\" href=\"https:\/\/www.uaga.eus\/11-de-junio-jornada-sobre-la-gestion-sostenible-de-materia-organica\/\" \/>\n<meta property=\"og:locale\" content=\"en_US\" \/>\n<meta property=\"og:type\" content=\"article\" \/>\n<meta property=\"og:title\" content=\"11 de junio, jornada sobre la gesti\u00f3n sostenible de materia org\u00e1nica - UAGA\" \/>\n<meta property=\"og:description\" content=\"Abere ha organizado una\u00a0jornada, dirigida a explotaciones agroganaderas, para impulsar soluciones pr\u00e1cticas en el aprovechamiento de purines y esti\u00e9rcoles como fertilizantes org\u00e1nicos. Se celebrar\u00e1 el mi\u00e9rcoles, 11 de junio de 9 a 14h. en las Caballerizas de Arkaute. En el encuentro se presentar\u00e1n experiencias reales, nuevas tecnolog\u00edas y modelos de gesti\u00f3n aplicables al contexto local. [&hellip;]\" \/>\n<meta property=\"og:url\" content=\"https:\/\/www.uaga.eus\/11-de-junio-jornada-sobre-la-gestion-sostenible-de-materia-organica\/\" \/>\n<meta property=\"og:site_name\" content=\"UAGA\" \/>\n<meta property=\"article:published_time\" content=\"2025-06-06T11:48:56+00:00\" \/>\n<meta property=\"article:modified_time\" content=\"2025-06-10T10:08:46+00:00\" \/>\n<meta property=\"og:image\" content=\"https:\/\/www.uaga.eus\/wp-content\/uploads\/2025\/06\/manejo-purines.png\" \/>\n\t<meta property=\"og:image:width\" content=\"650\" \/>\n\t<meta property=\"og:image:height\" content=\"340\" \/>\n\t<meta property=\"og:image:type\" content=\"image\/png\" \/>\n<meta name=\"author\" content=\"Blanca S\u00e1nchez\" \/>\n<meta name=\"twitter:card\" content=\"summary_large_image\" \/>\n<meta name=\"twitter:label1\" content=\"Written by\" \/>\n\t<meta name=\"twitter:data1\" content=\"Blanca S\u00e1nchez\" \/>\n\t<meta name=\"twitter:label2\" content=\"Est. reading time\" \/>\n\t<meta name=\"twitter:data2\" content=\"1 minutua\" \/>\n<script type=\"application\/ld+json\" class=\"yoast-schema-graph\">{\"@context\":\"https:\/\/schema.org\",\"@graph\":[{\"@type\":\"WebPage\",\"@id\":\"https:\/\/www.uaga.eus\/11-de-junio-jornada-sobre-la-gestion-sostenible-de-materia-organica\/\",\"url\":\"https:\/\/www.uaga.eus\/11-de-junio-jornada-sobre-la-gestion-sostenible-de-materia-organica\/\",\"name\":\"11 de junio, jornada sobre la gesti\u00f3n sostenible de materia org\u00e1nica - UAGA\",\"isPartOf\":{\"@id\":\"https:\/\/www.uaga.eus\/#website\"},\"datePublished\":\"2025-06-06T11:48:56+00:00\",\"dateModified\":\"2025-06-10T10:08:46+00:00\",\"author\":{\"@id\":\"https:\/\/www.uaga.eus\/#\/schema\/person\/48c3cbf0f33d1b788226dbb6518689cf\"},\"breadcrumb\":{\"@id\":\"https:\/\/www.uaga.eus\/11-de-junio-jornada-sobre-la-gestion-sostenible-de-materia-organica\/#breadcrumb\"},\"inLanguage\":\"eu\",\"potentialAction\":[{\"@type\":\"ReadAction\",\"target\":[\"https:\/\/www.uaga.eus\/11-de-junio-jornada-sobre-la-gestion-sostenible-de-materia-organica\/\"]}]},{\"@type\":\"BreadcrumbList\",\"@id\":\"https:\/\/www.uaga.eus\/11-de-junio-jornada-sobre-la-gestion-sostenible-de-materia-organica\/#breadcrumb\",\"itemListElement\":[{\"@type\":\"ListItem\",\"position\":1,\"name\":\"Inicio\",\"item\":\"https:\/\/www.uaga.eus\/\"},{\"@type\":\"ListItem\",\"position\":2,\"name\":\"11 de junio, jornada sobre la gesti\u00f3n sostenible de materia org\u00e1nica\"}]},{\"@type\":\"WebSite\",\"@id\":\"https:\/\/www.uaga.eus\/#website\",\"url\":\"https:\/\/www.uaga.eus\/\",\"name\":\"UAGA\",\"description\":\"Uni\u00f3n Agroganadera de \u00c1lava - Araba Nekazarien Elkartea\",\"potentialAction\":[{\"@type\":\"SearchAction\",\"target\":{\"@type\":\"EntryPoint\",\"urlTemplate\":\"https:\/\/www.uaga.eus\/?s={search_term_string}\"},\"query-input\":\"required name=search_term_string\"}],\"inLanguage\":\"eu\"},{\"@type\":\"Person\",\"@id\":\"https:\/\/www.uaga.eus\/#\/schema\/person\/48c3cbf0f33d1b788226dbb6518689cf\",\"name\":\"Blanca S\u00e1nchez\",\"image\":{\"@type\":\"ImageObject\",\"inLanguage\":\"eu\",\"@id\":\"https:\/\/www.uaga.eus\/#\/schema\/person\/image\/\",\"url\":\"https:\/\/secure.gravatar.com\/avatar\/0dc91c20648254b1ce84877283f6751b?s=96&d=mm&r=g\",\"contentUrl\":\"https:\/\/secure.gravatar.com\/avatar\/0dc91c20648254b1ce84877283f6751b?s=96&d=mm&r=g\",\"caption\":\"Blanca S\u00e1nchez\"},\"url\":\"https:\/\/www.uaga.eus\/eu\/author\/bsanchez\/\"}]}<\/script>\n<!-- \/ Yoast SEO plugin. -->","yoast_head_json":{"title":"11 de junio, jornada sobre la gesti\u00f3n sostenible de materia org\u00e1nica - UAGA","robots":{"index":"index","follow":"follow","max-snippet":"max-snippet:-1","max-image-preview":"max-image-preview:large","max-video-preview":"max-video-preview:-1"},"canonical":"https:\/\/www.uaga.eus\/11-de-junio-jornada-sobre-la-gestion-sostenible-de-materia-organica\/","og_locale":"en_US","og_type":"article","og_title":"11 de junio, jornada sobre la gesti\u00f3n sostenible de materia org\u00e1nica - UAGA","og_description":"Abere ha organizado una\u00a0jornada, dirigida a explotaciones agroganaderas, para impulsar soluciones pr\u00e1cticas en el aprovechamiento de purines y esti\u00e9rcoles como fertilizantes org\u00e1nicos. Se celebrar\u00e1 el mi\u00e9rcoles, 11 de junio de 9 a 14h. en las Caballerizas de Arkaute. En el encuentro se presentar\u00e1n experiencias reales, nuevas tecnolog\u00edas y modelos de gesti\u00f3n aplicables al contexto local. [&hellip;]","og_url":"https:\/\/www.uaga.eus\/11-de-junio-jornada-sobre-la-gestion-sostenible-de-materia-organica\/","og_site_name":"UAGA","article_published_time":"2025-06-06T11:48:56+00:00","article_modified_time":"2025-06-10T10:08:46+00:00","og_image":[{"width":650,"height":340,"url":"https:\/\/www.uaga.eus\/wp-content\/uploads\/2025\/06\/manejo-purines.png","type":"image\/png"}],"author":"Blanca S\u00e1nchez","twitter_card":"summary_large_image","twitter_misc":{"Written by":"Blanca S\u00e1nchez","Est. reading time":"1 minutua"},"schema":{"@context":"https:\/\/schema.org","@graph":[{"@type":"WebPage","@id":"https:\/\/www.uaga.eus\/11-de-junio-jornada-sobre-la-gestion-sostenible-de-materia-organica\/","url":"https:\/\/www.uaga.eus\/11-de-junio-jornada-sobre-la-gestion-sostenible-de-materia-organica\/","name":"11 de junio, jornada sobre la gesti\u00f3n sostenible de materia org\u00e1nica - UAGA","isPartOf":{"@id":"https:\/\/www.uaga.eus\/#website"},"datePublished":"2025-06-06T11:48:56+00:00","dateModified":"2025-06-10T10:08:46+00:00","author":{"@id":"https:\/\/www.uaga.eus\/#\/schema\/person\/48c3cbf0f33d1b788226dbb6518689cf"},"breadcrumb":{"@id":"https:\/\/www.uaga.eus\/11-de-junio-jornada-sobre-la-gestion-sostenible-de-materia-organica\/#breadcrumb"},"inLanguage":"eu","potentialAction":[{"@type":"ReadAction","target":["https:\/\/www.uaga.eus\/11-de-junio-jornada-sobre-la-gestion-sostenible-de-materia-organica\/"]}]},{"@type":"BreadcrumbList","@id":"https:\/\/www.uaga.eus\/11-de-junio-jornada-sobre-la-gestion-sostenible-de-materia-organica\/#breadcrumb","itemListElement":[{"@type":"ListItem","position":1,"name":"Inicio","item":"https:\/\/www.uaga.eus\/"},{"@type":"ListItem","position":2,"name":"11 de junio, jornada sobre la gesti\u00f3n sostenible de materia org\u00e1nica"}]},{"@type":"WebSite","@id":"https:\/\/www.uaga.eus\/#website","url":"https:\/\/www.uaga.eus\/","name":"UAGA","description":"Uni\u00f3n Agroganadera de \u00c1lava - Araba Nekazarien Elkartea","potentialAction":[{"@type":"SearchAction","target":{"@type":"EntryPoint","urlTemplate":"https:\/\/www.uaga.eus\/?s={search_term_string}"},"query-input":"required name=search_term_string"}],"inLanguage":"eu"},{"@type":"Person","@id":"https:\/\/www.uaga.eus\/#\/schema\/person\/48c3cbf0f33d1b788226dbb6518689cf","name":"Blanca S\u00e1nchez","image":{"@type":"ImageObject","inLanguage":"eu","@id":"https:\/\/www.uaga.eus\/#\/schema\/person\/image\/","url":"https:\/\/secure.gravatar.com\/avatar\/0dc91c20648254b1ce84877283f6751b?s=96&d=mm&r=g","contentUrl":"https:\/\/secure.gravatar.com\/avatar\/0dc91c20648254b1ce84877283f6751b?s=96&d=mm&r=g","caption":"Blanca S\u00e1nchez"},"url":"https:\/\/www.uaga.eus\/eu\/author\/bsanchez\/"}]}},"_links":{"self":[{"href":"https:\/\/www.uaga.eus\/eu\/wp-json\/wp\/v2\/posts\/13818"}],"collection":[{"href":"https:\/\/www.uaga.eus\/eu\/wp-json\/wp\/v2\/posts"}],"about":[{"href":"https:\/\/www.uaga.eus\/eu\/wp-json\/wp\/v2\/types\/post"}],"author":[{"embeddable":true,"href":"https:\/\/www.uaga.eus\/eu\/wp-json\/wp\/v2\/users\/4"}],"replies":[{"embeddable":true,"href":"https:\/\/www.uaga.eus\/eu\/wp-json\/wp\/v2\/comments?post=13818"}],"version-history":[{"count":2,"href":"https:\/\/www.uaga.eus\/eu\/wp-json\/wp\/v2\/posts\/13818\/revisions"}],"predecessor-version":[{"id":13836,"href":"https:\/\/www.uaga.eus\/eu\/wp-json\/wp\/v2\/posts\/13818\/revisions\/13836"}],"wp:featuredmedia":[{"embeddable":true,"href":"https:\/\/www.uaga.eus\/eu\/wp-json\/wp\/v2\/media\/13819"}],"wp:attachment":[{"href":"https:\/\/www.uaga.eus\/eu\/wp-json\/wp\/v2\/media?parent=13818"}],"wp:term":[{"taxonomy":"category","embeddable":true,"href":"https:\/\/www.uaga.eus\/eu\/wp-json\/wp\/v2\/categories?post=13818"},{"taxonomy":"post_tag","embeddable":true,"href":"https:\/\/www.uaga.eus\/eu\/wp-json\/wp\/v2\/tags?post=13818"}],"curies":[{"name":"wp","href":"https:\/\/api.w.org\/{rel}","templated":true}]}}