{"id":13815,"date":"2025-06-06T11:32:36","date_gmt":"2025-06-06T11:32:36","guid":{"rendered":"https:\/\/www.uaga.eus\/?p=13815"},"modified":"2025-06-06T12:14:15","modified_gmt":"2025-06-06T12:14:15","slug":"seguros-agrarios-fin-de-contratacion-en-herbaceos-y-cambios-en-la-gestion-de-ayudas-al-seguro-de-vina","status":"publish","type":"post","link":"https:\/\/www.uaga.eus\/eu\/seguros-agrarios-fin-de-contratacion-en-herbaceos-y-cambios-en-la-gestion-de-ayudas-al-seguro-de-vina\/","title":{"rendered":"Seguros agrarios: fin de contrataci\u00f3n en herb\u00e1ceos y cambios en la gesti\u00f3n de ayudas al seguro de vi\u00f1a"},"content":{"rendered":"<p>Diputaci\u00f3n y Agroseguro han firmado un convenio que va a permitir reducir la carga administrativa y recibir el abono de la <strong>ayuda del seguro de vi\u00f1a<\/strong>\u00a0en el momento de suscribir la p\u00f3liza, sin necesidad de realizar ning\u00fan tr\u00e1mite adicional.<\/p>\n<p>La transici\u00f3n entre el sistema antiguo y el nuevo va a requerir que este a\u00f1o cada titular de la ayuda aporte la p\u00f3liza original de esta campa\u00f1a 2025. A partir del pr\u00f3ximo a\u00f1o ya no ser\u00e1 necesario.\u00a0Para ello hay que cumplimentar\u00a0este <a href=\"https:\/\/mcusercontent.com\/498b950ccfc4b8d0e600d7e48\/files\/0da75076-21bf-c903-200c-e80a9d733b4d\/impreso_solic_seguro_vi_ntilde_edo.pdf\" target=\"_blank\" rel=\"noopener\" data-cke-saved-href=\"https:\/\/mcusercontent.com\/498b950ccfc4b8d0e600d7e48\/files\/0da75076-21bf-c903-200c-e80a9d733b4d\/impreso_solic_seguro_vi_ntilde_edo.pdf\">impreso<\/a>\u00a0 y aportarlo <a href=\"https:\/\/egoitza.araba.eus\/nire-karpeta\/es\/login\" target=\"_blank\" rel=\"noopener\" data-cke-saved-href=\"http:\/\/(https:\/\/egoitza.araba.eus\/nire-karpeta\/es\/login\">telem\u00e1ticamente<\/a> como documento. Se debe a\u00f1adir a la solicitud de 2024 accediendo a \u00e9l a trav\u00e9s de \u201cMis Expedientes\u201d desde el apartado \u201cMi Carpeta\u201d de la Sede Electr\u00f3nica de la Diputaci\u00f3n Foral de \u00c1lava.<\/p>\n<p>Por otra parte te recordamos que la\u00a0Contrataci\u00f3n del <strong>Seguro de herb\u00e1ceos<\/strong>, seguro complementario y seguro sobreprecio\u00a0finaliza el <strong>14 de junio.<\/strong><\/p>\n<p>+INFO\u00a0MONTSE: 606 772 485 \/ BEATRIZ:\u00a0 688 661 040<\/p>\n","protected":false},"excerpt":{"rendered":"<p>Diputaci\u00f3n y Agroseguro han firmado un convenio que va a permitir reducir la carga administrativa y recibir el abono de la ayuda del seguro de vi\u00f1a\u00a0en el momento de suscribir la p\u00f3liza, sin necesidad de realizar ning\u00fan tr\u00e1mite adicional. La transici\u00f3n entre el sistema antiguo y el nuevo va a requerir que este a\u00f1o cada [&hellip;]<\/p>\n","protected":false},"author":4,"featured_media":11989,"comment_status":"closed","ping_status":"closed","sticky":false,"template":"","format":"standard","meta":{"footnotes":""},"categories":[6],"tags":[],"yoast_head":"<!-- This site is optimized with the Yoast SEO plugin v21.5 - https:\/\/yoast.com\/wordpress\/plugins\/seo\/ -->\n<title>Seguros agrarios: fin de contrataci\u00f3n en herb\u00e1ceos y cambios en la gesti\u00f3n de ayudas al seguro de vi\u00f1a - UAGA<\/title>\n<meta name=\"robots\" content=\"index, follow, max-snippet:-1, max-image-preview:large, max-video-preview:-1\" \/>\n<link rel=\"canonical\" href=\"https:\/\/www.uaga.eus\/seguros-agrarios-fin-de-contratacion-en-herbaceos-y-cambios-en-la-gestion-de-ayudas-al-seguro-de-vina\/\" \/>\n<meta property=\"og:locale\" content=\"en_US\" \/>\n<meta property=\"og:type\" content=\"article\" \/>\n<meta property=\"og:title\" content=\"Seguros agrarios: fin de contrataci\u00f3n en herb\u00e1ceos y cambios en la gesti\u00f3n de ayudas al seguro de vi\u00f1a - UAGA\" \/>\n<meta property=\"og:description\" content=\"Diputaci\u00f3n y Agroseguro han firmado un convenio que va a permitir reducir la carga administrativa y recibir el abono de la ayuda del seguro de vi\u00f1a\u00a0en el momento de suscribir la p\u00f3liza, sin necesidad de realizar ning\u00fan tr\u00e1mite adicional. La transici\u00f3n entre el sistema antiguo y el nuevo va a requerir que este a\u00f1o cada [&hellip;]\" \/>\n<meta property=\"og:url\" content=\"https:\/\/www.uaga.eus\/seguros-agrarios-fin-de-contratacion-en-herbaceos-y-cambios-en-la-gestion-de-ayudas-al-seguro-de-vina\/\" \/>\n<meta property=\"og:site_name\" content=\"UAGA\" \/>\n<meta property=\"article:published_time\" content=\"2025-06-06T11:32:36+00:00\" \/>\n<meta property=\"article:modified_time\" content=\"2025-06-06T12:14:15+00:00\" \/>\n<meta property=\"og:image\" content=\"https:\/\/www.uaga.eus\/wp-content\/uploads\/2023\/11\/cereal-afectado-por-pedrisco-e1699012860761.jpg\" \/>\n\t<meta property=\"og:image:width\" content=\"700\" \/>\n\t<meta property=\"og:image:height\" content=\"357\" \/>\n\t<meta property=\"og:image:type\" content=\"image\/jpeg\" \/>\n<meta name=\"author\" content=\"Blanca S\u00e1nchez\" \/>\n<meta name=\"twitter:card\" content=\"summary_large_image\" \/>\n<meta name=\"twitter:label1\" content=\"Written by\" \/>\n\t<meta name=\"twitter:data1\" content=\"Blanca S\u00e1nchez\" \/>\n\t<meta name=\"twitter:label2\" content=\"Est. reading time\" \/>\n\t<meta name=\"twitter:data2\" content=\"1 minutua\" \/>\n<script type=\"application\/ld+json\" class=\"yoast-schema-graph\">{\"@context\":\"https:\/\/schema.org\",\"@graph\":[{\"@type\":\"WebPage\",\"@id\":\"https:\/\/www.uaga.eus\/seguros-agrarios-fin-de-contratacion-en-herbaceos-y-cambios-en-la-gestion-de-ayudas-al-seguro-de-vina\/\",\"url\":\"https:\/\/www.uaga.eus\/seguros-agrarios-fin-de-contratacion-en-herbaceos-y-cambios-en-la-gestion-de-ayudas-al-seguro-de-vina\/\",\"name\":\"Seguros agrarios: fin de contrataci\u00f3n en herb\u00e1ceos y cambios en la gesti\u00f3n de ayudas al seguro de vi\u00f1a - UAGA\",\"isPartOf\":{\"@id\":\"https:\/\/www.uaga.eus\/#website\"},\"datePublished\":\"2025-06-06T11:32:36+00:00\",\"dateModified\":\"2025-06-06T12:14:15+00:00\",\"author\":{\"@id\":\"https:\/\/www.uaga.eus\/#\/schema\/person\/48c3cbf0f33d1b788226dbb6518689cf\"},\"breadcrumb\":{\"@id\":\"https:\/\/www.uaga.eus\/seguros-agrarios-fin-de-contratacion-en-herbaceos-y-cambios-en-la-gestion-de-ayudas-al-seguro-de-vina\/#breadcrumb\"},\"inLanguage\":\"eu\",\"potentialAction\":[{\"@type\":\"ReadAction\",\"target\":[\"https:\/\/www.uaga.eus\/seguros-agrarios-fin-de-contratacion-en-herbaceos-y-cambios-en-la-gestion-de-ayudas-al-seguro-de-vina\/\"]}]},{\"@type\":\"BreadcrumbList\",\"@id\":\"https:\/\/www.uaga.eus\/seguros-agrarios-fin-de-contratacion-en-herbaceos-y-cambios-en-la-gestion-de-ayudas-al-seguro-de-vina\/#breadcrumb\",\"itemListElement\":[{\"@type\":\"ListItem\",\"position\":1,\"name\":\"Inicio\",\"item\":\"https:\/\/www.uaga.eus\/\"},{\"@type\":\"ListItem\",\"position\":2,\"name\":\"Seguros agrarios: fin de contrataci\u00f3n en herb\u00e1ceos y cambios en la gesti\u00f3n de ayudas al seguro de vi\u00f1a\"}]},{\"@type\":\"WebSite\",\"@id\":\"https:\/\/www.uaga.eus\/#website\",\"url\":\"https:\/\/www.uaga.eus\/\",\"name\":\"UAGA\",\"description\":\"Uni\u00f3n Agroganadera de \u00c1lava - Araba Nekazarien Elkartea\",\"potentialAction\":[{\"@type\":\"SearchAction\",\"target\":{\"@type\":\"EntryPoint\",\"urlTemplate\":\"https:\/\/www.uaga.eus\/?s={search_term_string}\"},\"query-input\":\"required name=search_term_string\"}],\"inLanguage\":\"eu\"},{\"@type\":\"Person\",\"@id\":\"https:\/\/www.uaga.eus\/#\/schema\/person\/48c3cbf0f33d1b788226dbb6518689cf\",\"name\":\"Blanca S\u00e1nchez\",\"image\":{\"@type\":\"ImageObject\",\"inLanguage\":\"eu\",\"@id\":\"https:\/\/www.uaga.eus\/#\/schema\/person\/image\/\",\"url\":\"https:\/\/secure.gravatar.com\/avatar\/0dc91c20648254b1ce84877283f6751b?s=96&d=mm&r=g\",\"contentUrl\":\"https:\/\/secure.gravatar.com\/avatar\/0dc91c20648254b1ce84877283f6751b?s=96&d=mm&r=g\",\"caption\":\"Blanca S\u00e1nchez\"},\"url\":\"https:\/\/www.uaga.eus\/eu\/author\/bsanchez\/\"}]}<\/script>\n<!-- \/ Yoast SEO plugin. -->","yoast_head_json":{"title":"Seguros agrarios: fin de contrataci\u00f3n en herb\u00e1ceos y cambios en la gesti\u00f3n de ayudas al seguro de vi\u00f1a - UAGA","robots":{"index":"index","follow":"follow","max-snippet":"max-snippet:-1","max-image-preview":"max-image-preview:large","max-video-preview":"max-video-preview:-1"},"canonical":"https:\/\/www.uaga.eus\/seguros-agrarios-fin-de-contratacion-en-herbaceos-y-cambios-en-la-gestion-de-ayudas-al-seguro-de-vina\/","og_locale":"en_US","og_type":"article","og_title":"Seguros agrarios: fin de contrataci\u00f3n en herb\u00e1ceos y cambios en la gesti\u00f3n de ayudas al seguro de vi\u00f1a - UAGA","og_description":"Diputaci\u00f3n y Agroseguro han firmado un convenio que va a permitir reducir la carga administrativa y recibir el abono de la ayuda del seguro de vi\u00f1a\u00a0en el momento de suscribir la p\u00f3liza, sin necesidad de realizar ning\u00fan tr\u00e1mite adicional. La transici\u00f3n entre el sistema antiguo y el nuevo va a requerir que este a\u00f1o cada [&hellip;]","og_url":"https:\/\/www.uaga.eus\/seguros-agrarios-fin-de-contratacion-en-herbaceos-y-cambios-en-la-gestion-de-ayudas-al-seguro-de-vina\/","og_site_name":"UAGA","article_published_time":"2025-06-06T11:32:36+00:00","article_modified_time":"2025-06-06T12:14:15+00:00","og_image":[{"width":700,"height":357,"url":"https:\/\/www.uaga.eus\/wp-content\/uploads\/2023\/11\/cereal-afectado-por-pedrisco-e1699012860761.jpg","type":"image\/jpeg"}],"author":"Blanca S\u00e1nchez","twitter_card":"summary_large_image","twitter_misc":{"Written by":"Blanca S\u00e1nchez","Est. reading time":"1 minutua"},"schema":{"@context":"https:\/\/schema.org","@graph":[{"@type":"WebPage","@id":"https:\/\/www.uaga.eus\/seguros-agrarios-fin-de-contratacion-en-herbaceos-y-cambios-en-la-gestion-de-ayudas-al-seguro-de-vina\/","url":"https:\/\/www.uaga.eus\/seguros-agrarios-fin-de-contratacion-en-herbaceos-y-cambios-en-la-gestion-de-ayudas-al-seguro-de-vina\/","name":"Seguros agrarios: fin de contrataci\u00f3n en herb\u00e1ceos y cambios en la gesti\u00f3n de ayudas al seguro de vi\u00f1a - UAGA","isPartOf":{"@id":"https:\/\/www.uaga.eus\/#website"},"datePublished":"2025-06-06T11:32:36+00:00","dateModified":"2025-06-06T12:14:15+00:00","author":{"@id":"https:\/\/www.uaga.eus\/#\/schema\/person\/48c3cbf0f33d1b788226dbb6518689cf"},"breadcrumb":{"@id":"https:\/\/www.uaga.eus\/seguros-agrarios-fin-de-contratacion-en-herbaceos-y-cambios-en-la-gestion-de-ayudas-al-seguro-de-vina\/#breadcrumb"},"inLanguage":"eu","potentialAction":[{"@type":"ReadAction","target":["https:\/\/www.uaga.eus\/seguros-agrarios-fin-de-contratacion-en-herbaceos-y-cambios-en-la-gestion-de-ayudas-al-seguro-de-vina\/"]}]},{"@type":"BreadcrumbList","@id":"https:\/\/www.uaga.eus\/seguros-agrarios-fin-de-contratacion-en-herbaceos-y-cambios-en-la-gestion-de-ayudas-al-seguro-de-vina\/#breadcrumb","itemListElement":[{"@type":"ListItem","position":1,"name":"Inicio","item":"https:\/\/www.uaga.eus\/"},{"@type":"ListItem","position":2,"name":"Seguros agrarios: fin de contrataci\u00f3n en herb\u00e1ceos y cambios en la gesti\u00f3n de ayudas al seguro de vi\u00f1a"}]},{"@type":"WebSite","@id":"https:\/\/www.uaga.eus\/#website","url":"https:\/\/www.uaga.eus\/","name":"UAGA","description":"Uni\u00f3n Agroganadera de \u00c1lava - Araba Nekazarien Elkartea","potentialAction":[{"@type":"SearchAction","target":{"@type":"EntryPoint","urlTemplate":"https:\/\/www.uaga.eus\/?s={search_term_string}"},"query-input":"required name=search_term_string"}],"inLanguage":"eu"},{"@type":"Person","@id":"https:\/\/www.uaga.eus\/#\/schema\/person\/48c3cbf0f33d1b788226dbb6518689cf","name":"Blanca S\u00e1nchez","image":{"@type":"ImageObject","inLanguage":"eu","@id":"https:\/\/www.uaga.eus\/#\/schema\/person\/image\/","url":"https:\/\/secure.gravatar.com\/avatar\/0dc91c20648254b1ce84877283f6751b?s=96&d=mm&r=g","contentUrl":"https:\/\/secure.gravatar.com\/avatar\/0dc91c20648254b1ce84877283f6751b?s=96&d=mm&r=g","caption":"Blanca S\u00e1nchez"},"url":"https:\/\/www.uaga.eus\/eu\/author\/bsanchez\/"}]}},"_links":{"self":[{"href":"https:\/\/www.uaga.eus\/eu\/wp-json\/wp\/v2\/posts\/13815"}],"collection":[{"href":"https:\/\/www.uaga.eus\/eu\/wp-json\/wp\/v2\/posts"}],"about":[{"href":"https:\/\/www.uaga.eus\/eu\/wp-json\/wp\/v2\/types\/post"}],"author":[{"embeddable":true,"href":"https:\/\/www.uaga.eus\/eu\/wp-json\/wp\/v2\/users\/4"}],"replies":[{"embeddable":true,"href":"https:\/\/www.uaga.eus\/eu\/wp-json\/wp\/v2\/comments?post=13815"}],"version-history":[{"count":4,"href":"https:\/\/www.uaga.eus\/eu\/wp-json\/wp\/v2\/posts\/13815\/revisions"}],"predecessor-version":[{"id":13833,"href":"https:\/\/www.uaga.eus\/eu\/wp-json\/wp\/v2\/posts\/13815\/revisions\/13833"}],"wp:featuredmedia":[{"embeddable":true,"href":"https:\/\/www.uaga.eus\/eu\/wp-json\/wp\/v2\/media\/11989"}],"wp:attachment":[{"href":"https:\/\/www.uaga.eus\/eu\/wp-json\/wp\/v2\/media?parent=13815"}],"wp:term":[{"taxonomy":"category","embeddable":true,"href":"https:\/\/www.uaga.eus\/eu\/wp-json\/wp\/v2\/categories?post=13815"},{"taxonomy":"post_tag","embeddable":true,"href":"https:\/\/www.uaga.eus\/eu\/wp-json\/wp\/v2\/tags?post=13815"}],"curies":[{"name":"wp","href":"https:\/\/api.w.org\/{rel}","templated":true}]}}