{"id":13806,"date":"2025-06-05T08:09:11","date_gmt":"2025-06-05T08:09:11","guid":{"rendered":"https:\/\/www.uaga.eus\/?p=13806"},"modified":"2025-06-06T12:20:04","modified_gmt":"2025-06-06T12:20:04","slug":"uaga-no-acude-al-acto-conmemorativo-por-el-centenario-de-la-doc-rioja","status":"publish","type":"post","link":"https:\/\/www.uaga.eus\/eu\/uaga-no-acude-al-acto-conmemorativo-por-el-centenario-de-la-doc-rioja\/","title":{"rendered":"UAGA ez da Errioxaren mendeurrena ospatzeko ekitaldian izango"},"content":{"rendered":"<p>Hoy en Elciego la DOc Rioja celebra un gran acto institucional conmemorativo del centenario de la Denominaci\u00f3n de Origen Rioja.<\/p>\n<p>Aunque UAGA estaba invitada al evento, como miembro del Consejo Regulador, ha decido no acudir. Tras debatirlo con las y los viticultores de la comarca, el sindicato ha considerado que \u201cla situaci\u00f3n actual del sector vitivin\u00edcola no est\u00e1 para fiestas\u201d, como ha remarcado Edurne Basterra, presidenta de UAGA. Tras varios a\u00f1os de ajustes de precios y escasa rentabilidad de nuestras explotaciones, con un stock de vino en bodegas que supera con creces lo que el mercado puede asumir y una situaci\u00f3n de freno del consumo de vino, nos volvemos a encontrar esta campa\u00f1a con unas perspectivas inciertas para nuestro futuro, previ\u00e9ndose una mala campa\u00f1a en producci\u00f3n y un incremento de costes derivados de la situaci\u00f3n climatol\u00f3gica que estamos viviendo.<\/p>\n<p>UAGA entiende que este acto institucional no va a reflejar las duras condiciones por las que est\u00e1 pasando el sector y no puede participar como organizaci\u00f3n de la pompa y boato de esta fiesta mientras nuestras afiliadas y afiliadas quedan al margen, pregunt\u00e1ndose si podr\u00e1n afrontar con m\u00ednimas garant\u00edas una nueva cosecha que permita mantener un a\u00f1o m\u00e1s a sus familias.<\/p>\n","protected":false},"excerpt":{"rendered":"<p>Hoy en Elciego la DOc Rioja celebra un gran acto institucional conmemorativo del centenario de la Denominaci\u00f3n de Origen Rioja. Aunque UAGA estaba invitada al evento, como miembro del Consejo Regulador, ha decido no acudir. Tras debatirlo con las y los viticultores de la comarca, el sindicato ha considerado que \u201cla situaci\u00f3n actual del sector [&hellip;]<\/p>\n","protected":false},"author":4,"featured_media":13814,"comment_status":"closed","ping_status":"closed","sticky":false,"template":"","format":"standard","meta":{"footnotes":""},"categories":[3],"tags":[],"yoast_head":"<!-- This site is optimized with the Yoast SEO plugin v21.5 - https:\/\/yoast.com\/wordpress\/plugins\/seo\/ -->\n<title>UAGA ez da Errioxaren mendeurrena ospatzeko ekitaldian izango - UAGA<\/title>\n<meta name=\"robots\" content=\"index, follow, max-snippet:-1, max-image-preview:large, max-video-preview:-1\" \/>\n<link rel=\"canonical\" href=\"https:\/\/www.uaga.eus\/uaga-no-acude-al-acto-conmemorativo-por-el-centenario-de-la-doc-rioja\/\" \/>\n<meta property=\"og:locale\" content=\"en_US\" \/>\n<meta property=\"og:type\" content=\"article\" \/>\n<meta property=\"og:title\" content=\"UAGA ez da Errioxaren mendeurrena ospatzeko ekitaldian izango - UAGA\" \/>\n<meta property=\"og:description\" content=\"Hoy en Elciego la DOc Rioja celebra un gran acto institucional conmemorativo del centenario de la Denominaci\u00f3n de Origen Rioja. Aunque UAGA estaba invitada al evento, como miembro del Consejo Regulador, ha decido no acudir. Tras debatirlo con las y los viticultores de la comarca, el sindicato ha considerado que \u201cla situaci\u00f3n actual del sector [&hellip;]\" \/>\n<meta property=\"og:url\" content=\"https:\/\/www.uaga.eus\/uaga-no-acude-al-acto-conmemorativo-por-el-centenario-de-la-doc-rioja\/\" \/>\n<meta property=\"og:site_name\" content=\"UAGA\" \/>\n<meta property=\"article:published_time\" content=\"2025-06-05T08:09:11+00:00\" \/>\n<meta property=\"article:modified_time\" content=\"2025-06-06T12:20:04+00:00\" \/>\n<meta property=\"og:image\" content=\"https:\/\/www.uaga.eus\/wp-content\/uploads\/2025\/06\/centenario-Rioja-e1749195989946.jpg\" \/>\n\t<meta property=\"og:image:width\" content=\"650\" \/>\n\t<meta property=\"og:image:height\" content=\"363\" \/>\n\t<meta property=\"og:image:type\" content=\"image\/jpeg\" \/>\n<meta name=\"author\" content=\"Blanca S\u00e1nchez\" \/>\n<meta name=\"twitter:card\" content=\"summary_large_image\" \/>\n<meta name=\"twitter:label1\" content=\"Written by\" \/>\n\t<meta name=\"twitter:data1\" content=\"Blanca S\u00e1nchez\" \/>\n\t<meta name=\"twitter:label2\" content=\"Est. reading time\" \/>\n\t<meta name=\"twitter:data2\" content=\"1 minutua\" \/>\n<script type=\"application\/ld+json\" class=\"yoast-schema-graph\">{\"@context\":\"https:\/\/schema.org\",\"@graph\":[{\"@type\":\"WebPage\",\"@id\":\"https:\/\/www.uaga.eus\/uaga-no-acude-al-acto-conmemorativo-por-el-centenario-de-la-doc-rioja\/\",\"url\":\"https:\/\/www.uaga.eus\/uaga-no-acude-al-acto-conmemorativo-por-el-centenario-de-la-doc-rioja\/\",\"name\":\"UAGA ez da Errioxaren mendeurrena ospatzeko ekitaldian izango - UAGA\",\"isPartOf\":{\"@id\":\"https:\/\/www.uaga.eus\/#website\"},\"datePublished\":\"2025-06-05T08:09:11+00:00\",\"dateModified\":\"2025-06-06T12:20:04+00:00\",\"author\":{\"@id\":\"https:\/\/www.uaga.eus\/#\/schema\/person\/48c3cbf0f33d1b788226dbb6518689cf\"},\"breadcrumb\":{\"@id\":\"https:\/\/www.uaga.eus\/uaga-no-acude-al-acto-conmemorativo-por-el-centenario-de-la-doc-rioja\/#breadcrumb\"},\"inLanguage\":\"eu\",\"potentialAction\":[{\"@type\":\"ReadAction\",\"target\":[\"https:\/\/www.uaga.eus\/uaga-no-acude-al-acto-conmemorativo-por-el-centenario-de-la-doc-rioja\/\"]}]},{\"@type\":\"BreadcrumbList\",\"@id\":\"https:\/\/www.uaga.eus\/uaga-no-acude-al-acto-conmemorativo-por-el-centenario-de-la-doc-rioja\/#breadcrumb\",\"itemListElement\":[{\"@type\":\"ListItem\",\"position\":1,\"name\":\"Inicio\",\"item\":\"https:\/\/www.uaga.eus\/\"},{\"@type\":\"ListItem\",\"position\":2,\"name\":\"UAGA no acude al acto conmemorativo por el centenario de la DOc Rioja\"}]},{\"@type\":\"WebSite\",\"@id\":\"https:\/\/www.uaga.eus\/#website\",\"url\":\"https:\/\/www.uaga.eus\/\",\"name\":\"UAGA\",\"description\":\"Uni\u00f3n Agroganadera de \u00c1lava - Araba Nekazarien Elkartea\",\"potentialAction\":[{\"@type\":\"SearchAction\",\"target\":{\"@type\":\"EntryPoint\",\"urlTemplate\":\"https:\/\/www.uaga.eus\/?s={search_term_string}\"},\"query-input\":\"required name=search_term_string\"}],\"inLanguage\":\"eu\"},{\"@type\":\"Person\",\"@id\":\"https:\/\/www.uaga.eus\/#\/schema\/person\/48c3cbf0f33d1b788226dbb6518689cf\",\"name\":\"Blanca S\u00e1nchez\",\"image\":{\"@type\":\"ImageObject\",\"inLanguage\":\"eu\",\"@id\":\"https:\/\/www.uaga.eus\/#\/schema\/person\/image\/\",\"url\":\"https:\/\/secure.gravatar.com\/avatar\/0dc91c20648254b1ce84877283f6751b?s=96&d=mm&r=g\",\"contentUrl\":\"https:\/\/secure.gravatar.com\/avatar\/0dc91c20648254b1ce84877283f6751b?s=96&d=mm&r=g\",\"caption\":\"Blanca S\u00e1nchez\"},\"url\":\"https:\/\/www.uaga.eus\/eu\/author\/bsanchez\/\"}]}<\/script>\n<!-- \/ Yoast SEO plugin. -->","yoast_head_json":{"title":"UAGA ez da Errioxaren mendeurrena ospatzeko ekitaldian izango - UAGA","robots":{"index":"index","follow":"follow","max-snippet":"max-snippet:-1","max-image-preview":"max-image-preview:large","max-video-preview":"max-video-preview:-1"},"canonical":"https:\/\/www.uaga.eus\/uaga-no-acude-al-acto-conmemorativo-por-el-centenario-de-la-doc-rioja\/","og_locale":"en_US","og_type":"article","og_title":"UAGA ez da Errioxaren mendeurrena ospatzeko ekitaldian izango - UAGA","og_description":"Hoy en Elciego la DOc Rioja celebra un gran acto institucional conmemorativo del centenario de la Denominaci\u00f3n de Origen Rioja. Aunque UAGA estaba invitada al evento, como miembro del Consejo Regulador, ha decido no acudir. Tras debatirlo con las y los viticultores de la comarca, el sindicato ha considerado que \u201cla situaci\u00f3n actual del sector [&hellip;]","og_url":"https:\/\/www.uaga.eus\/uaga-no-acude-al-acto-conmemorativo-por-el-centenario-de-la-doc-rioja\/","og_site_name":"UAGA","article_published_time":"2025-06-05T08:09:11+00:00","article_modified_time":"2025-06-06T12:20:04+00:00","og_image":[{"width":650,"height":363,"url":"https:\/\/www.uaga.eus\/wp-content\/uploads\/2025\/06\/centenario-Rioja-e1749195989946.jpg","type":"image\/jpeg"}],"author":"Blanca S\u00e1nchez","twitter_card":"summary_large_image","twitter_misc":{"Written by":"Blanca S\u00e1nchez","Est. reading time":"1 minutua"},"schema":{"@context":"https:\/\/schema.org","@graph":[{"@type":"WebPage","@id":"https:\/\/www.uaga.eus\/uaga-no-acude-al-acto-conmemorativo-por-el-centenario-de-la-doc-rioja\/","url":"https:\/\/www.uaga.eus\/uaga-no-acude-al-acto-conmemorativo-por-el-centenario-de-la-doc-rioja\/","name":"UAGA ez da Errioxaren mendeurrena ospatzeko ekitaldian izango - UAGA","isPartOf":{"@id":"https:\/\/www.uaga.eus\/#website"},"datePublished":"2025-06-05T08:09:11+00:00","dateModified":"2025-06-06T12:20:04+00:00","author":{"@id":"https:\/\/www.uaga.eus\/#\/schema\/person\/48c3cbf0f33d1b788226dbb6518689cf"},"breadcrumb":{"@id":"https:\/\/www.uaga.eus\/uaga-no-acude-al-acto-conmemorativo-por-el-centenario-de-la-doc-rioja\/#breadcrumb"},"inLanguage":"eu","potentialAction":[{"@type":"ReadAction","target":["https:\/\/www.uaga.eus\/uaga-no-acude-al-acto-conmemorativo-por-el-centenario-de-la-doc-rioja\/"]}]},{"@type":"BreadcrumbList","@id":"https:\/\/www.uaga.eus\/uaga-no-acude-al-acto-conmemorativo-por-el-centenario-de-la-doc-rioja\/#breadcrumb","itemListElement":[{"@type":"ListItem","position":1,"name":"Inicio","item":"https:\/\/www.uaga.eus\/"},{"@type":"ListItem","position":2,"name":"UAGA no acude al acto conmemorativo por el centenario de la DOc Rioja"}]},{"@type":"WebSite","@id":"https:\/\/www.uaga.eus\/#website","url":"https:\/\/www.uaga.eus\/","name":"UAGA","description":"Uni\u00f3n Agroganadera de \u00c1lava - Araba Nekazarien Elkartea","potentialAction":[{"@type":"SearchAction","target":{"@type":"EntryPoint","urlTemplate":"https:\/\/www.uaga.eus\/?s={search_term_string}"},"query-input":"required name=search_term_string"}],"inLanguage":"eu"},{"@type":"Person","@id":"https:\/\/www.uaga.eus\/#\/schema\/person\/48c3cbf0f33d1b788226dbb6518689cf","name":"Blanca S\u00e1nchez","image":{"@type":"ImageObject","inLanguage":"eu","@id":"https:\/\/www.uaga.eus\/#\/schema\/person\/image\/","url":"https:\/\/secure.gravatar.com\/avatar\/0dc91c20648254b1ce84877283f6751b?s=96&d=mm&r=g","contentUrl":"https:\/\/secure.gravatar.com\/avatar\/0dc91c20648254b1ce84877283f6751b?s=96&d=mm&r=g","caption":"Blanca S\u00e1nchez"},"url":"https:\/\/www.uaga.eus\/eu\/author\/bsanchez\/"}]}},"_links":{"self":[{"href":"https:\/\/www.uaga.eus\/eu\/wp-json\/wp\/v2\/posts\/13806"}],"collection":[{"href":"https:\/\/www.uaga.eus\/eu\/wp-json\/wp\/v2\/posts"}],"about":[{"href":"https:\/\/www.uaga.eus\/eu\/wp-json\/wp\/v2\/types\/post"}],"author":[{"embeddable":true,"href":"https:\/\/www.uaga.eus\/eu\/wp-json\/wp\/v2\/users\/4"}],"replies":[{"embeddable":true,"href":"https:\/\/www.uaga.eus\/eu\/wp-json\/wp\/v2\/comments?post=13806"}],"version-history":[{"count":3,"href":"https:\/\/www.uaga.eus\/eu\/wp-json\/wp\/v2\/posts\/13806\/revisions"}],"predecessor-version":[{"id":13835,"href":"https:\/\/www.uaga.eus\/eu\/wp-json\/wp\/v2\/posts\/13806\/revisions\/13835"}],"wp:featuredmedia":[{"embeddable":true,"href":"https:\/\/www.uaga.eus\/eu\/wp-json\/wp\/v2\/media\/13814"}],"wp:attachment":[{"href":"https:\/\/www.uaga.eus\/eu\/wp-json\/wp\/v2\/media?parent=13806"}],"wp:term":[{"taxonomy":"category","embeddable":true,"href":"https:\/\/www.uaga.eus\/eu\/wp-json\/wp\/v2\/categories?post=13806"},{"taxonomy":"post_tag","embeddable":true,"href":"https:\/\/www.uaga.eus\/eu\/wp-json\/wp\/v2\/tags?post=13806"}],"curies":[{"name":"wp","href":"https:\/\/api.w.org\/{rel}","templated":true}]}}