{"id":13800,"date":"2025-05-30T11:39:00","date_gmt":"2025-05-30T11:39:00","guid":{"rendered":"https:\/\/www.uaga.eus\/?p=13800"},"modified":"2025-05-30T11:40:59","modified_gmt":"2025-05-30T11:40:59","slug":"la-azucarera-de-miranda-ya-no-molturara-remolacha-esta-campana","status":"publish","type":"post","link":"https:\/\/www.uaga.eus\/eu\/la-azucarera-de-miranda-ya-no-molturara-remolacha-esta-campana\/","title":{"rendered":"La Azucarera de Miranda ya no molturar\u00e1 remolacha esta campa\u00f1a"},"content":{"rendered":"<p>British Sugar ha confirmado que la Azucarera de Miranda ya no molturar\u00e1 remolacha, pasando a ocuparse \u00fanicamente de la refiner\u00eda de ca\u00f1a de az\u00facar. UAGA ve con preocupaci\u00f3n este \u00faltimo giro de tuerca de la industria azucarera, que est\u00e1 abocando a la desaparici\u00f3n del cultivo en \u00c1lava.<\/p>\n<p>El sindicato considera que el declive de la Azucarera de Miranda se aceler\u00f3 tras la entrada de British Sugar como principal accionista. La multinacional ha ido tomando decisiones, como la ruptura unilateral del Acuerdo Marco Interprofesional, que han ido minando la rentabilidad del cultivo hasta quedar como algo residual en el Territorio alav\u00e9s y en toda la zona de influencia de la Azucarera de Miranda.<\/p>\n<p>Aunque la industria ha afirmado que asumir\u00e1 los costes de transporte derivados de este cambio de gesti\u00f3n -se llevar\u00e1 la remolacha a molturar a Toro-, somos conscientes que si bien este a\u00f1o se respetar\u00e1n los precios acordados -ya de por s\u00ed ruinosos- a futuro este incremento de costes volver\u00e1 a repercutir en los productores.<\/p>\n<p>Por su parte, UAGA va a seguir apostando por este cultivo, que considera clave en el Territorio, buscando alternativas para mantenerlo siempre que su rentabilidad est\u00e9 garantizada para las explotaciones agrarias.<\/p>\n<p>Puedes consultar la nota de prensa \u00edntegra <a href=\"https:\/\/mcusercontent.com\/498b950ccfc4b8d0e600d7e48\/files\/c77349f9-e760-9679-edbb-e2afc141fb80\/250528_cese_molturaci_oacute_n_remolacha_Miranda..pdf\" target=\"_blank\" rel=\"noopener\" data-cke-saved-href=\"https:\/\/mcusercontent.com\/498b950ccfc4b8d0e600d7e48\/files\/c77349f9-e760-9679-edbb-e2afc141fb80\/250528_cese_molturaci_oacute_n_remolacha_Miranda..pdf\">aqu\u00ed<\/a>.<\/p>\n","protected":false},"excerpt":{"rendered":"<p>British Sugar ha confirmado que la Azucarera de Miranda ya no molturar\u00e1 remolacha, pasando a ocuparse \u00fanicamente de la refiner\u00eda de ca\u00f1a de az\u00facar. UAGA ve con preocupaci\u00f3n este \u00faltimo giro de tuerca de la industria azucarera, que est\u00e1 abocando a la desaparici\u00f3n del cultivo en \u00c1lava. El sindicato considera que el declive de la [&hellip;]<\/p>\n","protected":false},"author":4,"featured_media":6520,"comment_status":"closed","ping_status":"closed","sticky":false,"template":"","format":"standard","meta":{"footnotes":""},"categories":[7,12],"tags":[],"yoast_head":"<!-- This site is optimized with the Yoast SEO plugin v21.5 - https:\/\/yoast.com\/wordpress\/plugins\/seo\/ -->\n<title>La Azucarera de Miranda ya no molturar\u00e1 remolacha esta campa\u00f1a - UAGA<\/title>\n<meta name=\"robots\" content=\"index, follow, max-snippet:-1, max-image-preview:large, max-video-preview:-1\" \/>\n<link rel=\"canonical\" href=\"https:\/\/www.uaga.eus\/la-azucarera-de-miranda-ya-no-molturara-remolacha-esta-campana\/\" \/>\n<meta property=\"og:locale\" content=\"en_US\" \/>\n<meta property=\"og:type\" content=\"article\" \/>\n<meta property=\"og:title\" content=\"La Azucarera de Miranda ya no molturar\u00e1 remolacha esta campa\u00f1a - UAGA\" \/>\n<meta property=\"og:description\" content=\"British Sugar ha confirmado que la Azucarera de Miranda ya no molturar\u00e1 remolacha, pasando a ocuparse \u00fanicamente de la refiner\u00eda de ca\u00f1a de az\u00facar. UAGA ve con preocupaci\u00f3n este \u00faltimo giro de tuerca de la industria azucarera, que est\u00e1 abocando a la desaparici\u00f3n del cultivo en \u00c1lava. El sindicato considera que el declive de la [&hellip;]\" \/>\n<meta property=\"og:url\" content=\"https:\/\/www.uaga.eus\/la-azucarera-de-miranda-ya-no-molturara-remolacha-esta-campana\/\" \/>\n<meta property=\"og:site_name\" content=\"UAGA\" \/>\n<meta property=\"article:published_time\" content=\"2025-05-30T11:39:00+00:00\" \/>\n<meta property=\"article:modified_time\" content=\"2025-05-30T11:40:59+00:00\" \/>\n<meta property=\"og:image\" content=\"https:\/\/www.uaga.eus\/wp-content\/uploads\/2019\/10\/IMG_3221-e1570187540298.jpg\" \/>\n\t<meta property=\"og:image:width\" content=\"698\" \/>\n\t<meta property=\"og:image:height\" content=\"337\" \/>\n\t<meta property=\"og:image:type\" content=\"image\/jpeg\" \/>\n<meta name=\"author\" content=\"Blanca S\u00e1nchez\" \/>\n<meta name=\"twitter:card\" content=\"summary_large_image\" \/>\n<meta name=\"twitter:label1\" content=\"Written by\" \/>\n\t<meta name=\"twitter:data1\" content=\"Blanca S\u00e1nchez\" \/>\n\t<meta name=\"twitter:label2\" content=\"Est. reading time\" \/>\n\t<meta name=\"twitter:data2\" content=\"1 minutua\" \/>\n<script type=\"application\/ld+json\" class=\"yoast-schema-graph\">{\"@context\":\"https:\/\/schema.org\",\"@graph\":[{\"@type\":\"WebPage\",\"@id\":\"https:\/\/www.uaga.eus\/la-azucarera-de-miranda-ya-no-molturara-remolacha-esta-campana\/\",\"url\":\"https:\/\/www.uaga.eus\/la-azucarera-de-miranda-ya-no-molturara-remolacha-esta-campana\/\",\"name\":\"La Azucarera de Miranda ya no molturar\u00e1 remolacha esta campa\u00f1a - UAGA\",\"isPartOf\":{\"@id\":\"https:\/\/www.uaga.eus\/#website\"},\"datePublished\":\"2025-05-30T11:39:00+00:00\",\"dateModified\":\"2025-05-30T11:40:59+00:00\",\"author\":{\"@id\":\"https:\/\/www.uaga.eus\/#\/schema\/person\/48c3cbf0f33d1b788226dbb6518689cf\"},\"breadcrumb\":{\"@id\":\"https:\/\/www.uaga.eus\/la-azucarera-de-miranda-ya-no-molturara-remolacha-esta-campana\/#breadcrumb\"},\"inLanguage\":\"eu\",\"potentialAction\":[{\"@type\":\"ReadAction\",\"target\":[\"https:\/\/www.uaga.eus\/la-azucarera-de-miranda-ya-no-molturara-remolacha-esta-campana\/\"]}]},{\"@type\":\"BreadcrumbList\",\"@id\":\"https:\/\/www.uaga.eus\/la-azucarera-de-miranda-ya-no-molturara-remolacha-esta-campana\/#breadcrumb\",\"itemListElement\":[{\"@type\":\"ListItem\",\"position\":1,\"name\":\"Inicio\",\"item\":\"https:\/\/www.uaga.eus\/\"},{\"@type\":\"ListItem\",\"position\":2,\"name\":\"La Azucarera de Miranda ya no molturar\u00e1 remolacha esta campa\u00f1a\"}]},{\"@type\":\"WebSite\",\"@id\":\"https:\/\/www.uaga.eus\/#website\",\"url\":\"https:\/\/www.uaga.eus\/\",\"name\":\"UAGA\",\"description\":\"Uni\u00f3n Agroganadera de \u00c1lava - Araba Nekazarien Elkartea\",\"potentialAction\":[{\"@type\":\"SearchAction\",\"target\":{\"@type\":\"EntryPoint\",\"urlTemplate\":\"https:\/\/www.uaga.eus\/?s={search_term_string}\"},\"query-input\":\"required name=search_term_string\"}],\"inLanguage\":\"eu\"},{\"@type\":\"Person\",\"@id\":\"https:\/\/www.uaga.eus\/#\/schema\/person\/48c3cbf0f33d1b788226dbb6518689cf\",\"name\":\"Blanca S\u00e1nchez\",\"image\":{\"@type\":\"ImageObject\",\"inLanguage\":\"eu\",\"@id\":\"https:\/\/www.uaga.eus\/#\/schema\/person\/image\/\",\"url\":\"https:\/\/secure.gravatar.com\/avatar\/0dc91c20648254b1ce84877283f6751b?s=96&d=mm&r=g\",\"contentUrl\":\"https:\/\/secure.gravatar.com\/avatar\/0dc91c20648254b1ce84877283f6751b?s=96&d=mm&r=g\",\"caption\":\"Blanca S\u00e1nchez\"},\"url\":\"https:\/\/www.uaga.eus\/eu\/author\/bsanchez\/\"}]}<\/script>\n<!-- \/ Yoast SEO plugin. -->","yoast_head_json":{"title":"La Azucarera de Miranda ya no molturar\u00e1 remolacha esta campa\u00f1a - UAGA","robots":{"index":"index","follow":"follow","max-snippet":"max-snippet:-1","max-image-preview":"max-image-preview:large","max-video-preview":"max-video-preview:-1"},"canonical":"https:\/\/www.uaga.eus\/la-azucarera-de-miranda-ya-no-molturara-remolacha-esta-campana\/","og_locale":"en_US","og_type":"article","og_title":"La Azucarera de Miranda ya no molturar\u00e1 remolacha esta campa\u00f1a - UAGA","og_description":"British Sugar ha confirmado que la Azucarera de Miranda ya no molturar\u00e1 remolacha, pasando a ocuparse \u00fanicamente de la refiner\u00eda de ca\u00f1a de az\u00facar. UAGA ve con preocupaci\u00f3n este \u00faltimo giro de tuerca de la industria azucarera, que est\u00e1 abocando a la desaparici\u00f3n del cultivo en \u00c1lava. El sindicato considera que el declive de la [&hellip;]","og_url":"https:\/\/www.uaga.eus\/la-azucarera-de-miranda-ya-no-molturara-remolacha-esta-campana\/","og_site_name":"UAGA","article_published_time":"2025-05-30T11:39:00+00:00","article_modified_time":"2025-05-30T11:40:59+00:00","og_image":[{"width":698,"height":337,"url":"https:\/\/www.uaga.eus\/wp-content\/uploads\/2019\/10\/IMG_3221-e1570187540298.jpg","type":"image\/jpeg"}],"author":"Blanca S\u00e1nchez","twitter_card":"summary_large_image","twitter_misc":{"Written by":"Blanca S\u00e1nchez","Est. reading time":"1 minutua"},"schema":{"@context":"https:\/\/schema.org","@graph":[{"@type":"WebPage","@id":"https:\/\/www.uaga.eus\/la-azucarera-de-miranda-ya-no-molturara-remolacha-esta-campana\/","url":"https:\/\/www.uaga.eus\/la-azucarera-de-miranda-ya-no-molturara-remolacha-esta-campana\/","name":"La Azucarera de Miranda ya no molturar\u00e1 remolacha esta campa\u00f1a - UAGA","isPartOf":{"@id":"https:\/\/www.uaga.eus\/#website"},"datePublished":"2025-05-30T11:39:00+00:00","dateModified":"2025-05-30T11:40:59+00:00","author":{"@id":"https:\/\/www.uaga.eus\/#\/schema\/person\/48c3cbf0f33d1b788226dbb6518689cf"},"breadcrumb":{"@id":"https:\/\/www.uaga.eus\/la-azucarera-de-miranda-ya-no-molturara-remolacha-esta-campana\/#breadcrumb"},"inLanguage":"eu","potentialAction":[{"@type":"ReadAction","target":["https:\/\/www.uaga.eus\/la-azucarera-de-miranda-ya-no-molturara-remolacha-esta-campana\/"]}]},{"@type":"BreadcrumbList","@id":"https:\/\/www.uaga.eus\/la-azucarera-de-miranda-ya-no-molturara-remolacha-esta-campana\/#breadcrumb","itemListElement":[{"@type":"ListItem","position":1,"name":"Inicio","item":"https:\/\/www.uaga.eus\/"},{"@type":"ListItem","position":2,"name":"La Azucarera de Miranda ya no molturar\u00e1 remolacha esta campa\u00f1a"}]},{"@type":"WebSite","@id":"https:\/\/www.uaga.eus\/#website","url":"https:\/\/www.uaga.eus\/","name":"UAGA","description":"Uni\u00f3n Agroganadera de \u00c1lava - Araba Nekazarien Elkartea","potentialAction":[{"@type":"SearchAction","target":{"@type":"EntryPoint","urlTemplate":"https:\/\/www.uaga.eus\/?s={search_term_string}"},"query-input":"required name=search_term_string"}],"inLanguage":"eu"},{"@type":"Person","@id":"https:\/\/www.uaga.eus\/#\/schema\/person\/48c3cbf0f33d1b788226dbb6518689cf","name":"Blanca S\u00e1nchez","image":{"@type":"ImageObject","inLanguage":"eu","@id":"https:\/\/www.uaga.eus\/#\/schema\/person\/image\/","url":"https:\/\/secure.gravatar.com\/avatar\/0dc91c20648254b1ce84877283f6751b?s=96&d=mm&r=g","contentUrl":"https:\/\/secure.gravatar.com\/avatar\/0dc91c20648254b1ce84877283f6751b?s=96&d=mm&r=g","caption":"Blanca S\u00e1nchez"},"url":"https:\/\/www.uaga.eus\/eu\/author\/bsanchez\/"}]}},"_links":{"self":[{"href":"https:\/\/www.uaga.eus\/eu\/wp-json\/wp\/v2\/posts\/13800"}],"collection":[{"href":"https:\/\/www.uaga.eus\/eu\/wp-json\/wp\/v2\/posts"}],"about":[{"href":"https:\/\/www.uaga.eus\/eu\/wp-json\/wp\/v2\/types\/post"}],"author":[{"embeddable":true,"href":"https:\/\/www.uaga.eus\/eu\/wp-json\/wp\/v2\/users\/4"}],"replies":[{"embeddable":true,"href":"https:\/\/www.uaga.eus\/eu\/wp-json\/wp\/v2\/comments?post=13800"}],"version-history":[{"count":2,"href":"https:\/\/www.uaga.eus\/eu\/wp-json\/wp\/v2\/posts\/13800\/revisions"}],"predecessor-version":[{"id":13803,"href":"https:\/\/www.uaga.eus\/eu\/wp-json\/wp\/v2\/posts\/13800\/revisions\/13803"}],"wp:featuredmedia":[{"embeddable":true,"href":"https:\/\/www.uaga.eus\/eu\/wp-json\/wp\/v2\/media\/6520"}],"wp:attachment":[{"href":"https:\/\/www.uaga.eus\/eu\/wp-json\/wp\/v2\/media?parent=13800"}],"wp:term":[{"taxonomy":"category","embeddable":true,"href":"https:\/\/www.uaga.eus\/eu\/wp-json\/wp\/v2\/categories?post=13800"},{"taxonomy":"post_tag","embeddable":true,"href":"https:\/\/www.uaga.eus\/eu\/wp-json\/wp\/v2\/tags?post=13800"}],"curies":[{"name":"wp","href":"https:\/\/api.w.org\/{rel}","templated":true}]}}