{"id":13798,"date":"2025-05-30T11:38:06","date_gmt":"2025-05-30T11:38:06","guid":{"rendered":"https:\/\/www.uaga.eus\/?p=13798"},"modified":"2025-05-30T11:38:06","modified_gmt":"2025-05-30T11:38:06","slug":"la-diputacion-flexibiliza-los-requisitos-de-ayudas-agroambientales-por-la-climatologia-de-esta-primavera","status":"publish","type":"post","link":"https:\/\/www.uaga.eus\/eu\/la-diputacion-flexibiliza-los-requisitos-de-ayudas-agroambientales-por-la-climatologia-de-esta-primavera\/","title":{"rendered":"La Diputaci\u00f3n flexibiliza los requisitos de ayudas agroambientales por la climatolog\u00eda de esta primavera"},"content":{"rendered":"<p>La Diputaci\u00f3n Foral de \u00c1lava ha decidido aplicar medidas excepcionales para flexibilizar las obligaciones de las explotaciones agrarias\u00a0inscritos en las ayudas agroambientales, tras la dificultades de sembrar cultivos como la patata y la remolacha por las intensas lluvias registradas esta campa\u00f1a.<\/p>\n<p>Esta son las medidas adoptadas:<\/p>\n<ul>\n<li>La superficie a pago ser\u00e1 la superficie solicitada determinada en esta campa\u00f1a 2025 (no la superficie comprometida para la intervenci\u00f3n).<\/li>\n<li>No se aplicar\u00e1 penalizaci\u00f3n por no mantener la superficie comprometida.<\/li>\n<li>Se conservar\u00e1 el compromiso inicial para la intervenci\u00f3n de cara a la campa\u00f1a 2026, no teniendo en cuenta la superficie pagada en 2025.<\/li>\n<li>En caso de no sembrar superficie alguna de los cultivos auxiliables esta campa\u00f1a, no se aplicar\u00e1 penalizaci\u00f3n y no se percibir\u00e1 abono alguno de las ayudas en cuesti\u00f3n.<\/li>\n<li>El a\u00f1o de solicitud \u00fanica 2025 no computa como a\u00f1o de carencia.<\/li>\n<\/ul>\n<div>Estas medidas afectan tanto a las intervenciones de cultivos sostenibles como a las de agricultura ecol\u00f3gica, y buscan garantizar que las explotaciones afectadas por estas condiciones extraordinarias no se vean perjudicadas por una situaci\u00f3n ajena a su voluntad.<\/div>\n","protected":false},"excerpt":{"rendered":"<p>La Diputaci\u00f3n Foral de \u00c1lava ha decidido aplicar medidas excepcionales para flexibilizar las obligaciones de las explotaciones agrarias\u00a0inscritos en las ayudas agroambientales, tras la dificultades de sembrar cultivos como la patata y la remolacha por las intensas lluvias registradas esta campa\u00f1a. Esta son las medidas adoptadas: La superficie a pago ser\u00e1 la superficie solicitada determinada [&hellip;]<\/p>\n","protected":false},"author":4,"featured_media":3801,"comment_status":"closed","ping_status":"closed","sticky":false,"template":"","format":"standard","meta":{"footnotes":""},"categories":[7,5,4],"tags":[],"yoast_head":"<!-- This site is optimized with the Yoast SEO plugin v21.5 - https:\/\/yoast.com\/wordpress\/plugins\/seo\/ -->\n<title>La Diputaci\u00f3n flexibiliza los requisitos de ayudas agroambientales por la climatolog\u00eda de esta primavera - UAGA<\/title>\n<meta name=\"robots\" content=\"index, follow, max-snippet:-1, max-image-preview:large, max-video-preview:-1\" \/>\n<link rel=\"canonical\" href=\"https:\/\/www.uaga.eus\/la-diputacion-flexibiliza-los-requisitos-de-ayudas-agroambientales-por-la-climatologia-de-esta-primavera\/\" \/>\n<meta property=\"og:locale\" content=\"en_US\" \/>\n<meta property=\"og:type\" content=\"article\" \/>\n<meta property=\"og:title\" content=\"La Diputaci\u00f3n flexibiliza los requisitos de ayudas agroambientales por la climatolog\u00eda de esta primavera - UAGA\" \/>\n<meta property=\"og:description\" content=\"La Diputaci\u00f3n Foral de \u00c1lava ha decidido aplicar medidas excepcionales para flexibilizar las obligaciones de las explotaciones agrarias\u00a0inscritos en las ayudas agroambientales, tras la dificultades de sembrar cultivos como la patata y la remolacha por las intensas lluvias registradas esta campa\u00f1a. Esta son las medidas adoptadas: La superficie a pago ser\u00e1 la superficie solicitada determinada [&hellip;]\" \/>\n<meta property=\"og:url\" content=\"https:\/\/www.uaga.eus\/la-diputacion-flexibiliza-los-requisitos-de-ayudas-agroambientales-por-la-climatologia-de-esta-primavera\/\" \/>\n<meta property=\"og:site_name\" content=\"UAGA\" \/>\n<meta property=\"article:published_time\" content=\"2025-05-30T11:38:06+00:00\" \/>\n<meta property=\"og:image\" content=\"https:\/\/www.uaga.eus\/wp-content\/uploads\/2018\/07\/100_1899-e1532085476627.jpg\" \/>\n\t<meta property=\"og:image:width\" content=\"700\" \/>\n\t<meta property=\"og:image:height\" content=\"325\" \/>\n\t<meta property=\"og:image:type\" content=\"image\/jpeg\" \/>\n<meta name=\"author\" content=\"Blanca S\u00e1nchez\" \/>\n<meta name=\"twitter:card\" content=\"summary_large_image\" \/>\n<meta name=\"twitter:label1\" content=\"Written by\" \/>\n\t<meta name=\"twitter:data1\" content=\"Blanca S\u00e1nchez\" \/>\n\t<meta name=\"twitter:label2\" content=\"Est. reading time\" \/>\n\t<meta name=\"twitter:data2\" content=\"1 minutua\" \/>\n<script type=\"application\/ld+json\" class=\"yoast-schema-graph\">{\"@context\":\"https:\/\/schema.org\",\"@graph\":[{\"@type\":\"WebPage\",\"@id\":\"https:\/\/www.uaga.eus\/la-diputacion-flexibiliza-los-requisitos-de-ayudas-agroambientales-por-la-climatologia-de-esta-primavera\/\",\"url\":\"https:\/\/www.uaga.eus\/la-diputacion-flexibiliza-los-requisitos-de-ayudas-agroambientales-por-la-climatologia-de-esta-primavera\/\",\"name\":\"La Diputaci\u00f3n flexibiliza los requisitos de ayudas agroambientales por la climatolog\u00eda de esta primavera - UAGA\",\"isPartOf\":{\"@id\":\"https:\/\/www.uaga.eus\/#website\"},\"datePublished\":\"2025-05-30T11:38:06+00:00\",\"dateModified\":\"2025-05-30T11:38:06+00:00\",\"author\":{\"@id\":\"https:\/\/www.uaga.eus\/#\/schema\/person\/48c3cbf0f33d1b788226dbb6518689cf\"},\"breadcrumb\":{\"@id\":\"https:\/\/www.uaga.eus\/la-diputacion-flexibiliza-los-requisitos-de-ayudas-agroambientales-por-la-climatologia-de-esta-primavera\/#breadcrumb\"},\"inLanguage\":\"eu\",\"potentialAction\":[{\"@type\":\"ReadAction\",\"target\":[\"https:\/\/www.uaga.eus\/la-diputacion-flexibiliza-los-requisitos-de-ayudas-agroambientales-por-la-climatologia-de-esta-primavera\/\"]}]},{\"@type\":\"BreadcrumbList\",\"@id\":\"https:\/\/www.uaga.eus\/la-diputacion-flexibiliza-los-requisitos-de-ayudas-agroambientales-por-la-climatologia-de-esta-primavera\/#breadcrumb\",\"itemListElement\":[{\"@type\":\"ListItem\",\"position\":1,\"name\":\"Inicio\",\"item\":\"https:\/\/www.uaga.eus\/\"},{\"@type\":\"ListItem\",\"position\":2,\"name\":\"La Diputaci\u00f3n flexibiliza los requisitos de ayudas agroambientales por la climatolog\u00eda de esta primavera\"}]},{\"@type\":\"WebSite\",\"@id\":\"https:\/\/www.uaga.eus\/#website\",\"url\":\"https:\/\/www.uaga.eus\/\",\"name\":\"UAGA\",\"description\":\"Uni\u00f3n Agroganadera de \u00c1lava - Araba Nekazarien Elkartea\",\"potentialAction\":[{\"@type\":\"SearchAction\",\"target\":{\"@type\":\"EntryPoint\",\"urlTemplate\":\"https:\/\/www.uaga.eus\/?s={search_term_string}\"},\"query-input\":\"required name=search_term_string\"}],\"inLanguage\":\"eu\"},{\"@type\":\"Person\",\"@id\":\"https:\/\/www.uaga.eus\/#\/schema\/person\/48c3cbf0f33d1b788226dbb6518689cf\",\"name\":\"Blanca S\u00e1nchez\",\"image\":{\"@type\":\"ImageObject\",\"inLanguage\":\"eu\",\"@id\":\"https:\/\/www.uaga.eus\/#\/schema\/person\/image\/\",\"url\":\"https:\/\/secure.gravatar.com\/avatar\/0dc91c20648254b1ce84877283f6751b?s=96&d=mm&r=g\",\"contentUrl\":\"https:\/\/secure.gravatar.com\/avatar\/0dc91c20648254b1ce84877283f6751b?s=96&d=mm&r=g\",\"caption\":\"Blanca S\u00e1nchez\"},\"url\":\"https:\/\/www.uaga.eus\/eu\/author\/bsanchez\/\"}]}<\/script>\n<!-- \/ Yoast SEO plugin. -->","yoast_head_json":{"title":"La Diputaci\u00f3n flexibiliza los requisitos de ayudas agroambientales por la climatolog\u00eda de esta primavera - UAGA","robots":{"index":"index","follow":"follow","max-snippet":"max-snippet:-1","max-image-preview":"max-image-preview:large","max-video-preview":"max-video-preview:-1"},"canonical":"https:\/\/www.uaga.eus\/la-diputacion-flexibiliza-los-requisitos-de-ayudas-agroambientales-por-la-climatologia-de-esta-primavera\/","og_locale":"en_US","og_type":"article","og_title":"La Diputaci\u00f3n flexibiliza los requisitos de ayudas agroambientales por la climatolog\u00eda de esta primavera - UAGA","og_description":"La Diputaci\u00f3n Foral de \u00c1lava ha decidido aplicar medidas excepcionales para flexibilizar las obligaciones de las explotaciones agrarias\u00a0inscritos en las ayudas agroambientales, tras la dificultades de sembrar cultivos como la patata y la remolacha por las intensas lluvias registradas esta campa\u00f1a. Esta son las medidas adoptadas: La superficie a pago ser\u00e1 la superficie solicitada determinada [&hellip;]","og_url":"https:\/\/www.uaga.eus\/la-diputacion-flexibiliza-los-requisitos-de-ayudas-agroambientales-por-la-climatologia-de-esta-primavera\/","og_site_name":"UAGA","article_published_time":"2025-05-30T11:38:06+00:00","og_image":[{"width":700,"height":325,"url":"https:\/\/www.uaga.eus\/wp-content\/uploads\/2018\/07\/100_1899-e1532085476627.jpg","type":"image\/jpeg"}],"author":"Blanca S\u00e1nchez","twitter_card":"summary_large_image","twitter_misc":{"Written by":"Blanca S\u00e1nchez","Est. reading time":"1 minutua"},"schema":{"@context":"https:\/\/schema.org","@graph":[{"@type":"WebPage","@id":"https:\/\/www.uaga.eus\/la-diputacion-flexibiliza-los-requisitos-de-ayudas-agroambientales-por-la-climatologia-de-esta-primavera\/","url":"https:\/\/www.uaga.eus\/la-diputacion-flexibiliza-los-requisitos-de-ayudas-agroambientales-por-la-climatologia-de-esta-primavera\/","name":"La Diputaci\u00f3n flexibiliza los requisitos de ayudas agroambientales por la climatolog\u00eda de esta primavera - UAGA","isPartOf":{"@id":"https:\/\/www.uaga.eus\/#website"},"datePublished":"2025-05-30T11:38:06+00:00","dateModified":"2025-05-30T11:38:06+00:00","author":{"@id":"https:\/\/www.uaga.eus\/#\/schema\/person\/48c3cbf0f33d1b788226dbb6518689cf"},"breadcrumb":{"@id":"https:\/\/www.uaga.eus\/la-diputacion-flexibiliza-los-requisitos-de-ayudas-agroambientales-por-la-climatologia-de-esta-primavera\/#breadcrumb"},"inLanguage":"eu","potentialAction":[{"@type":"ReadAction","target":["https:\/\/www.uaga.eus\/la-diputacion-flexibiliza-los-requisitos-de-ayudas-agroambientales-por-la-climatologia-de-esta-primavera\/"]}]},{"@type":"BreadcrumbList","@id":"https:\/\/www.uaga.eus\/la-diputacion-flexibiliza-los-requisitos-de-ayudas-agroambientales-por-la-climatologia-de-esta-primavera\/#breadcrumb","itemListElement":[{"@type":"ListItem","position":1,"name":"Inicio","item":"https:\/\/www.uaga.eus\/"},{"@type":"ListItem","position":2,"name":"La Diputaci\u00f3n flexibiliza los requisitos de ayudas agroambientales por la climatolog\u00eda de esta primavera"}]},{"@type":"WebSite","@id":"https:\/\/www.uaga.eus\/#website","url":"https:\/\/www.uaga.eus\/","name":"UAGA","description":"Uni\u00f3n Agroganadera de \u00c1lava - Araba Nekazarien Elkartea","potentialAction":[{"@type":"SearchAction","target":{"@type":"EntryPoint","urlTemplate":"https:\/\/www.uaga.eus\/?s={search_term_string}"},"query-input":"required name=search_term_string"}],"inLanguage":"eu"},{"@type":"Person","@id":"https:\/\/www.uaga.eus\/#\/schema\/person\/48c3cbf0f33d1b788226dbb6518689cf","name":"Blanca S\u00e1nchez","image":{"@type":"ImageObject","inLanguage":"eu","@id":"https:\/\/www.uaga.eus\/#\/schema\/person\/image\/","url":"https:\/\/secure.gravatar.com\/avatar\/0dc91c20648254b1ce84877283f6751b?s=96&d=mm&r=g","contentUrl":"https:\/\/secure.gravatar.com\/avatar\/0dc91c20648254b1ce84877283f6751b?s=96&d=mm&r=g","caption":"Blanca S\u00e1nchez"},"url":"https:\/\/www.uaga.eus\/eu\/author\/bsanchez\/"}]}},"_links":{"self":[{"href":"https:\/\/www.uaga.eus\/eu\/wp-json\/wp\/v2\/posts\/13798"}],"collection":[{"href":"https:\/\/www.uaga.eus\/eu\/wp-json\/wp\/v2\/posts"}],"about":[{"href":"https:\/\/www.uaga.eus\/eu\/wp-json\/wp\/v2\/types\/post"}],"author":[{"embeddable":true,"href":"https:\/\/www.uaga.eus\/eu\/wp-json\/wp\/v2\/users\/4"}],"replies":[{"embeddable":true,"href":"https:\/\/www.uaga.eus\/eu\/wp-json\/wp\/v2\/comments?post=13798"}],"version-history":[{"count":1,"href":"https:\/\/www.uaga.eus\/eu\/wp-json\/wp\/v2\/posts\/13798\/revisions"}],"predecessor-version":[{"id":13799,"href":"https:\/\/www.uaga.eus\/eu\/wp-json\/wp\/v2\/posts\/13798\/revisions\/13799"}],"wp:featuredmedia":[{"embeddable":true,"href":"https:\/\/www.uaga.eus\/eu\/wp-json\/wp\/v2\/media\/3801"}],"wp:attachment":[{"href":"https:\/\/www.uaga.eus\/eu\/wp-json\/wp\/v2\/media?parent=13798"}],"wp:term":[{"taxonomy":"category","embeddable":true,"href":"https:\/\/www.uaga.eus\/eu\/wp-json\/wp\/v2\/categories?post=13798"},{"taxonomy":"post_tag","embeddable":true,"href":"https:\/\/www.uaga.eus\/eu\/wp-json\/wp\/v2\/tags?post=13798"}],"curies":[{"name":"wp","href":"https:\/\/api.w.org\/{rel}","templated":true}]}}