{"id":13796,"date":"2025-05-30T11:37:05","date_gmt":"2025-05-30T11:37:05","guid":{"rendered":"https:\/\/www.uaga.eus\/?p=13796"},"modified":"2025-05-30T11:37:05","modified_gmt":"2025-05-30T11:37:05","slug":"hasta-el-2-de-junio-plazo-para-presentar-alegaciones-a-la-resolucion-provisional-de-la-ayuda-de-cosecha-en-verde","status":"publish","type":"post","link":"https:\/\/www.uaga.eus\/eu\/hasta-el-2-de-junio-plazo-para-presentar-alegaciones-a-la-resolucion-provisional-de-la-ayuda-de-cosecha-en-verde\/","title":{"rendered":"Hasta el 2 de junio, plazo para presentar alegaciones a la resoluci\u00f3n provisional de la ayuda de cosecha en verde\u00a0"},"content":{"rendered":"<p>La Diputaci\u00f3n Foral de \u00c1lava ha publicado esta semana<strong> el <a href=\"https:\/\/egoitza.araba.eus\/documents\/d\/egoitza\/parcelas_listado_provisional-pdf\" target=\"_blank\" rel=\"noopener\" data-cke-saved-href=\"https:\/\/egoitza.araba.eus\/documents\/d\/egoitza\/parcelas_listado_provisional-pdf\">listado provisional<\/a> de las parcelas admisibles y no admisibles<\/strong> para la<a href=\"https:\/\/www.uaga.eus\/hasta-el-29-de-abril-abierto-el-plazo-para-solicitar-la-ayuda-de-cosecha-en-verde-del-vinedo-en-rioja-alavesa-2\/\" data-cke-saved-href=\"https:\/\/www.uaga.eus\/hasta-el-29-de-abril-abierto-el-plazo-para-solicitar-la-ayuda-de-cosecha-en-verde-del-vinedo-en-rioja-alavesa-2\/\"> ayuda de cosecha en verde<\/a>.\u00a0Las alegaciones deben realizarse\u00a0\u00a0de forma telem\u00e1tica a trav\u00e9s de <a href=\"https:\/\/www.araba.eus\/MahastiAraba\" target=\"_blank\" rel=\"noopener\" data-cke-saved-href=\"https:\/\/www.araba.eus\/MahastiAraba\">este enlace<\/a>\u00a0hasta el lunes 2 de junio (inclusive).<\/p>\n<p>La resoluci\u00f3n final, con las parcelas concedidas y denegadas, se publicar\u00e1 en torno al 30 de junio. Tras esta resoluci\u00f3n definitiva los solicitantes deber\u00e1n retirar completamente las uvas de estas parcelas antes del 15 de julio. En este plazo, el viticultor tambi\u00e9n deber\u00e1 comunicar la finalizaci\u00f3n y la solicitud de pago.<\/p>\n<p>Por otro lado, desde la fecha de la resoluci\u00f3n final, la persona solicitante dispondr\u00e1 de un plazo de 10 d\u00edas para la presentaci\u00f3n de renuncia definitiva de las parcelas aprobadas. Por \u00faltimo, si se ha solicitado la cosecha en verde y la parcela ha sufrido da\u00f1os superiores al 30% por desastres naturales, se deber\u00e1 presentar la renuncia correspondiente.<\/p>\n","protected":false},"excerpt":{"rendered":"<p>La Diputaci\u00f3n Foral de \u00c1lava ha publicado esta semana el listado provisional de las parcelas admisibles y no admisibles para la ayuda de cosecha en verde.\u00a0Las alegaciones deben realizarse\u00a0\u00a0de forma telem\u00e1tica a trav\u00e9s de este enlace\u00a0hasta el lunes 2 de junio (inclusive). La resoluci\u00f3n final, con las parcelas concedidas y denegadas, se publicar\u00e1 en torno [&hellip;]<\/p>\n","protected":false},"author":4,"featured_media":7696,"comment_status":"closed","ping_status":"closed","sticky":false,"template":"","format":"standard","meta":{"footnotes":""},"categories":[7,5],"tags":[],"yoast_head":"<!-- This site is optimized with the Yoast SEO plugin v21.5 - https:\/\/yoast.com\/wordpress\/plugins\/seo\/ -->\n<title>Hasta el 2 de junio, plazo para presentar alegaciones a la resoluci\u00f3n provisional de la ayuda de cosecha en verde\u00a0 - UAGA<\/title>\n<meta name=\"robots\" content=\"index, follow, max-snippet:-1, max-image-preview:large, max-video-preview:-1\" \/>\n<link rel=\"canonical\" href=\"https:\/\/www.uaga.eus\/hasta-el-2-de-junio-plazo-para-presentar-alegaciones-a-la-resolucion-provisional-de-la-ayuda-de-cosecha-en-verde\/\" \/>\n<meta property=\"og:locale\" content=\"en_US\" \/>\n<meta property=\"og:type\" content=\"article\" \/>\n<meta property=\"og:title\" content=\"Hasta el 2 de junio, plazo para presentar alegaciones a la resoluci\u00f3n provisional de la ayuda de cosecha en verde\u00a0 - UAGA\" \/>\n<meta property=\"og:description\" content=\"La Diputaci\u00f3n Foral de \u00c1lava ha publicado esta semana el listado provisional de las parcelas admisibles y no admisibles para la ayuda de cosecha en verde.\u00a0Las alegaciones deben realizarse\u00a0\u00a0de forma telem\u00e1tica a trav\u00e9s de este enlace\u00a0hasta el lunes 2 de junio (inclusive). La resoluci\u00f3n final, con las parcelas concedidas y denegadas, se publicar\u00e1 en torno [&hellip;]\" \/>\n<meta property=\"og:url\" content=\"https:\/\/www.uaga.eus\/hasta-el-2-de-junio-plazo-para-presentar-alegaciones-a-la-resolucion-provisional-de-la-ayuda-de-cosecha-en-verde\/\" \/>\n<meta property=\"og:site_name\" content=\"UAGA\" \/>\n<meta property=\"article:published_time\" content=\"2025-05-30T11:37:05+00:00\" \/>\n<meta property=\"og:image\" content=\"https:\/\/www.uaga.eus\/wp-content\/uploads\/2020\/06\/uvas-verdes-e1592564789483.jpg\" \/>\n\t<meta property=\"og:image:width\" content=\"700\" \/>\n\t<meta property=\"og:image:height\" content=\"386\" \/>\n\t<meta property=\"og:image:type\" content=\"image\/jpeg\" \/>\n<meta name=\"author\" content=\"Blanca S\u00e1nchez\" \/>\n<meta name=\"twitter:card\" content=\"summary_large_image\" \/>\n<meta name=\"twitter:label1\" content=\"Written by\" \/>\n\t<meta name=\"twitter:data1\" content=\"Blanca S\u00e1nchez\" \/>\n\t<meta name=\"twitter:label2\" content=\"Est. reading time\" \/>\n\t<meta name=\"twitter:data2\" content=\"1 minutua\" \/>\n<script type=\"application\/ld+json\" class=\"yoast-schema-graph\">{\"@context\":\"https:\/\/schema.org\",\"@graph\":[{\"@type\":\"WebPage\",\"@id\":\"https:\/\/www.uaga.eus\/hasta-el-2-de-junio-plazo-para-presentar-alegaciones-a-la-resolucion-provisional-de-la-ayuda-de-cosecha-en-verde\/\",\"url\":\"https:\/\/www.uaga.eus\/hasta-el-2-de-junio-plazo-para-presentar-alegaciones-a-la-resolucion-provisional-de-la-ayuda-de-cosecha-en-verde\/\",\"name\":\"Hasta el 2 de junio, plazo para presentar alegaciones a la resoluci\u00f3n provisional de la ayuda de cosecha en verde\u00a0 - UAGA\",\"isPartOf\":{\"@id\":\"https:\/\/www.uaga.eus\/#website\"},\"datePublished\":\"2025-05-30T11:37:05+00:00\",\"dateModified\":\"2025-05-30T11:37:05+00:00\",\"author\":{\"@id\":\"https:\/\/www.uaga.eus\/#\/schema\/person\/48c3cbf0f33d1b788226dbb6518689cf\"},\"breadcrumb\":{\"@id\":\"https:\/\/www.uaga.eus\/hasta-el-2-de-junio-plazo-para-presentar-alegaciones-a-la-resolucion-provisional-de-la-ayuda-de-cosecha-en-verde\/#breadcrumb\"},\"inLanguage\":\"eu\",\"potentialAction\":[{\"@type\":\"ReadAction\",\"target\":[\"https:\/\/www.uaga.eus\/hasta-el-2-de-junio-plazo-para-presentar-alegaciones-a-la-resolucion-provisional-de-la-ayuda-de-cosecha-en-verde\/\"]}]},{\"@type\":\"BreadcrumbList\",\"@id\":\"https:\/\/www.uaga.eus\/hasta-el-2-de-junio-plazo-para-presentar-alegaciones-a-la-resolucion-provisional-de-la-ayuda-de-cosecha-en-verde\/#breadcrumb\",\"itemListElement\":[{\"@type\":\"ListItem\",\"position\":1,\"name\":\"Inicio\",\"item\":\"https:\/\/www.uaga.eus\/\"},{\"@type\":\"ListItem\",\"position\":2,\"name\":\"Hasta el 2 de junio, plazo para presentar alegaciones a la resoluci\u00f3n provisional de la ayuda de cosecha en verde\u00a0\"}]},{\"@type\":\"WebSite\",\"@id\":\"https:\/\/www.uaga.eus\/#website\",\"url\":\"https:\/\/www.uaga.eus\/\",\"name\":\"UAGA\",\"description\":\"Uni\u00f3n Agroganadera de \u00c1lava - Araba Nekazarien Elkartea\",\"potentialAction\":[{\"@type\":\"SearchAction\",\"target\":{\"@type\":\"EntryPoint\",\"urlTemplate\":\"https:\/\/www.uaga.eus\/?s={search_term_string}\"},\"query-input\":\"required name=search_term_string\"}],\"inLanguage\":\"eu\"},{\"@type\":\"Person\",\"@id\":\"https:\/\/www.uaga.eus\/#\/schema\/person\/48c3cbf0f33d1b788226dbb6518689cf\",\"name\":\"Blanca S\u00e1nchez\",\"image\":{\"@type\":\"ImageObject\",\"inLanguage\":\"eu\",\"@id\":\"https:\/\/www.uaga.eus\/#\/schema\/person\/image\/\",\"url\":\"https:\/\/secure.gravatar.com\/avatar\/0dc91c20648254b1ce84877283f6751b?s=96&d=mm&r=g\",\"contentUrl\":\"https:\/\/secure.gravatar.com\/avatar\/0dc91c20648254b1ce84877283f6751b?s=96&d=mm&r=g\",\"caption\":\"Blanca S\u00e1nchez\"},\"url\":\"https:\/\/www.uaga.eus\/eu\/author\/bsanchez\/\"}]}<\/script>\n<!-- \/ Yoast SEO plugin. -->","yoast_head_json":{"title":"Hasta el 2 de junio, plazo para presentar alegaciones a la resoluci\u00f3n provisional de la ayuda de cosecha en verde\u00a0 - UAGA","robots":{"index":"index","follow":"follow","max-snippet":"max-snippet:-1","max-image-preview":"max-image-preview:large","max-video-preview":"max-video-preview:-1"},"canonical":"https:\/\/www.uaga.eus\/hasta-el-2-de-junio-plazo-para-presentar-alegaciones-a-la-resolucion-provisional-de-la-ayuda-de-cosecha-en-verde\/","og_locale":"en_US","og_type":"article","og_title":"Hasta el 2 de junio, plazo para presentar alegaciones a la resoluci\u00f3n provisional de la ayuda de cosecha en verde\u00a0 - UAGA","og_description":"La Diputaci\u00f3n Foral de \u00c1lava ha publicado esta semana el listado provisional de las parcelas admisibles y no admisibles para la ayuda de cosecha en verde.\u00a0Las alegaciones deben realizarse\u00a0\u00a0de forma telem\u00e1tica a trav\u00e9s de este enlace\u00a0hasta el lunes 2 de junio (inclusive). La resoluci\u00f3n final, con las parcelas concedidas y denegadas, se publicar\u00e1 en torno [&hellip;]","og_url":"https:\/\/www.uaga.eus\/hasta-el-2-de-junio-plazo-para-presentar-alegaciones-a-la-resolucion-provisional-de-la-ayuda-de-cosecha-en-verde\/","og_site_name":"UAGA","article_published_time":"2025-05-30T11:37:05+00:00","og_image":[{"width":700,"height":386,"url":"https:\/\/www.uaga.eus\/wp-content\/uploads\/2020\/06\/uvas-verdes-e1592564789483.jpg","type":"image\/jpeg"}],"author":"Blanca S\u00e1nchez","twitter_card":"summary_large_image","twitter_misc":{"Written by":"Blanca S\u00e1nchez","Est. reading time":"1 minutua"},"schema":{"@context":"https:\/\/schema.org","@graph":[{"@type":"WebPage","@id":"https:\/\/www.uaga.eus\/hasta-el-2-de-junio-plazo-para-presentar-alegaciones-a-la-resolucion-provisional-de-la-ayuda-de-cosecha-en-verde\/","url":"https:\/\/www.uaga.eus\/hasta-el-2-de-junio-plazo-para-presentar-alegaciones-a-la-resolucion-provisional-de-la-ayuda-de-cosecha-en-verde\/","name":"Hasta el 2 de junio, plazo para presentar alegaciones a la resoluci\u00f3n provisional de la ayuda de cosecha en verde\u00a0 - UAGA","isPartOf":{"@id":"https:\/\/www.uaga.eus\/#website"},"datePublished":"2025-05-30T11:37:05+00:00","dateModified":"2025-05-30T11:37:05+00:00","author":{"@id":"https:\/\/www.uaga.eus\/#\/schema\/person\/48c3cbf0f33d1b788226dbb6518689cf"},"breadcrumb":{"@id":"https:\/\/www.uaga.eus\/hasta-el-2-de-junio-plazo-para-presentar-alegaciones-a-la-resolucion-provisional-de-la-ayuda-de-cosecha-en-verde\/#breadcrumb"},"inLanguage":"eu","potentialAction":[{"@type":"ReadAction","target":["https:\/\/www.uaga.eus\/hasta-el-2-de-junio-plazo-para-presentar-alegaciones-a-la-resolucion-provisional-de-la-ayuda-de-cosecha-en-verde\/"]}]},{"@type":"BreadcrumbList","@id":"https:\/\/www.uaga.eus\/hasta-el-2-de-junio-plazo-para-presentar-alegaciones-a-la-resolucion-provisional-de-la-ayuda-de-cosecha-en-verde\/#breadcrumb","itemListElement":[{"@type":"ListItem","position":1,"name":"Inicio","item":"https:\/\/www.uaga.eus\/"},{"@type":"ListItem","position":2,"name":"Hasta el 2 de junio, plazo para presentar alegaciones a la resoluci\u00f3n provisional de la ayuda de cosecha en verde\u00a0"}]},{"@type":"WebSite","@id":"https:\/\/www.uaga.eus\/#website","url":"https:\/\/www.uaga.eus\/","name":"UAGA","description":"Uni\u00f3n Agroganadera de \u00c1lava - Araba Nekazarien Elkartea","potentialAction":[{"@type":"SearchAction","target":{"@type":"EntryPoint","urlTemplate":"https:\/\/www.uaga.eus\/?s={search_term_string}"},"query-input":"required name=search_term_string"}],"inLanguage":"eu"},{"@type":"Person","@id":"https:\/\/www.uaga.eus\/#\/schema\/person\/48c3cbf0f33d1b788226dbb6518689cf","name":"Blanca S\u00e1nchez","image":{"@type":"ImageObject","inLanguage":"eu","@id":"https:\/\/www.uaga.eus\/#\/schema\/person\/image\/","url":"https:\/\/secure.gravatar.com\/avatar\/0dc91c20648254b1ce84877283f6751b?s=96&d=mm&r=g","contentUrl":"https:\/\/secure.gravatar.com\/avatar\/0dc91c20648254b1ce84877283f6751b?s=96&d=mm&r=g","caption":"Blanca S\u00e1nchez"},"url":"https:\/\/www.uaga.eus\/eu\/author\/bsanchez\/"}]}},"_links":{"self":[{"href":"https:\/\/www.uaga.eus\/eu\/wp-json\/wp\/v2\/posts\/13796"}],"collection":[{"href":"https:\/\/www.uaga.eus\/eu\/wp-json\/wp\/v2\/posts"}],"about":[{"href":"https:\/\/www.uaga.eus\/eu\/wp-json\/wp\/v2\/types\/post"}],"author":[{"embeddable":true,"href":"https:\/\/www.uaga.eus\/eu\/wp-json\/wp\/v2\/users\/4"}],"replies":[{"embeddable":true,"href":"https:\/\/www.uaga.eus\/eu\/wp-json\/wp\/v2\/comments?post=13796"}],"version-history":[{"count":1,"href":"https:\/\/www.uaga.eus\/eu\/wp-json\/wp\/v2\/posts\/13796\/revisions"}],"predecessor-version":[{"id":13797,"href":"https:\/\/www.uaga.eus\/eu\/wp-json\/wp\/v2\/posts\/13796\/revisions\/13797"}],"wp:featuredmedia":[{"embeddable":true,"href":"https:\/\/www.uaga.eus\/eu\/wp-json\/wp\/v2\/media\/7696"}],"wp:attachment":[{"href":"https:\/\/www.uaga.eus\/eu\/wp-json\/wp\/v2\/media?parent=13796"}],"wp:term":[{"taxonomy":"category","embeddable":true,"href":"https:\/\/www.uaga.eus\/eu\/wp-json\/wp\/v2\/categories?post=13796"},{"taxonomy":"post_tag","embeddable":true,"href":"https:\/\/www.uaga.eus\/eu\/wp-json\/wp\/v2\/tags?post=13796"}],"curies":[{"name":"wp","href":"https:\/\/api.w.org\/{rel}","templated":true}]}}