{"id":13624,"date":"2025-03-28T13:58:51","date_gmt":"2025-03-28T13:58:51","guid":{"rendered":"https:\/\/www.uaga.eus\/?p=13624"},"modified":"2025-03-28T13:58:51","modified_gmt":"2025-03-28T13:58:51","slug":"la-universidad-popular-de-gorbeialdea-organiza-una-jornada-sobre-el-pts-de-energias-renovables","status":"publish","type":"post","link":"https:\/\/www.uaga.eus\/eu\/la-universidad-popular-de-gorbeialdea-organiza-una-jornada-sobre-el-pts-de-energias-renovables\/","title":{"rendered":"Gorbeialdeko Herri Unibertsitatea Energia Berriztagarrien LPSri buruzko jardunaldia antolatu du"},"content":{"rendered":"<p>Gaur goizean energ\u00eda berriztagarrien LAPen jardunaldi tekniko dibulgatzailea egin da Gasteizko EHUko kanpusean. Gorbeialdeako Herri Unibertsitateko plataformak antolatutako jardunaldi honek ponente hauek izan ditu: zuzenbide fakultateko I\u00f1aki Lasagabaster, letren fakultateko Ana S\u00e1enz de Olazagut\u00eda eta administrazio batzarretako ordezkari Naiara Moreno.<\/p>\n<p>LAParen beraren azalpena egiteaz gain, eragin eta puntu problematikoenak banakatuz, etorkizunari begira zenbait proposamen ere egin dira.<\/p>\n<p>Hemen kontsulta dezakezu gaurko jardunaldiari buruzko informazioa biltzen\u00a0duen\u00a0<a href=\"https:\/\/mcusercontent.com\/498b950ccfc4b8d0e600d7e48\/files\/28e2212e-06db-44e5-89c5-be6184c217f3\/250328_dossier_jornada_renovables.pdf\" target=\"_blank\" rel=\"noopener\" data-cke-saved-href=\"https:\/\/mcusercontent.com\/498b950ccfc4b8d0e600d7e48\/files\/28e2212e-06db-44e5-89c5-be6184c217f3\/250328_dossier_jornada_renovables.pdf\">dosierra<\/a>.<\/p>","protected":false},"excerpt":{"rendered":"<p>Gaur goizean energ\u00eda berriztagarrien LAPen jardunaldi tekniko dibulgatzailea egin da Gasteizko EHUko kanpusean. Gorbeialdeako Herri Unibertsitateko plataformak antolatutako jardunaldi honek ponente hauek izan ditu: zuzenbide fakultateko I\u00f1aki Lasagabaster, letren fakultateko Ana S\u00e1enz de Olazagut\u00eda eta administrazio batzarretako ordezkari Naiara Moreno. LAParen beraren azalpena egiteaz gain, eragin eta puntu problematikoenak banakatuz, etorkizunari begira zenbait proposamen ere [&hellip;]<\/p>\n","protected":false},"author":4,"featured_media":13625,"comment_status":"closed","ping_status":"closed","sticky":false,"template":"","format":"standard","meta":{"footnotes":""},"categories":[11],"tags":[],"yoast_head":"<!-- This site is optimized with the Yoast SEO plugin v21.5 - https:\/\/yoast.com\/wordpress\/plugins\/seo\/ -->\n<title>Gorbeialdeko Herri Unibertsitatea Energia Berriztagarrien LPSri buruzko jardunaldia antolatu du - UAGA<\/title>\n<meta name=\"robots\" content=\"index, follow, max-snippet:-1, max-image-preview:large, max-video-preview:-1\" \/>\n<link rel=\"canonical\" href=\"https:\/\/www.uaga.eus\/la-universidad-popular-de-gorbeialdea-organiza-una-jornada-sobre-el-pts-de-energias-renovables\/\" \/>\n<meta property=\"og:locale\" content=\"en_US\" \/>\n<meta property=\"og:type\" content=\"article\" \/>\n<meta property=\"og:title\" content=\"Gorbeialdeko Herri Unibertsitatea Energia Berriztagarrien LPSri buruzko jardunaldia antolatu du - UAGA\" \/>\n<meta property=\"og:description\" content=\"Gaur goizean energ\u00eda berriztagarrien LAPen jardunaldi tekniko dibulgatzailea egin da Gasteizko EHUko kanpusean. Gorbeialdeako Herri Unibertsitateko plataformak antolatutako jardunaldi honek ponente hauek izan ditu: zuzenbide fakultateko I\u00f1aki Lasagabaster, letren fakultateko Ana S\u00e1enz de Olazagut\u00eda eta administrazio batzarretako ordezkari Naiara Moreno. LAParen beraren azalpena egiteaz gain, eragin eta puntu problematikoenak banakatuz, etorkizunari begira zenbait proposamen ere [&hellip;]\" \/>\n<meta property=\"og:url\" content=\"https:\/\/www.uaga.eus\/la-universidad-popular-de-gorbeialdea-organiza-una-jornada-sobre-el-pts-de-energias-renovables\/\" \/>\n<meta property=\"og:site_name\" content=\"UAGA\" \/>\n<meta property=\"article:published_time\" content=\"2025-03-28T13:58:51+00:00\" \/>\n<meta property=\"og:image\" content=\"https:\/\/www.uaga.eus\/wp-content\/uploads\/2025\/03\/250328-jornada-renovables.jpg\" \/>\n\t<meta property=\"og:image:width\" content=\"650\" \/>\n\t<meta property=\"og:image:height\" content=\"366\" \/>\n\t<meta property=\"og:image:type\" content=\"image\/jpeg\" \/>\n<meta name=\"author\" content=\"Blanca S\u00e1nchez\" \/>\n<meta name=\"twitter:card\" content=\"summary_large_image\" \/>\n<meta name=\"twitter:label1\" content=\"Written by\" \/>\n\t<meta name=\"twitter:data1\" content=\"Blanca S\u00e1nchez\" \/>\n\t<meta name=\"twitter:label2\" content=\"Est. reading time\" \/>\n\t<meta name=\"twitter:data2\" content=\"1 minutua\" \/>\n<script type=\"application\/ld+json\" class=\"yoast-schema-graph\">{\"@context\":\"https:\/\/schema.org\",\"@graph\":[{\"@type\":\"WebPage\",\"@id\":\"https:\/\/www.uaga.eus\/la-universidad-popular-de-gorbeialdea-organiza-una-jornada-sobre-el-pts-de-energias-renovables\/\",\"url\":\"https:\/\/www.uaga.eus\/la-universidad-popular-de-gorbeialdea-organiza-una-jornada-sobre-el-pts-de-energias-renovables\/\",\"name\":\"Gorbeialdeko Herri Unibertsitatea Energia Berriztagarrien LPSri buruzko jardunaldia antolatu du - UAGA\",\"isPartOf\":{\"@id\":\"https:\/\/www.uaga.eus\/#website\"},\"datePublished\":\"2025-03-28T13:58:51+00:00\",\"dateModified\":\"2025-03-28T13:58:51+00:00\",\"author\":{\"@id\":\"https:\/\/www.uaga.eus\/#\/schema\/person\/48c3cbf0f33d1b788226dbb6518689cf\"},\"breadcrumb\":{\"@id\":\"https:\/\/www.uaga.eus\/la-universidad-popular-de-gorbeialdea-organiza-una-jornada-sobre-el-pts-de-energias-renovables\/#breadcrumb\"},\"inLanguage\":\"eu\",\"potentialAction\":[{\"@type\":\"ReadAction\",\"target\":[\"https:\/\/www.uaga.eus\/la-universidad-popular-de-gorbeialdea-organiza-una-jornada-sobre-el-pts-de-energias-renovables\/\"]}]},{\"@type\":\"BreadcrumbList\",\"@id\":\"https:\/\/www.uaga.eus\/la-universidad-popular-de-gorbeialdea-organiza-una-jornada-sobre-el-pts-de-energias-renovables\/#breadcrumb\",\"itemListElement\":[{\"@type\":\"ListItem\",\"position\":1,\"name\":\"Inicio\",\"item\":\"https:\/\/www.uaga.eus\/\"},{\"@type\":\"ListItem\",\"position\":2,\"name\":\"La Universidad popular de Gorbeialdea organiza una jornada sobre el PTS de Energ\u00edas Renovables\"}]},{\"@type\":\"WebSite\",\"@id\":\"https:\/\/www.uaga.eus\/#website\",\"url\":\"https:\/\/www.uaga.eus\/\",\"name\":\"UAGA\",\"description\":\"Uni\u00f3n Agroganadera de \u00c1lava - Araba Nekazarien Elkartea\",\"potentialAction\":[{\"@type\":\"SearchAction\",\"target\":{\"@type\":\"EntryPoint\",\"urlTemplate\":\"https:\/\/www.uaga.eus\/?s={search_term_string}\"},\"query-input\":\"required name=search_term_string\"}],\"inLanguage\":\"eu\"},{\"@type\":\"Person\",\"@id\":\"https:\/\/www.uaga.eus\/#\/schema\/person\/48c3cbf0f33d1b788226dbb6518689cf\",\"name\":\"Blanca S\u00e1nchez\",\"image\":{\"@type\":\"ImageObject\",\"inLanguage\":\"eu\",\"@id\":\"https:\/\/www.uaga.eus\/#\/schema\/person\/image\/\",\"url\":\"https:\/\/secure.gravatar.com\/avatar\/0dc91c20648254b1ce84877283f6751b?s=96&d=mm&r=g\",\"contentUrl\":\"https:\/\/secure.gravatar.com\/avatar\/0dc91c20648254b1ce84877283f6751b?s=96&d=mm&r=g\",\"caption\":\"Blanca S\u00e1nchez\"},\"url\":\"https:\/\/www.uaga.eus\/eu\/author\/bsanchez\/\"}]}<\/script>\n<!-- \/ Yoast SEO plugin. -->","yoast_head_json":{"title":"Gorbeialdeko Herri Unibertsitatea Energia Berriztagarrien LPSri buruzko jardunaldia antolatu du - UAGA","robots":{"index":"index","follow":"follow","max-snippet":"max-snippet:-1","max-image-preview":"max-image-preview:large","max-video-preview":"max-video-preview:-1"},"canonical":"https:\/\/www.uaga.eus\/la-universidad-popular-de-gorbeialdea-organiza-una-jornada-sobre-el-pts-de-energias-renovables\/","og_locale":"en_US","og_type":"article","og_title":"Gorbeialdeko Herri Unibertsitatea Energia Berriztagarrien LPSri buruzko jardunaldia antolatu du - UAGA","og_description":"Gaur goizean energ\u00eda berriztagarrien LAPen jardunaldi tekniko dibulgatzailea egin da Gasteizko EHUko kanpusean. Gorbeialdeako Herri Unibertsitateko plataformak antolatutako jardunaldi honek ponente hauek izan ditu: zuzenbide fakultateko I\u00f1aki Lasagabaster, letren fakultateko Ana S\u00e1enz de Olazagut\u00eda eta administrazio batzarretako ordezkari Naiara Moreno. LAParen beraren azalpena egiteaz gain, eragin eta puntu problematikoenak banakatuz, etorkizunari begira zenbait proposamen ere [&hellip;]","og_url":"https:\/\/www.uaga.eus\/la-universidad-popular-de-gorbeialdea-organiza-una-jornada-sobre-el-pts-de-energias-renovables\/","og_site_name":"UAGA","article_published_time":"2025-03-28T13:58:51+00:00","og_image":[{"width":650,"height":366,"url":"https:\/\/www.uaga.eus\/wp-content\/uploads\/2025\/03\/250328-jornada-renovables.jpg","type":"image\/jpeg"}],"author":"Blanca S\u00e1nchez","twitter_card":"summary_large_image","twitter_misc":{"Written by":"Blanca S\u00e1nchez","Est. reading time":"1 minutua"},"schema":{"@context":"https:\/\/schema.org","@graph":[{"@type":"WebPage","@id":"https:\/\/www.uaga.eus\/la-universidad-popular-de-gorbeialdea-organiza-una-jornada-sobre-el-pts-de-energias-renovables\/","url":"https:\/\/www.uaga.eus\/la-universidad-popular-de-gorbeialdea-organiza-una-jornada-sobre-el-pts-de-energias-renovables\/","name":"Gorbeialdeko Herri Unibertsitatea Energia Berriztagarrien LPSri buruzko jardunaldia antolatu du - UAGA","isPartOf":{"@id":"https:\/\/www.uaga.eus\/#website"},"datePublished":"2025-03-28T13:58:51+00:00","dateModified":"2025-03-28T13:58:51+00:00","author":{"@id":"https:\/\/www.uaga.eus\/#\/schema\/person\/48c3cbf0f33d1b788226dbb6518689cf"},"breadcrumb":{"@id":"https:\/\/www.uaga.eus\/la-universidad-popular-de-gorbeialdea-organiza-una-jornada-sobre-el-pts-de-energias-renovables\/#breadcrumb"},"inLanguage":"eu","potentialAction":[{"@type":"ReadAction","target":["https:\/\/www.uaga.eus\/la-universidad-popular-de-gorbeialdea-organiza-una-jornada-sobre-el-pts-de-energias-renovables\/"]}]},{"@type":"BreadcrumbList","@id":"https:\/\/www.uaga.eus\/la-universidad-popular-de-gorbeialdea-organiza-una-jornada-sobre-el-pts-de-energias-renovables\/#breadcrumb","itemListElement":[{"@type":"ListItem","position":1,"name":"Inicio","item":"https:\/\/www.uaga.eus\/"},{"@type":"ListItem","position":2,"name":"La Universidad popular de Gorbeialdea organiza una jornada sobre el PTS de Energ\u00edas Renovables"}]},{"@type":"WebSite","@id":"https:\/\/www.uaga.eus\/#website","url":"https:\/\/www.uaga.eus\/","name":"UAGA","description":"Uni\u00f3n Agroganadera de \u00c1lava - Araba Nekazarien Elkartea","potentialAction":[{"@type":"SearchAction","target":{"@type":"EntryPoint","urlTemplate":"https:\/\/www.uaga.eus\/?s={search_term_string}"},"query-input":"required name=search_term_string"}],"inLanguage":"eu"},{"@type":"Person","@id":"https:\/\/www.uaga.eus\/#\/schema\/person\/48c3cbf0f33d1b788226dbb6518689cf","name":"Blanca S\u00e1nchez","image":{"@type":"ImageObject","inLanguage":"eu","@id":"https:\/\/www.uaga.eus\/#\/schema\/person\/image\/","url":"https:\/\/secure.gravatar.com\/avatar\/0dc91c20648254b1ce84877283f6751b?s=96&d=mm&r=g","contentUrl":"https:\/\/secure.gravatar.com\/avatar\/0dc91c20648254b1ce84877283f6751b?s=96&d=mm&r=g","caption":"Blanca S\u00e1nchez"},"url":"https:\/\/www.uaga.eus\/eu\/author\/bsanchez\/"}]}},"_links":{"self":[{"href":"https:\/\/www.uaga.eus\/eu\/wp-json\/wp\/v2\/posts\/13624"}],"collection":[{"href":"https:\/\/www.uaga.eus\/eu\/wp-json\/wp\/v2\/posts"}],"about":[{"href":"https:\/\/www.uaga.eus\/eu\/wp-json\/wp\/v2\/types\/post"}],"author":[{"embeddable":true,"href":"https:\/\/www.uaga.eus\/eu\/wp-json\/wp\/v2\/users\/4"}],"replies":[{"embeddable":true,"href":"https:\/\/www.uaga.eus\/eu\/wp-json\/wp\/v2\/comments?post=13624"}],"version-history":[{"count":1,"href":"https:\/\/www.uaga.eus\/eu\/wp-json\/wp\/v2\/posts\/13624\/revisions"}],"predecessor-version":[{"id":13626,"href":"https:\/\/www.uaga.eus\/eu\/wp-json\/wp\/v2\/posts\/13624\/revisions\/13626"}],"wp:featuredmedia":[{"embeddable":true,"href":"https:\/\/www.uaga.eus\/eu\/wp-json\/wp\/v2\/media\/13625"}],"wp:attachment":[{"href":"https:\/\/www.uaga.eus\/eu\/wp-json\/wp\/v2\/media?parent=13624"}],"wp:term":[{"taxonomy":"category","embeddable":true,"href":"https:\/\/www.uaga.eus\/eu\/wp-json\/wp\/v2\/categories?post=13624"},{"taxonomy":"post_tag","embeddable":true,"href":"https:\/\/www.uaga.eus\/eu\/wp-json\/wp\/v2\/tags?post=13624"}],"curies":[{"name":"wp","href":"https:\/\/api.w.org\/{rel}","templated":true}]}}