{"id":13606,"date":"2025-03-21T10:02:39","date_gmt":"2025-03-21T10:02:39","guid":{"rendered":"https:\/\/www.uaga.eus\/?p=13606"},"modified":"2025-03-21T10:02:39","modified_gmt":"2025-03-21T10:02:39","slug":"rebajan-la-proteccion-del-lobo-tras-la-aprobacion-en-el-congreso-de-su-exclusion-del-lespre","status":"publish","type":"post","link":"https:\/\/www.uaga.eus\/eu\/rebajan-la-proteccion-del-lobo-tras-la-aprobacion-en-el-congreso-de-su-exclusion-del-lespre\/","title":{"rendered":"Otsoaren babes egoera eguneratu eta LESPREtik atera egin da"},"content":{"rendered":"<p>Otsoa Babes Bereziko Erregimeneko Basaespezieen Zerrendatik (LESPRE) behin betiko ateratzea onartu zen atzo diputatuen kongresuan.<\/p>\n<p>PPren, Juntsen, Voxen eta EAJren botoekin onartu zen proposamena positibotzat hartu du abeltzaintza sektoreak. Hala ere, Europa eta Estatu mailan otsoaren estatusa aldatu ondoren, egoera autonomikoa eguneratzea eta otsoa Espezie Mehatxatuen Euskal Katalogotik ateratzea geratuko litzateke.<\/p>\n<p>UAGAk bide guztietatik borrokatzen jarraituko du zerrendatik behin betiko atera eta mendi abeltzaintza bizi duen egoera odoltsuari aurre egiteko.<\/p>\n<p>Hemen kontsulta dezakezu horri buruzko\u00a0COAGen\u00a0<a href=\"https:\/\/mcusercontent.com\/498b950ccfc4b8d0e600d7e48\/files\/649cabae-b69b-865c-bbc4-5ee9f7eb5276\/250320_COAG_exclusion_lobo_Lespre.pdf\" target=\"_blank\" rel=\"noopener\" data-cke-saved-href=\"https:\/\/mcusercontent.com\/498b950ccfc4b8d0e600d7e48\/files\/649cabae-b69b-865c-bbc4-5ee9f7eb5276\/250320_COAG_exclusion_lobo_Lespre.pdf\">oharra<\/a>.<\/p>","protected":false},"excerpt":{"rendered":"<p>Otsoa Babes Bereziko Erregimeneko Basaespezieen Zerrendatik (LESPRE) behin betiko ateratzea onartu zen atzo diputatuen kongresuan. PPren, Juntsen, Voxen eta EAJren botoekin onartu zen proposamena positibotzat hartu du abeltzaintza sektoreak. Hala ere, Europa eta Estatu mailan otsoaren estatusa aldatu ondoren, egoera autonomikoa eguneratzea eta otsoa Espezie Mehatxatuen Euskal Katalogotik ateratzea geratuko litzateke. UAGAk bide guztietatik borrokatzen [&hellip;]<\/p>\n","protected":false},"author":4,"featured_media":8920,"comment_status":"closed","ping_status":"closed","sticky":false,"template":"","format":"standard","meta":{"footnotes":""},"categories":[8,11],"tags":[],"yoast_head":"<!-- This site is optimized with the Yoast SEO plugin v21.5 - https:\/\/yoast.com\/wordpress\/plugins\/seo\/ -->\n<title>Otsoaren babes egoera eguneratu eta LESPREtik atera egin da - UAGA<\/title>\n<meta name=\"robots\" content=\"index, follow, max-snippet:-1, max-image-preview:large, max-video-preview:-1\" \/>\n<link rel=\"canonical\" href=\"https:\/\/www.uaga.eus\/rebajan-la-proteccion-del-lobo-tras-la-aprobacion-en-el-congreso-de-su-exclusion-del-lespre\/\" \/>\n<meta property=\"og:locale\" content=\"en_US\" \/>\n<meta property=\"og:type\" content=\"article\" \/>\n<meta property=\"og:title\" content=\"Otsoaren babes egoera eguneratu eta LESPREtik atera egin da - UAGA\" \/>\n<meta property=\"og:description\" content=\"Otsoa Babes Bereziko Erregimeneko Basaespezieen Zerrendatik (LESPRE) behin betiko ateratzea onartu zen atzo diputatuen kongresuan. PPren, Juntsen, Voxen eta EAJren botoekin onartu zen proposamena positibotzat hartu du abeltzaintza sektoreak. Hala ere, Europa eta Estatu mailan otsoaren estatusa aldatu ondoren, egoera autonomikoa eguneratzea eta otsoa Espezie Mehatxatuen Euskal Katalogotik ateratzea geratuko litzateke. UAGAk bide guztietatik borrokatzen [&hellip;]\" \/>\n<meta property=\"og:url\" content=\"https:\/\/www.uaga.eus\/rebajan-la-proteccion-del-lobo-tras-la-aprobacion-en-el-congreso-de-su-exclusion-del-lespre\/\" \/>\n<meta property=\"og:site_name\" content=\"UAGA\" \/>\n<meta property=\"article:published_time\" content=\"2025-03-21T10:02:39+00:00\" \/>\n<meta property=\"og:image\" content=\"https:\/\/www.uaga.eus\/wp-content\/uploads\/2021\/05\/lobo-iberico--e1620992477499.jpg\" \/>\n\t<meta property=\"og:image:width\" content=\"650\" \/>\n\t<meta property=\"og:image:height\" content=\"366\" \/>\n\t<meta property=\"og:image:type\" content=\"image\/jpeg\" \/>\n<meta name=\"author\" content=\"Blanca S\u00e1nchez\" \/>\n<meta name=\"twitter:card\" content=\"summary_large_image\" \/>\n<meta name=\"twitter:label1\" content=\"Written by\" \/>\n\t<meta name=\"twitter:data1\" content=\"Blanca S\u00e1nchez\" \/>\n\t<meta name=\"twitter:label2\" content=\"Est. reading time\" \/>\n\t<meta name=\"twitter:data2\" content=\"1 minutua\" \/>\n<script type=\"application\/ld+json\" class=\"yoast-schema-graph\">{\"@context\":\"https:\/\/schema.org\",\"@graph\":[{\"@type\":\"WebPage\",\"@id\":\"https:\/\/www.uaga.eus\/rebajan-la-proteccion-del-lobo-tras-la-aprobacion-en-el-congreso-de-su-exclusion-del-lespre\/\",\"url\":\"https:\/\/www.uaga.eus\/rebajan-la-proteccion-del-lobo-tras-la-aprobacion-en-el-congreso-de-su-exclusion-del-lespre\/\",\"name\":\"Otsoaren babes egoera eguneratu eta LESPREtik atera egin da - UAGA\",\"isPartOf\":{\"@id\":\"https:\/\/www.uaga.eus\/#website\"},\"datePublished\":\"2025-03-21T10:02:39+00:00\",\"dateModified\":\"2025-03-21T10:02:39+00:00\",\"author\":{\"@id\":\"https:\/\/www.uaga.eus\/#\/schema\/person\/48c3cbf0f33d1b788226dbb6518689cf\"},\"breadcrumb\":{\"@id\":\"https:\/\/www.uaga.eus\/rebajan-la-proteccion-del-lobo-tras-la-aprobacion-en-el-congreso-de-su-exclusion-del-lespre\/#breadcrumb\"},\"inLanguage\":\"eu\",\"potentialAction\":[{\"@type\":\"ReadAction\",\"target\":[\"https:\/\/www.uaga.eus\/rebajan-la-proteccion-del-lobo-tras-la-aprobacion-en-el-congreso-de-su-exclusion-del-lespre\/\"]}]},{\"@type\":\"BreadcrumbList\",\"@id\":\"https:\/\/www.uaga.eus\/rebajan-la-proteccion-del-lobo-tras-la-aprobacion-en-el-congreso-de-su-exclusion-del-lespre\/#breadcrumb\",\"itemListElement\":[{\"@type\":\"ListItem\",\"position\":1,\"name\":\"Inicio\",\"item\":\"https:\/\/www.uaga.eus\/\"},{\"@type\":\"ListItem\",\"position\":2,\"name\":\"Rebajan la\u00a0protecci\u00f3n del lobo tras la aprobaci\u00f3n en el Congreso de su exclusi\u00f3n\u00a0del Lespre\"}]},{\"@type\":\"WebSite\",\"@id\":\"https:\/\/www.uaga.eus\/#website\",\"url\":\"https:\/\/www.uaga.eus\/\",\"name\":\"UAGA\",\"description\":\"Uni\u00f3n Agroganadera de \u00c1lava - Araba Nekazarien Elkartea\",\"potentialAction\":[{\"@type\":\"SearchAction\",\"target\":{\"@type\":\"EntryPoint\",\"urlTemplate\":\"https:\/\/www.uaga.eus\/?s={search_term_string}\"},\"query-input\":\"required name=search_term_string\"}],\"inLanguage\":\"eu\"},{\"@type\":\"Person\",\"@id\":\"https:\/\/www.uaga.eus\/#\/schema\/person\/48c3cbf0f33d1b788226dbb6518689cf\",\"name\":\"Blanca S\u00e1nchez\",\"image\":{\"@type\":\"ImageObject\",\"inLanguage\":\"eu\",\"@id\":\"https:\/\/www.uaga.eus\/#\/schema\/person\/image\/\",\"url\":\"https:\/\/secure.gravatar.com\/avatar\/0dc91c20648254b1ce84877283f6751b?s=96&d=mm&r=g\",\"contentUrl\":\"https:\/\/secure.gravatar.com\/avatar\/0dc91c20648254b1ce84877283f6751b?s=96&d=mm&r=g\",\"caption\":\"Blanca S\u00e1nchez\"},\"url\":\"https:\/\/www.uaga.eus\/eu\/author\/bsanchez\/\"}]}<\/script>\n<!-- \/ Yoast SEO plugin. -->","yoast_head_json":{"title":"Otsoaren babes egoera eguneratu eta LESPREtik atera egin da - UAGA","robots":{"index":"index","follow":"follow","max-snippet":"max-snippet:-1","max-image-preview":"max-image-preview:large","max-video-preview":"max-video-preview:-1"},"canonical":"https:\/\/www.uaga.eus\/rebajan-la-proteccion-del-lobo-tras-la-aprobacion-en-el-congreso-de-su-exclusion-del-lespre\/","og_locale":"en_US","og_type":"article","og_title":"Otsoaren babes egoera eguneratu eta LESPREtik atera egin da - UAGA","og_description":"Otsoa Babes Bereziko Erregimeneko Basaespezieen Zerrendatik (LESPRE) behin betiko ateratzea onartu zen atzo diputatuen kongresuan. PPren, Juntsen, Voxen eta EAJren botoekin onartu zen proposamena positibotzat hartu du abeltzaintza sektoreak. Hala ere, Europa eta Estatu mailan otsoaren estatusa aldatu ondoren, egoera autonomikoa eguneratzea eta otsoa Espezie Mehatxatuen Euskal Katalogotik ateratzea geratuko litzateke. UAGAk bide guztietatik borrokatzen [&hellip;]","og_url":"https:\/\/www.uaga.eus\/rebajan-la-proteccion-del-lobo-tras-la-aprobacion-en-el-congreso-de-su-exclusion-del-lespre\/","og_site_name":"UAGA","article_published_time":"2025-03-21T10:02:39+00:00","og_image":[{"width":650,"height":366,"url":"https:\/\/www.uaga.eus\/wp-content\/uploads\/2021\/05\/lobo-iberico--e1620992477499.jpg","type":"image\/jpeg"}],"author":"Blanca S\u00e1nchez","twitter_card":"summary_large_image","twitter_misc":{"Written by":"Blanca S\u00e1nchez","Est. reading time":"1 minutua"},"schema":{"@context":"https:\/\/schema.org","@graph":[{"@type":"WebPage","@id":"https:\/\/www.uaga.eus\/rebajan-la-proteccion-del-lobo-tras-la-aprobacion-en-el-congreso-de-su-exclusion-del-lespre\/","url":"https:\/\/www.uaga.eus\/rebajan-la-proteccion-del-lobo-tras-la-aprobacion-en-el-congreso-de-su-exclusion-del-lespre\/","name":"Otsoaren babes egoera eguneratu eta LESPREtik atera egin da - UAGA","isPartOf":{"@id":"https:\/\/www.uaga.eus\/#website"},"datePublished":"2025-03-21T10:02:39+00:00","dateModified":"2025-03-21T10:02:39+00:00","author":{"@id":"https:\/\/www.uaga.eus\/#\/schema\/person\/48c3cbf0f33d1b788226dbb6518689cf"},"breadcrumb":{"@id":"https:\/\/www.uaga.eus\/rebajan-la-proteccion-del-lobo-tras-la-aprobacion-en-el-congreso-de-su-exclusion-del-lespre\/#breadcrumb"},"inLanguage":"eu","potentialAction":[{"@type":"ReadAction","target":["https:\/\/www.uaga.eus\/rebajan-la-proteccion-del-lobo-tras-la-aprobacion-en-el-congreso-de-su-exclusion-del-lespre\/"]}]},{"@type":"BreadcrumbList","@id":"https:\/\/www.uaga.eus\/rebajan-la-proteccion-del-lobo-tras-la-aprobacion-en-el-congreso-de-su-exclusion-del-lespre\/#breadcrumb","itemListElement":[{"@type":"ListItem","position":1,"name":"Inicio","item":"https:\/\/www.uaga.eus\/"},{"@type":"ListItem","position":2,"name":"Rebajan la\u00a0protecci\u00f3n del lobo tras la aprobaci\u00f3n en el Congreso de su exclusi\u00f3n\u00a0del Lespre"}]},{"@type":"WebSite","@id":"https:\/\/www.uaga.eus\/#website","url":"https:\/\/www.uaga.eus\/","name":"UAGA","description":"Uni\u00f3n Agroganadera de \u00c1lava - Araba Nekazarien Elkartea","potentialAction":[{"@type":"SearchAction","target":{"@type":"EntryPoint","urlTemplate":"https:\/\/www.uaga.eus\/?s={search_term_string}"},"query-input":"required name=search_term_string"}],"inLanguage":"eu"},{"@type":"Person","@id":"https:\/\/www.uaga.eus\/#\/schema\/person\/48c3cbf0f33d1b788226dbb6518689cf","name":"Blanca S\u00e1nchez","image":{"@type":"ImageObject","inLanguage":"eu","@id":"https:\/\/www.uaga.eus\/#\/schema\/person\/image\/","url":"https:\/\/secure.gravatar.com\/avatar\/0dc91c20648254b1ce84877283f6751b?s=96&d=mm&r=g","contentUrl":"https:\/\/secure.gravatar.com\/avatar\/0dc91c20648254b1ce84877283f6751b?s=96&d=mm&r=g","caption":"Blanca S\u00e1nchez"},"url":"https:\/\/www.uaga.eus\/eu\/author\/bsanchez\/"}]}},"_links":{"self":[{"href":"https:\/\/www.uaga.eus\/eu\/wp-json\/wp\/v2\/posts\/13606"}],"collection":[{"href":"https:\/\/www.uaga.eus\/eu\/wp-json\/wp\/v2\/posts"}],"about":[{"href":"https:\/\/www.uaga.eus\/eu\/wp-json\/wp\/v2\/types\/post"}],"author":[{"embeddable":true,"href":"https:\/\/www.uaga.eus\/eu\/wp-json\/wp\/v2\/users\/4"}],"replies":[{"embeddable":true,"href":"https:\/\/www.uaga.eus\/eu\/wp-json\/wp\/v2\/comments?post=13606"}],"version-history":[{"count":1,"href":"https:\/\/www.uaga.eus\/eu\/wp-json\/wp\/v2\/posts\/13606\/revisions"}],"predecessor-version":[{"id":13607,"href":"https:\/\/www.uaga.eus\/eu\/wp-json\/wp\/v2\/posts\/13606\/revisions\/13607"}],"wp:featuredmedia":[{"embeddable":true,"href":"https:\/\/www.uaga.eus\/eu\/wp-json\/wp\/v2\/media\/8920"}],"wp:attachment":[{"href":"https:\/\/www.uaga.eus\/eu\/wp-json\/wp\/v2\/media?parent=13606"}],"wp:term":[{"taxonomy":"category","embeddable":true,"href":"https:\/\/www.uaga.eus\/eu\/wp-json\/wp\/v2\/categories?post=13606"},{"taxonomy":"post_tag","embeddable":true,"href":"https:\/\/www.uaga.eus\/eu\/wp-json\/wp\/v2\/tags?post=13606"}],"curies":[{"name":"wp","href":"https:\/\/api.w.org\/{rel}","templated":true}]}}