{"id":13577,"date":"2025-03-14T13:41:25","date_gmt":"2025-03-14T13:41:25","guid":{"rendered":"https:\/\/www.uaga.eus\/?p=13577"},"modified":"2025-03-14T13:41:42","modified_gmt":"2025-03-14T13:41:42","slug":"uaga-aborda-con-ura-la-situacion-de-las-inundaciones-y-la-busqueda-de-colaboracion-para-acciones-que-mejoren-su-prevencion","status":"publish","type":"post","link":"https:\/\/www.uaga.eus\/eu\/uaga-aborda-con-ura-la-situacion-de-las-inundaciones-y-la-busqueda-de-colaboracion-para-acciones-que-mejoren-su-prevencion\/","title":{"rendered":"UAGAk uholdeen egoera aztertu du URArekin eta prebentzioa hobetuko duten ekintzetarako lankidetza sendotu du"},"content":{"rendered":"<p>Aste honetan, UAGA Uraren Euskal Agentziarekin bildu da, sektorearentzat garrantzitsuenak diren gaiak jorratzeko.<\/p>\n<p>Arabako lurraldean hainbat nekazal eremutan, arro jakin batzuetan bereziki, eragin handia duten uholde arriskuko eremuak babes ekintzak nola kudeatzen ari diren aztertu zen. Ibaien garbiketari dagokionez, jarduera gehiago egin behar direla nabarmendu zen edo nekazariei horiek egiten utzi behar zaiela, ohiko oztopo burokratikorik gabe.<\/p>\n<p>Astegieta inguruan lubeta handi bat jartzeko proiektuari buruz eztabaidatu zen, hirigunean uholdeak prebenitzeko, baina planteamenduak ez ditu kontuan hartzen ondoko nekazaritza lurrak, babesik gabe geratuko baitira.<\/p>\n<p>Era berean, URAko zuzendari berriak konpromisoa hartu du iaz idatzi zen lankidetza hitzarmena berrikusteko. Bertan, URAk, AFAk eta UAGAk parte hartuko dute, alde guztien arteko komunikazioa hobetzeko eta uholdeen prebentzioa hobetzeko proposamenak eta proiektu pilotuak islatzeko (orbanak atzera eramanaraztea, nekazaritza lursailetan ura sartzea saihestea, etab.).<\/p>\n<p>Azkenik, URAk jakinarazi zuen aste honetan Errege Dekretu berri bat argitaratu dela, uraren kanonaren araudia aldatuta. 2022an, 2023an eta 2024an nekazaritza eta abeltzaintzako sektorearentzat luzamendua lortu bazen ere, araudi berri hori argitaratu ondoren 2025erako sartuko litzateke\u00a0indarrean.<\/p>","protected":false},"excerpt":{"rendered":"<p>Aste honetan, UAGA Uraren Euskal Agentziarekin bildu da, sektorearentzat garrantzitsuenak diren gaiak jorratzeko. Arabako lurraldean hainbat nekazal eremutan, arro jakin batzuetan bereziki, eragin handia duten uholde arriskuko eremuak babes ekintzak nola kudeatzen ari diren aztertu zen. Ibaien garbiketari dagokionez, jarduera gehiago egin behar direla nabarmendu zen edo nekazariei horiek egiten utzi behar zaiela, ohiko oztopo [&hellip;]<\/p>\n","protected":false},"author":4,"featured_media":9696,"comment_status":"closed","ping_status":"closed","sticky":false,"template":"","format":"standard","meta":{"footnotes":""},"categories":[7,11],"tags":[],"yoast_head":"<!-- This site is optimized with the Yoast SEO plugin v21.5 - https:\/\/yoast.com\/wordpress\/plugins\/seo\/ -->\n<title>UAGAk uholdeen egoera aztertu du URArekin eta prebentzioa hobetuko duten ekintzetarako lankidetza sendotu du - UAGA<\/title>\n<meta name=\"robots\" content=\"index, follow, max-snippet:-1, max-image-preview:large, max-video-preview:-1\" \/>\n<link rel=\"canonical\" href=\"https:\/\/www.uaga.eus\/uaga-aborda-con-ura-la-situacion-de-las-inundaciones-y-la-busqueda-de-colaboracion-para-acciones-que-mejoren-su-prevencion\/\" \/>\n<meta property=\"og:locale\" content=\"en_US\" \/>\n<meta property=\"og:type\" content=\"article\" \/>\n<meta property=\"og:title\" content=\"UAGAk uholdeen egoera aztertu du URArekin eta prebentzioa hobetuko duten ekintzetarako lankidetza sendotu du - UAGA\" \/>\n<meta property=\"og:description\" content=\"Aste honetan, UAGA Uraren Euskal Agentziarekin bildu da, sektorearentzat garrantzitsuenak diren gaiak jorratzeko. Arabako lurraldean hainbat nekazal eremutan, arro jakin batzuetan bereziki, eragin handia duten uholde arriskuko eremuak babes ekintzak nola kudeatzen ari diren aztertu zen. Ibaien garbiketari dagokionez, jarduera gehiago egin behar direla nabarmendu zen edo nekazariei horiek egiten utzi behar zaiela, ohiko oztopo [&hellip;]\" \/>\n<meta property=\"og:url\" content=\"https:\/\/www.uaga.eus\/uaga-aborda-con-ura-la-situacion-de-las-inundaciones-y-la-busqueda-de-colaboracion-para-acciones-que-mejoren-su-prevencion\/\" \/>\n<meta property=\"og:site_name\" content=\"UAGA\" \/>\n<meta property=\"article:published_time\" content=\"2025-03-14T13:41:25+00:00\" \/>\n<meta property=\"article:modified_time\" content=\"2025-03-14T13:41:42+00:00\" \/>\n<meta property=\"og:image\" content=\"https:\/\/www.uaga.eus\/wp-content\/uploads\/2022\/01\/finca-inundada.jpg\" \/>\n\t<meta property=\"og:image:width\" content=\"650\" \/>\n\t<meta property=\"og:image:height\" content=\"366\" \/>\n\t<meta property=\"og:image:type\" content=\"image\/jpeg\" \/>\n<meta name=\"author\" content=\"Blanca S\u00e1nchez\" \/>\n<meta name=\"twitter:card\" content=\"summary_large_image\" \/>\n<meta name=\"twitter:label1\" content=\"Written by\" \/>\n\t<meta name=\"twitter:data1\" content=\"Blanca S\u00e1nchez\" \/>\n\t<meta name=\"twitter:label2\" content=\"Est. reading time\" \/>\n\t<meta name=\"twitter:data2\" content=\"1 minutua\" \/>\n<script type=\"application\/ld+json\" class=\"yoast-schema-graph\">{\"@context\":\"https:\/\/schema.org\",\"@graph\":[{\"@type\":\"WebPage\",\"@id\":\"https:\/\/www.uaga.eus\/uaga-aborda-con-ura-la-situacion-de-las-inundaciones-y-la-busqueda-de-colaboracion-para-acciones-que-mejoren-su-prevencion\/\",\"url\":\"https:\/\/www.uaga.eus\/uaga-aborda-con-ura-la-situacion-de-las-inundaciones-y-la-busqueda-de-colaboracion-para-acciones-que-mejoren-su-prevencion\/\",\"name\":\"UAGAk uholdeen egoera aztertu du URArekin eta prebentzioa hobetuko duten ekintzetarako lankidetza sendotu du - UAGA\",\"isPartOf\":{\"@id\":\"https:\/\/www.uaga.eus\/#website\"},\"datePublished\":\"2025-03-14T13:41:25+00:00\",\"dateModified\":\"2025-03-14T13:41:42+00:00\",\"author\":{\"@id\":\"https:\/\/www.uaga.eus\/#\/schema\/person\/48c3cbf0f33d1b788226dbb6518689cf\"},\"breadcrumb\":{\"@id\":\"https:\/\/www.uaga.eus\/uaga-aborda-con-ura-la-situacion-de-las-inundaciones-y-la-busqueda-de-colaboracion-para-acciones-que-mejoren-su-prevencion\/#breadcrumb\"},\"inLanguage\":\"eu\",\"potentialAction\":[{\"@type\":\"ReadAction\",\"target\":[\"https:\/\/www.uaga.eus\/uaga-aborda-con-ura-la-situacion-de-las-inundaciones-y-la-busqueda-de-colaboracion-para-acciones-que-mejoren-su-prevencion\/\"]}]},{\"@type\":\"BreadcrumbList\",\"@id\":\"https:\/\/www.uaga.eus\/uaga-aborda-con-ura-la-situacion-de-las-inundaciones-y-la-busqueda-de-colaboracion-para-acciones-que-mejoren-su-prevencion\/#breadcrumb\",\"itemListElement\":[{\"@type\":\"ListItem\",\"position\":1,\"name\":\"Inicio\",\"item\":\"https:\/\/www.uaga.eus\/\"},{\"@type\":\"ListItem\",\"position\":2,\"name\":\"UAGA aborda con URA la situaci\u00f3n de las inundaciones y la b\u00fasqueda de colaboraci\u00f3n para acciones que mejoren su prevenci\u00f3n\"}]},{\"@type\":\"WebSite\",\"@id\":\"https:\/\/www.uaga.eus\/#website\",\"url\":\"https:\/\/www.uaga.eus\/\",\"name\":\"UAGA\",\"description\":\"Uni\u00f3n Agroganadera de \u00c1lava - Araba Nekazarien Elkartea\",\"potentialAction\":[{\"@type\":\"SearchAction\",\"target\":{\"@type\":\"EntryPoint\",\"urlTemplate\":\"https:\/\/www.uaga.eus\/?s={search_term_string}\"},\"query-input\":\"required name=search_term_string\"}],\"inLanguage\":\"eu\"},{\"@type\":\"Person\",\"@id\":\"https:\/\/www.uaga.eus\/#\/schema\/person\/48c3cbf0f33d1b788226dbb6518689cf\",\"name\":\"Blanca S\u00e1nchez\",\"image\":{\"@type\":\"ImageObject\",\"inLanguage\":\"eu\",\"@id\":\"https:\/\/www.uaga.eus\/#\/schema\/person\/image\/\",\"url\":\"https:\/\/secure.gravatar.com\/avatar\/0dc91c20648254b1ce84877283f6751b?s=96&d=mm&r=g\",\"contentUrl\":\"https:\/\/secure.gravatar.com\/avatar\/0dc91c20648254b1ce84877283f6751b?s=96&d=mm&r=g\",\"caption\":\"Blanca S\u00e1nchez\"},\"url\":\"https:\/\/www.uaga.eus\/eu\/author\/bsanchez\/\"}]}<\/script>\n<!-- \/ Yoast SEO plugin. -->","yoast_head_json":{"title":"UAGAk uholdeen egoera aztertu du URArekin eta prebentzioa hobetuko duten ekintzetarako lankidetza sendotu du - UAGA","robots":{"index":"index","follow":"follow","max-snippet":"max-snippet:-1","max-image-preview":"max-image-preview:large","max-video-preview":"max-video-preview:-1"},"canonical":"https:\/\/www.uaga.eus\/uaga-aborda-con-ura-la-situacion-de-las-inundaciones-y-la-busqueda-de-colaboracion-para-acciones-que-mejoren-su-prevencion\/","og_locale":"en_US","og_type":"article","og_title":"UAGAk uholdeen egoera aztertu du URArekin eta prebentzioa hobetuko duten ekintzetarako lankidetza sendotu du - UAGA","og_description":"Aste honetan, UAGA Uraren Euskal Agentziarekin bildu da, sektorearentzat garrantzitsuenak diren gaiak jorratzeko. Arabako lurraldean hainbat nekazal eremutan, arro jakin batzuetan bereziki, eragin handia duten uholde arriskuko eremuak babes ekintzak nola kudeatzen ari diren aztertu zen. Ibaien garbiketari dagokionez, jarduera gehiago egin behar direla nabarmendu zen edo nekazariei horiek egiten utzi behar zaiela, ohiko oztopo [&hellip;]","og_url":"https:\/\/www.uaga.eus\/uaga-aborda-con-ura-la-situacion-de-las-inundaciones-y-la-busqueda-de-colaboracion-para-acciones-que-mejoren-su-prevencion\/","og_site_name":"UAGA","article_published_time":"2025-03-14T13:41:25+00:00","article_modified_time":"2025-03-14T13:41:42+00:00","og_image":[{"width":650,"height":366,"url":"https:\/\/www.uaga.eus\/wp-content\/uploads\/2022\/01\/finca-inundada.jpg","type":"image\/jpeg"}],"author":"Blanca S\u00e1nchez","twitter_card":"summary_large_image","twitter_misc":{"Written by":"Blanca S\u00e1nchez","Est. reading time":"1 minutua"},"schema":{"@context":"https:\/\/schema.org","@graph":[{"@type":"WebPage","@id":"https:\/\/www.uaga.eus\/uaga-aborda-con-ura-la-situacion-de-las-inundaciones-y-la-busqueda-de-colaboracion-para-acciones-que-mejoren-su-prevencion\/","url":"https:\/\/www.uaga.eus\/uaga-aborda-con-ura-la-situacion-de-las-inundaciones-y-la-busqueda-de-colaboracion-para-acciones-que-mejoren-su-prevencion\/","name":"UAGAk uholdeen egoera aztertu du URArekin eta prebentzioa hobetuko duten ekintzetarako lankidetza sendotu du - UAGA","isPartOf":{"@id":"https:\/\/www.uaga.eus\/#website"},"datePublished":"2025-03-14T13:41:25+00:00","dateModified":"2025-03-14T13:41:42+00:00","author":{"@id":"https:\/\/www.uaga.eus\/#\/schema\/person\/48c3cbf0f33d1b788226dbb6518689cf"},"breadcrumb":{"@id":"https:\/\/www.uaga.eus\/uaga-aborda-con-ura-la-situacion-de-las-inundaciones-y-la-busqueda-de-colaboracion-para-acciones-que-mejoren-su-prevencion\/#breadcrumb"},"inLanguage":"eu","potentialAction":[{"@type":"ReadAction","target":["https:\/\/www.uaga.eus\/uaga-aborda-con-ura-la-situacion-de-las-inundaciones-y-la-busqueda-de-colaboracion-para-acciones-que-mejoren-su-prevencion\/"]}]},{"@type":"BreadcrumbList","@id":"https:\/\/www.uaga.eus\/uaga-aborda-con-ura-la-situacion-de-las-inundaciones-y-la-busqueda-de-colaboracion-para-acciones-que-mejoren-su-prevencion\/#breadcrumb","itemListElement":[{"@type":"ListItem","position":1,"name":"Inicio","item":"https:\/\/www.uaga.eus\/"},{"@type":"ListItem","position":2,"name":"UAGA aborda con URA la situaci\u00f3n de las inundaciones y la b\u00fasqueda de colaboraci\u00f3n para acciones que mejoren su prevenci\u00f3n"}]},{"@type":"WebSite","@id":"https:\/\/www.uaga.eus\/#website","url":"https:\/\/www.uaga.eus\/","name":"UAGA","description":"Uni\u00f3n Agroganadera de \u00c1lava - Araba Nekazarien Elkartea","potentialAction":[{"@type":"SearchAction","target":{"@type":"EntryPoint","urlTemplate":"https:\/\/www.uaga.eus\/?s={search_term_string}"},"query-input":"required name=search_term_string"}],"inLanguage":"eu"},{"@type":"Person","@id":"https:\/\/www.uaga.eus\/#\/schema\/person\/48c3cbf0f33d1b788226dbb6518689cf","name":"Blanca S\u00e1nchez","image":{"@type":"ImageObject","inLanguage":"eu","@id":"https:\/\/www.uaga.eus\/#\/schema\/person\/image\/","url":"https:\/\/secure.gravatar.com\/avatar\/0dc91c20648254b1ce84877283f6751b?s=96&d=mm&r=g","contentUrl":"https:\/\/secure.gravatar.com\/avatar\/0dc91c20648254b1ce84877283f6751b?s=96&d=mm&r=g","caption":"Blanca S\u00e1nchez"},"url":"https:\/\/www.uaga.eus\/eu\/author\/bsanchez\/"}]}},"_links":{"self":[{"href":"https:\/\/www.uaga.eus\/eu\/wp-json\/wp\/v2\/posts\/13577"}],"collection":[{"href":"https:\/\/www.uaga.eus\/eu\/wp-json\/wp\/v2\/posts"}],"about":[{"href":"https:\/\/www.uaga.eus\/eu\/wp-json\/wp\/v2\/types\/post"}],"author":[{"embeddable":true,"href":"https:\/\/www.uaga.eus\/eu\/wp-json\/wp\/v2\/users\/4"}],"replies":[{"embeddable":true,"href":"https:\/\/www.uaga.eus\/eu\/wp-json\/wp\/v2\/comments?post=13577"}],"version-history":[{"count":1,"href":"https:\/\/www.uaga.eus\/eu\/wp-json\/wp\/v2\/posts\/13577\/revisions"}],"predecessor-version":[{"id":13578,"href":"https:\/\/www.uaga.eus\/eu\/wp-json\/wp\/v2\/posts\/13577\/revisions\/13578"}],"wp:featuredmedia":[{"embeddable":true,"href":"https:\/\/www.uaga.eus\/eu\/wp-json\/wp\/v2\/media\/9696"}],"wp:attachment":[{"href":"https:\/\/www.uaga.eus\/eu\/wp-json\/wp\/v2\/media?parent=13577"}],"wp:term":[{"taxonomy":"category","embeddable":true,"href":"https:\/\/www.uaga.eus\/eu\/wp-json\/wp\/v2\/categories?post=13577"},{"taxonomy":"post_tag","embeddable":true,"href":"https:\/\/www.uaga.eus\/eu\/wp-json\/wp\/v2\/tags?post=13577"}],"curies":[{"name":"wp","href":"https:\/\/api.w.org\/{rel}","templated":true}]}}