{"id":13529,"date":"2025-02-28T11:34:16","date_gmt":"2025-02-28T11:34:16","guid":{"rendered":"https:\/\/www.uaga.eus\/?p=13529"},"modified":"2025-02-28T11:35:00","modified_gmt":"2025-02-28T11:35:00","slug":"uaga-celebrara-su-46-asamblea-general-el-19-de-marzo-en-trevino","status":"publish","type":"post","link":"https:\/\/www.uaga.eus\/eu\/uaga-celebrara-su-46-asamblea-general-el-19-de-marzo-en-trevino\/","title":{"rendered":"UAGAk martxoaren 19an egingo du bere 46. Batzar Nagusia Trebi\u00f1un"},"content":{"rendered":"<p>UAGA celebrar\u00e1 el pr\u00f3ximo 19 de marzo su 46 Asamblea General. Tras el cambio de fecha del a\u00f1o pasado por las movilizaciones, el sindicato vuelve a su cita tradicional en el el d\u00eda de San Jos\u00e9.<\/p>\n<p>El Comit\u00e9 Ejecutivo decidi\u00f3 el a\u00f1o pasado rotar la asamblea por las comarcas, como una forma de acercarse m\u00e1s a la afiliaci\u00f3n y, en esta ocasi\u00f3n, se celebrar\u00e1 en Trevi\u00f1o, en la Casa de Eventos Oula de Ventas de Armentia, a partir de las 11 de la ma\u00f1ana.<\/p>\n<p>Con el lema \u00abLehen sektoreak indartuz, etorkizuna bermatu \/ Fortaleciendo el primer sector, sembrando el futuro\u00bb, la asamblea har\u00e1 un repaso de la actividad sindical del \u00faltimo a\u00f1o, se someter\u00e1n a votaci\u00f3n las cuentas de la organizaci\u00f3n y se esbozar\u00e1n las l\u00edneas sindicales para 2025.<\/p>\n<p>Posteriormente se celebrar\u00e1 una comida para toda la afiliaci\u00f3n, sufragada entre el sindicato y cada persona asistente. Con esta comida se quiere fomentar las relaciones entre afiliados y afiliadas, para lograr un sindicato cada vez m\u00e1s unido.\u00a0Asimismo, se van a habilitar autobuses para desplazarse a Trevi\u00f1o. Si est\u00e1s interesado o interesada en acudir, ponte en contacto con las oficinas de UAGA para apuntarte.<\/p>\n<p>Tu participaci\u00f3n es necesaria y fundamental para el futuro del sector y del sindicato.<br \/>\n\u00a1Te esperamos!<\/p>\n<p>Puedes descargarte el cartel de la asamblea <a href=\"https:\/\/mcusercontent.com\/498b950ccfc4b8d0e600d7e48\/_compresseds\/5b15bdfd-d9ba-d5cf-a8a3-1a26cd1de2bd.jpg\" target=\"_blank\" rel=\"noopener\" data-cke-saved-href=\"https:\/\/mcusercontent.com\/498b950ccfc4b8d0e600d7e48\/_compresseds\/5b15bdfd-d9ba-d5cf-a8a3-1a26cd1de2bd.jpg\">aqu\u00ed<\/a>.<\/p>\n","protected":false},"excerpt":{"rendered":"<p>UAGA celebrar\u00e1 el pr\u00f3ximo 19 de marzo su 46 Asamblea General. Tras el cambio de fecha del a\u00f1o pasado por las movilizaciones, el sindicato vuelve a su cita tradicional en el el d\u00eda de San Jos\u00e9. El Comit\u00e9 Ejecutivo decidi\u00f3 el a\u00f1o pasado rotar la asamblea por las comarcas, como una forma de acercarse m\u00e1s [&hellip;]<\/p>\n","protected":false},"author":4,"featured_media":13530,"comment_status":"closed","ping_status":"closed","sticky":false,"template":"","format":"standard","meta":{"footnotes":""},"categories":[3],"tags":[],"yoast_head":"<!-- This site is optimized with the Yoast SEO plugin v21.5 - https:\/\/yoast.com\/wordpress\/plugins\/seo\/ -->\n<title>UAGAk martxoaren 19an egingo du bere 46. Batzar Nagusia Trebi\u00f1un - UAGA<\/title>\n<meta name=\"robots\" content=\"index, follow, max-snippet:-1, max-image-preview:large, max-video-preview:-1\" \/>\n<link rel=\"canonical\" href=\"https:\/\/www.uaga.eus\/uaga-celebrara-su-46-asamblea-general-el-19-de-marzo-en-trevino\/\" \/>\n<meta property=\"og:locale\" content=\"en_US\" \/>\n<meta property=\"og:type\" content=\"article\" \/>\n<meta property=\"og:title\" content=\"UAGAk martxoaren 19an egingo du bere 46. Batzar Nagusia Trebi\u00f1un - UAGA\" \/>\n<meta property=\"og:description\" content=\"UAGA celebrar\u00e1 el pr\u00f3ximo 19 de marzo su 46 Asamblea General. Tras el cambio de fecha del a\u00f1o pasado por las movilizaciones, el sindicato vuelve a su cita tradicional en el el d\u00eda de San Jos\u00e9. El Comit\u00e9 Ejecutivo decidi\u00f3 el a\u00f1o pasado rotar la asamblea por las comarcas, como una forma de acercarse m\u00e1s [&hellip;]\" \/>\n<meta property=\"og:url\" content=\"https:\/\/www.uaga.eus\/uaga-celebrara-su-46-asamblea-general-el-19-de-marzo-en-trevino\/\" \/>\n<meta property=\"og:site_name\" content=\"UAGA\" \/>\n<meta property=\"article:published_time\" content=\"2025-02-28T11:34:16+00:00\" \/>\n<meta property=\"article:modified_time\" content=\"2025-02-28T11:35:00+00:00\" \/>\n<meta property=\"og:image\" content=\"https:\/\/www.uaga.eus\/wp-content\/uploads\/2025\/02\/recorte-cartel-asamblea.jpg\" \/>\n\t<meta property=\"og:image:width\" content=\"650\" \/>\n\t<meta property=\"og:image:height\" content=\"366\" \/>\n\t<meta property=\"og:image:type\" content=\"image\/jpeg\" \/>\n<meta name=\"author\" content=\"Blanca S\u00e1nchez\" \/>\n<meta name=\"twitter:card\" content=\"summary_large_image\" \/>\n<meta name=\"twitter:label1\" content=\"Written by\" \/>\n\t<meta name=\"twitter:data1\" content=\"Blanca S\u00e1nchez\" \/>\n\t<meta name=\"twitter:label2\" content=\"Est. reading time\" \/>\n\t<meta name=\"twitter:data2\" content=\"1 minutua\" \/>\n<script type=\"application\/ld+json\" class=\"yoast-schema-graph\">{\"@context\":\"https:\/\/schema.org\",\"@graph\":[{\"@type\":\"WebPage\",\"@id\":\"https:\/\/www.uaga.eus\/uaga-celebrara-su-46-asamblea-general-el-19-de-marzo-en-trevino\/\",\"url\":\"https:\/\/www.uaga.eus\/uaga-celebrara-su-46-asamblea-general-el-19-de-marzo-en-trevino\/\",\"name\":\"UAGAk martxoaren 19an egingo du bere 46. Batzar Nagusia Trebi\u00f1un - UAGA\",\"isPartOf\":{\"@id\":\"https:\/\/www.uaga.eus\/#website\"},\"datePublished\":\"2025-02-28T11:34:16+00:00\",\"dateModified\":\"2025-02-28T11:35:00+00:00\",\"author\":{\"@id\":\"https:\/\/www.uaga.eus\/#\/schema\/person\/48c3cbf0f33d1b788226dbb6518689cf\"},\"breadcrumb\":{\"@id\":\"https:\/\/www.uaga.eus\/uaga-celebrara-su-46-asamblea-general-el-19-de-marzo-en-trevino\/#breadcrumb\"},\"inLanguage\":\"eu\",\"potentialAction\":[{\"@type\":\"ReadAction\",\"target\":[\"https:\/\/www.uaga.eus\/uaga-celebrara-su-46-asamblea-general-el-19-de-marzo-en-trevino\/\"]}]},{\"@type\":\"BreadcrumbList\",\"@id\":\"https:\/\/www.uaga.eus\/uaga-celebrara-su-46-asamblea-general-el-19-de-marzo-en-trevino\/#breadcrumb\",\"itemListElement\":[{\"@type\":\"ListItem\",\"position\":1,\"name\":\"Inicio\",\"item\":\"https:\/\/www.uaga.eus\/\"},{\"@type\":\"ListItem\",\"position\":2,\"name\":\"UAGA celebrar\u00e1 su 46 Asamblea General el 19 de marzo en Trevi\u00f1o\"}]},{\"@type\":\"WebSite\",\"@id\":\"https:\/\/www.uaga.eus\/#website\",\"url\":\"https:\/\/www.uaga.eus\/\",\"name\":\"UAGA\",\"description\":\"Uni\u00f3n Agroganadera de \u00c1lava - Araba Nekazarien Elkartea\",\"potentialAction\":[{\"@type\":\"SearchAction\",\"target\":{\"@type\":\"EntryPoint\",\"urlTemplate\":\"https:\/\/www.uaga.eus\/?s={search_term_string}\"},\"query-input\":\"required name=search_term_string\"}],\"inLanguage\":\"eu\"},{\"@type\":\"Person\",\"@id\":\"https:\/\/www.uaga.eus\/#\/schema\/person\/48c3cbf0f33d1b788226dbb6518689cf\",\"name\":\"Blanca S\u00e1nchez\",\"image\":{\"@type\":\"ImageObject\",\"inLanguage\":\"eu\",\"@id\":\"https:\/\/www.uaga.eus\/#\/schema\/person\/image\/\",\"url\":\"https:\/\/secure.gravatar.com\/avatar\/0dc91c20648254b1ce84877283f6751b?s=96&d=mm&r=g\",\"contentUrl\":\"https:\/\/secure.gravatar.com\/avatar\/0dc91c20648254b1ce84877283f6751b?s=96&d=mm&r=g\",\"caption\":\"Blanca S\u00e1nchez\"},\"url\":\"https:\/\/www.uaga.eus\/eu\/author\/bsanchez\/\"}]}<\/script>\n<!-- \/ Yoast SEO plugin. -->","yoast_head_json":{"title":"UAGAk martxoaren 19an egingo du bere 46. Batzar Nagusia Trebi\u00f1un - UAGA","robots":{"index":"index","follow":"follow","max-snippet":"max-snippet:-1","max-image-preview":"max-image-preview:large","max-video-preview":"max-video-preview:-1"},"canonical":"https:\/\/www.uaga.eus\/uaga-celebrara-su-46-asamblea-general-el-19-de-marzo-en-trevino\/","og_locale":"en_US","og_type":"article","og_title":"UAGAk martxoaren 19an egingo du bere 46. Batzar Nagusia Trebi\u00f1un - UAGA","og_description":"UAGA celebrar\u00e1 el pr\u00f3ximo 19 de marzo su 46 Asamblea General. Tras el cambio de fecha del a\u00f1o pasado por las movilizaciones, el sindicato vuelve a su cita tradicional en el el d\u00eda de San Jos\u00e9. El Comit\u00e9 Ejecutivo decidi\u00f3 el a\u00f1o pasado rotar la asamblea por las comarcas, como una forma de acercarse m\u00e1s [&hellip;]","og_url":"https:\/\/www.uaga.eus\/uaga-celebrara-su-46-asamblea-general-el-19-de-marzo-en-trevino\/","og_site_name":"UAGA","article_published_time":"2025-02-28T11:34:16+00:00","article_modified_time":"2025-02-28T11:35:00+00:00","og_image":[{"width":650,"height":366,"url":"https:\/\/www.uaga.eus\/wp-content\/uploads\/2025\/02\/recorte-cartel-asamblea.jpg","type":"image\/jpeg"}],"author":"Blanca S\u00e1nchez","twitter_card":"summary_large_image","twitter_misc":{"Written by":"Blanca S\u00e1nchez","Est. reading time":"1 minutua"},"schema":{"@context":"https:\/\/schema.org","@graph":[{"@type":"WebPage","@id":"https:\/\/www.uaga.eus\/uaga-celebrara-su-46-asamblea-general-el-19-de-marzo-en-trevino\/","url":"https:\/\/www.uaga.eus\/uaga-celebrara-su-46-asamblea-general-el-19-de-marzo-en-trevino\/","name":"UAGAk martxoaren 19an egingo du bere 46. Batzar Nagusia Trebi\u00f1un - UAGA","isPartOf":{"@id":"https:\/\/www.uaga.eus\/#website"},"datePublished":"2025-02-28T11:34:16+00:00","dateModified":"2025-02-28T11:35:00+00:00","author":{"@id":"https:\/\/www.uaga.eus\/#\/schema\/person\/48c3cbf0f33d1b788226dbb6518689cf"},"breadcrumb":{"@id":"https:\/\/www.uaga.eus\/uaga-celebrara-su-46-asamblea-general-el-19-de-marzo-en-trevino\/#breadcrumb"},"inLanguage":"eu","potentialAction":[{"@type":"ReadAction","target":["https:\/\/www.uaga.eus\/uaga-celebrara-su-46-asamblea-general-el-19-de-marzo-en-trevino\/"]}]},{"@type":"BreadcrumbList","@id":"https:\/\/www.uaga.eus\/uaga-celebrara-su-46-asamblea-general-el-19-de-marzo-en-trevino\/#breadcrumb","itemListElement":[{"@type":"ListItem","position":1,"name":"Inicio","item":"https:\/\/www.uaga.eus\/"},{"@type":"ListItem","position":2,"name":"UAGA celebrar\u00e1 su 46 Asamblea General el 19 de marzo en Trevi\u00f1o"}]},{"@type":"WebSite","@id":"https:\/\/www.uaga.eus\/#website","url":"https:\/\/www.uaga.eus\/","name":"UAGA","description":"Uni\u00f3n Agroganadera de \u00c1lava - Araba Nekazarien Elkartea","potentialAction":[{"@type":"SearchAction","target":{"@type":"EntryPoint","urlTemplate":"https:\/\/www.uaga.eus\/?s={search_term_string}"},"query-input":"required name=search_term_string"}],"inLanguage":"eu"},{"@type":"Person","@id":"https:\/\/www.uaga.eus\/#\/schema\/person\/48c3cbf0f33d1b788226dbb6518689cf","name":"Blanca S\u00e1nchez","image":{"@type":"ImageObject","inLanguage":"eu","@id":"https:\/\/www.uaga.eus\/#\/schema\/person\/image\/","url":"https:\/\/secure.gravatar.com\/avatar\/0dc91c20648254b1ce84877283f6751b?s=96&d=mm&r=g","contentUrl":"https:\/\/secure.gravatar.com\/avatar\/0dc91c20648254b1ce84877283f6751b?s=96&d=mm&r=g","caption":"Blanca S\u00e1nchez"},"url":"https:\/\/www.uaga.eus\/eu\/author\/bsanchez\/"}]}},"_links":{"self":[{"href":"https:\/\/www.uaga.eus\/eu\/wp-json\/wp\/v2\/posts\/13529"}],"collection":[{"href":"https:\/\/www.uaga.eus\/eu\/wp-json\/wp\/v2\/posts"}],"about":[{"href":"https:\/\/www.uaga.eus\/eu\/wp-json\/wp\/v2\/types\/post"}],"author":[{"embeddable":true,"href":"https:\/\/www.uaga.eus\/eu\/wp-json\/wp\/v2\/users\/4"}],"replies":[{"embeddable":true,"href":"https:\/\/www.uaga.eus\/eu\/wp-json\/wp\/v2\/comments?post=13529"}],"version-history":[{"count":1,"href":"https:\/\/www.uaga.eus\/eu\/wp-json\/wp\/v2\/posts\/13529\/revisions"}],"predecessor-version":[{"id":13531,"href":"https:\/\/www.uaga.eus\/eu\/wp-json\/wp\/v2\/posts\/13529\/revisions\/13531"}],"wp:featuredmedia":[{"embeddable":true,"href":"https:\/\/www.uaga.eus\/eu\/wp-json\/wp\/v2\/media\/13530"}],"wp:attachment":[{"href":"https:\/\/www.uaga.eus\/eu\/wp-json\/wp\/v2\/media?parent=13529"}],"wp:term":[{"taxonomy":"category","embeddable":true,"href":"https:\/\/www.uaga.eus\/eu\/wp-json\/wp\/v2\/categories?post=13529"},{"taxonomy":"post_tag","embeddable":true,"href":"https:\/\/www.uaga.eus\/eu\/wp-json\/wp\/v2\/tags?post=13529"}],"curies":[{"name":"wp","href":"https:\/\/api.w.org\/{rel}","templated":true}]}}