{"id":13527,"date":"2025-02-28T11:31:21","date_gmt":"2025-02-28T11:31:21","guid":{"rendered":"https:\/\/www.uaga.eus\/?p=13527"},"modified":"2025-02-28T11:31:21","modified_gmt":"2025-02-28T11:31:21","slug":"finalizadas-las-asambleas-comarcales","status":"publish","type":"post","link":"https:\/\/www.uaga.eus\/eu\/finalizadas-las-asambleas-comarcales\/","title":{"rendered":"Eskualdeko batzarrak amaitu dira"},"content":{"rendered":"<p>UAGA ha terminado esta semana la ronda de asambleas comarcales que celebra con anterioridad a la Asamblea General. En las mismas, las personas que componen el Comit\u00e9 de UAGA han podido transmitir de manera directa la actividad que se ha desarrollado durante todo el a\u00f1o, reivindicando la importancia del sector agroganadero, bien a trav\u00e9s de la movilizaci\u00f3n o transmitiendo los problemas y reiviindicaciones a las instituciones. De igual manera, se sigue trabajando en las distintas \u00e1reas y sectores para conseguir que todas las personas que forman el sector puedan vivir dignamente de su trabajo.<\/p>\n<p>Queremos agradecer la participaci\u00f3n, ligeramente en crecimiento, de\u00a0todas las personas que han asistido a las asambleas.\u00a0Hemos podido recibir aportaciones relativas a la preocupaci\u00f3n sobre el relevo generacional, los problemas\u00a0de acceso a la tierra, el debate sobre las personas agricultoras a t\u00edtulo principal (ATP) o la situaci\u00f3n con URA. Por ello, invitamos a aquellas que no han estado, a acudir a las pr\u00f3ximas, recordando que estamos abiertas a escuchar las inquietudes y problem\u00e1ticas de todas las personas que formamos UAGA, porque entre todas estamos <strong><em>\u201cFortaleciendo el sector, sembrando el futuro\u201d.<\/em><\/strong><\/p>\n","protected":false},"excerpt":{"rendered":"<p>UAGA ha terminado esta semana la ronda de asambleas comarcales que celebra con anterioridad a la Asamblea General. En las mismas, las personas que componen el Comit\u00e9 de UAGA han podido transmitir de manera directa la actividad que se ha desarrollado durante todo el a\u00f1o, reivindicando la importancia del sector agroganadero, bien a trav\u00e9s de [&hellip;]<\/p>\n","protected":false},"author":4,"featured_media":13517,"comment_status":"closed","ping_status":"closed","sticky":false,"template":"","format":"standard","meta":{"footnotes":""},"categories":[3],"tags":[],"yoast_head":"<!-- This site is optimized with the Yoast SEO plugin v21.5 - https:\/\/yoast.com\/wordpress\/plugins\/seo\/ -->\n<title>Eskualdeko batzarrak amaitu dira - UAGA<\/title>\n<meta name=\"robots\" content=\"index, follow, max-snippet:-1, max-image-preview:large, max-video-preview:-1\" \/>\n<link rel=\"canonical\" href=\"https:\/\/www.uaga.eus\/finalizadas-las-asambleas-comarcales\/\" \/>\n<meta property=\"og:locale\" content=\"en_US\" \/>\n<meta property=\"og:type\" content=\"article\" \/>\n<meta property=\"og:title\" content=\"Eskualdeko batzarrak amaitu dira - UAGA\" \/>\n<meta property=\"og:description\" content=\"UAGA ha terminado esta semana la ronda de asambleas comarcales que celebra con anterioridad a la Asamblea General. En las mismas, las personas que componen el Comit\u00e9 de UAGA han podido transmitir de manera directa la actividad que se ha desarrollado durante todo el a\u00f1o, reivindicando la importancia del sector agroganadero, bien a trav\u00e9s de [&hellip;]\" \/>\n<meta property=\"og:url\" content=\"https:\/\/www.uaga.eus\/finalizadas-las-asambleas-comarcales\/\" \/>\n<meta property=\"og:site_name\" content=\"UAGA\" \/>\n<meta property=\"article:published_time\" content=\"2025-02-28T11:31:21+00:00\" \/>\n<meta property=\"og:image\" content=\"https:\/\/www.uaga.eus\/wp-content\/uploads\/2025\/02\/250225-Asamblea-Arinez-Matauco-e1740742263338.jpg\" \/>\n\t<meta property=\"og:image:width\" content=\"650\" \/>\n\t<meta property=\"og:image:height\" content=\"429\" \/>\n\t<meta property=\"og:image:type\" content=\"image\/jpeg\" \/>\n<meta name=\"author\" content=\"Blanca S\u00e1nchez\" \/>\n<meta name=\"twitter:card\" content=\"summary_large_image\" \/>\n<meta name=\"twitter:label1\" content=\"Written by\" \/>\n\t<meta name=\"twitter:data1\" content=\"Blanca S\u00e1nchez\" \/>\n\t<meta name=\"twitter:label2\" content=\"Est. reading time\" \/>\n\t<meta name=\"twitter:data2\" content=\"1 minutua\" \/>\n<script type=\"application\/ld+json\" class=\"yoast-schema-graph\">{\"@context\":\"https:\/\/schema.org\",\"@graph\":[{\"@type\":\"WebPage\",\"@id\":\"https:\/\/www.uaga.eus\/finalizadas-las-asambleas-comarcales\/\",\"url\":\"https:\/\/www.uaga.eus\/finalizadas-las-asambleas-comarcales\/\",\"name\":\"Eskualdeko batzarrak amaitu dira - UAGA\",\"isPartOf\":{\"@id\":\"https:\/\/www.uaga.eus\/#website\"},\"datePublished\":\"2025-02-28T11:31:21+00:00\",\"dateModified\":\"2025-02-28T11:31:21+00:00\",\"author\":{\"@id\":\"https:\/\/www.uaga.eus\/#\/schema\/person\/48c3cbf0f33d1b788226dbb6518689cf\"},\"breadcrumb\":{\"@id\":\"https:\/\/www.uaga.eus\/finalizadas-las-asambleas-comarcales\/#breadcrumb\"},\"inLanguage\":\"eu\",\"potentialAction\":[{\"@type\":\"ReadAction\",\"target\":[\"https:\/\/www.uaga.eus\/finalizadas-las-asambleas-comarcales\/\"]}]},{\"@type\":\"BreadcrumbList\",\"@id\":\"https:\/\/www.uaga.eus\/finalizadas-las-asambleas-comarcales\/#breadcrumb\",\"itemListElement\":[{\"@type\":\"ListItem\",\"position\":1,\"name\":\"Inicio\",\"item\":\"https:\/\/www.uaga.eus\/\"},{\"@type\":\"ListItem\",\"position\":2,\"name\":\"Finalizadas las asambleas comarcales\"}]},{\"@type\":\"WebSite\",\"@id\":\"https:\/\/www.uaga.eus\/#website\",\"url\":\"https:\/\/www.uaga.eus\/\",\"name\":\"UAGA\",\"description\":\"Uni\u00f3n Agroganadera de \u00c1lava - Araba Nekazarien Elkartea\",\"potentialAction\":[{\"@type\":\"SearchAction\",\"target\":{\"@type\":\"EntryPoint\",\"urlTemplate\":\"https:\/\/www.uaga.eus\/?s={search_term_string}\"},\"query-input\":\"required name=search_term_string\"}],\"inLanguage\":\"eu\"},{\"@type\":\"Person\",\"@id\":\"https:\/\/www.uaga.eus\/#\/schema\/person\/48c3cbf0f33d1b788226dbb6518689cf\",\"name\":\"Blanca S\u00e1nchez\",\"image\":{\"@type\":\"ImageObject\",\"inLanguage\":\"eu\",\"@id\":\"https:\/\/www.uaga.eus\/#\/schema\/person\/image\/\",\"url\":\"https:\/\/secure.gravatar.com\/avatar\/0dc91c20648254b1ce84877283f6751b?s=96&d=mm&r=g\",\"contentUrl\":\"https:\/\/secure.gravatar.com\/avatar\/0dc91c20648254b1ce84877283f6751b?s=96&d=mm&r=g\",\"caption\":\"Blanca S\u00e1nchez\"},\"url\":\"https:\/\/www.uaga.eus\/eu\/author\/bsanchez\/\"}]}<\/script>\n<!-- \/ Yoast SEO plugin. -->","yoast_head_json":{"title":"Eskualdeko batzarrak amaitu dira - UAGA","robots":{"index":"index","follow":"follow","max-snippet":"max-snippet:-1","max-image-preview":"max-image-preview:large","max-video-preview":"max-video-preview:-1"},"canonical":"https:\/\/www.uaga.eus\/finalizadas-las-asambleas-comarcales\/","og_locale":"en_US","og_type":"article","og_title":"Eskualdeko batzarrak amaitu dira - UAGA","og_description":"UAGA ha terminado esta semana la ronda de asambleas comarcales que celebra con anterioridad a la Asamblea General. En las mismas, las personas que componen el Comit\u00e9 de UAGA han podido transmitir de manera directa la actividad que se ha desarrollado durante todo el a\u00f1o, reivindicando la importancia del sector agroganadero, bien a trav\u00e9s de [&hellip;]","og_url":"https:\/\/www.uaga.eus\/finalizadas-las-asambleas-comarcales\/","og_site_name":"UAGA","article_published_time":"2025-02-28T11:31:21+00:00","og_image":[{"width":650,"height":429,"url":"https:\/\/www.uaga.eus\/wp-content\/uploads\/2025\/02\/250225-Asamblea-Arinez-Matauco-e1740742263338.jpg","type":"image\/jpeg"}],"author":"Blanca S\u00e1nchez","twitter_card":"summary_large_image","twitter_misc":{"Written by":"Blanca S\u00e1nchez","Est. reading time":"1 minutua"},"schema":{"@context":"https:\/\/schema.org","@graph":[{"@type":"WebPage","@id":"https:\/\/www.uaga.eus\/finalizadas-las-asambleas-comarcales\/","url":"https:\/\/www.uaga.eus\/finalizadas-las-asambleas-comarcales\/","name":"Eskualdeko batzarrak amaitu dira - UAGA","isPartOf":{"@id":"https:\/\/www.uaga.eus\/#website"},"datePublished":"2025-02-28T11:31:21+00:00","dateModified":"2025-02-28T11:31:21+00:00","author":{"@id":"https:\/\/www.uaga.eus\/#\/schema\/person\/48c3cbf0f33d1b788226dbb6518689cf"},"breadcrumb":{"@id":"https:\/\/www.uaga.eus\/finalizadas-las-asambleas-comarcales\/#breadcrumb"},"inLanguage":"eu","potentialAction":[{"@type":"ReadAction","target":["https:\/\/www.uaga.eus\/finalizadas-las-asambleas-comarcales\/"]}]},{"@type":"BreadcrumbList","@id":"https:\/\/www.uaga.eus\/finalizadas-las-asambleas-comarcales\/#breadcrumb","itemListElement":[{"@type":"ListItem","position":1,"name":"Inicio","item":"https:\/\/www.uaga.eus\/"},{"@type":"ListItem","position":2,"name":"Finalizadas las asambleas comarcales"}]},{"@type":"WebSite","@id":"https:\/\/www.uaga.eus\/#website","url":"https:\/\/www.uaga.eus\/","name":"UAGA","description":"Uni\u00f3n Agroganadera de \u00c1lava - Araba Nekazarien Elkartea","potentialAction":[{"@type":"SearchAction","target":{"@type":"EntryPoint","urlTemplate":"https:\/\/www.uaga.eus\/?s={search_term_string}"},"query-input":"required name=search_term_string"}],"inLanguage":"eu"},{"@type":"Person","@id":"https:\/\/www.uaga.eus\/#\/schema\/person\/48c3cbf0f33d1b788226dbb6518689cf","name":"Blanca S\u00e1nchez","image":{"@type":"ImageObject","inLanguage":"eu","@id":"https:\/\/www.uaga.eus\/#\/schema\/person\/image\/","url":"https:\/\/secure.gravatar.com\/avatar\/0dc91c20648254b1ce84877283f6751b?s=96&d=mm&r=g","contentUrl":"https:\/\/secure.gravatar.com\/avatar\/0dc91c20648254b1ce84877283f6751b?s=96&d=mm&r=g","caption":"Blanca S\u00e1nchez"},"url":"https:\/\/www.uaga.eus\/eu\/author\/bsanchez\/"}]}},"_links":{"self":[{"href":"https:\/\/www.uaga.eus\/eu\/wp-json\/wp\/v2\/posts\/13527"}],"collection":[{"href":"https:\/\/www.uaga.eus\/eu\/wp-json\/wp\/v2\/posts"}],"about":[{"href":"https:\/\/www.uaga.eus\/eu\/wp-json\/wp\/v2\/types\/post"}],"author":[{"embeddable":true,"href":"https:\/\/www.uaga.eus\/eu\/wp-json\/wp\/v2\/users\/4"}],"replies":[{"embeddable":true,"href":"https:\/\/www.uaga.eus\/eu\/wp-json\/wp\/v2\/comments?post=13527"}],"version-history":[{"count":1,"href":"https:\/\/www.uaga.eus\/eu\/wp-json\/wp\/v2\/posts\/13527\/revisions"}],"predecessor-version":[{"id":13528,"href":"https:\/\/www.uaga.eus\/eu\/wp-json\/wp\/v2\/posts\/13527\/revisions\/13528"}],"wp:featuredmedia":[{"embeddable":true,"href":"https:\/\/www.uaga.eus\/eu\/wp-json\/wp\/v2\/media\/13517"}],"wp:attachment":[{"href":"https:\/\/www.uaga.eus\/eu\/wp-json\/wp\/v2\/media?parent=13527"}],"wp:term":[{"taxonomy":"category","embeddable":true,"href":"https:\/\/www.uaga.eus\/eu\/wp-json\/wp\/v2\/categories?post=13527"},{"taxonomy":"post_tag","embeddable":true,"href":"https:\/\/www.uaga.eus\/eu\/wp-json\/wp\/v2\/tags?post=13527"}],"curies":[{"name":"wp","href":"https:\/\/api.w.org\/{rel}","templated":true}]}}