{"id":13525,"date":"2025-02-28T11:29:06","date_gmt":"2025-02-28T11:29:06","guid":{"rendered":"https:\/\/www.uaga.eus\/?p=13525"},"modified":"2025-02-28T11:29:06","modified_gmt":"2025-02-28T11:29:06","slug":"uaga-estara-presente-en-la-feria-de-zaragoza-a-traves-del-proyecto-newfeed","status":"publish","type":"post","link":"https:\/\/www.uaga.eus\/eu\/uaga-estara-presente-en-la-feria-de-zaragoza-a-traves-del-proyecto-newfeed\/","title":{"rendered":"UAGA Zaragozako Azokan izango da Newfeed proiektuaren bidez"},"content":{"rendered":"<p>Los d\u00edas 25 a 28 de marzo se celebrar\u00e1 en Zaragoza <a href=\"https:\/\/www.feriazaragoza.es\/figan\" target=\"_blank\" rel=\"noopener\" data-cke-saved-href=\"https:\/\/www.feriazaragoza.es\/figan\">FIGAN<\/a>, la Feria Internacional para la Producci\u00f3n Animal. En este marco,\u00a0CESFAC (Confederaci\u00f3n Espa\u00f1ola de Fabricantes de Alimentos Compuestos para Animales), en colaboraci\u00f3n con <a href=\"https:\/\/newfeed-prima.eu\/\" target=\"_blank\" rel=\"noopener\" data-cke-saved-href=\"https:\/\/newfeed-prima.eu\/\">NEWFEED<\/a>, la Fundaci\u00f3n CESFAC y la Interprofesional de Alimentaci\u00f3n Animal (INTERAL), organizar\u00e1 la conferencia t\u00e9cnica \u201cNuevas materias primas en la alimentaci\u00f3n animal\u201d, el mi\u00e9rcoles 26 de marzo de 2025. Recordamos que UAGA\u00a0es una de las entidades participantes en este proyecto de innovaci\u00f3n.<\/p>\n<p>Esta conferencia destacar\u00e1 los \u00faltimos avances en soluciones de alimentaci\u00f3n alternativa y sostenible, centr\u00e1ndose en el potencial de los subproductos de la industria alimentaria para mejorar las pr\u00e1cticas de econom\u00eda circular en la nutrici\u00f3n animal.<\/p>\n<p><strong>Si est\u00e1s interesado o interesada en acudir a la Feria, ponte en contacto con UAGA<\/strong>. Si hay personas suficientes organizaremos un autob\u00fas para acudir al evento.<\/p>\n","protected":false},"excerpt":{"rendered":"<p>Los d\u00edas 25 a 28 de marzo se celebrar\u00e1 en Zaragoza FIGAN, la Feria Internacional para la Producci\u00f3n Animal. En este marco,\u00a0CESFAC (Confederaci\u00f3n Espa\u00f1ola de Fabricantes de Alimentos Compuestos para Animales), en colaboraci\u00f3n con NEWFEED, la Fundaci\u00f3n CESFAC y la Interprofesional de Alimentaci\u00f3n Animal (INTERAL), organizar\u00e1 la conferencia t\u00e9cnica \u201cNuevas materias primas en la alimentaci\u00f3n [&hellip;]<\/p>\n","protected":false},"author":4,"featured_media":13520,"comment_status":"closed","ping_status":"closed","sticky":false,"template":"","format":"standard","meta":{"footnotes":""},"categories":[8,31],"tags":[],"yoast_head":"<!-- This site is optimized with the Yoast SEO plugin v21.5 - https:\/\/yoast.com\/wordpress\/plugins\/seo\/ -->\n<title>UAGA Zaragozako Azokan izango da Newfeed proiektuaren bidez - UAGA<\/title>\n<meta name=\"robots\" content=\"index, follow, max-snippet:-1, max-image-preview:large, max-video-preview:-1\" \/>\n<link rel=\"canonical\" href=\"https:\/\/www.uaga.eus\/uaga-estara-presente-en-la-feria-de-zaragoza-a-traves-del-proyecto-newfeed\/\" \/>\n<meta property=\"og:locale\" content=\"en_US\" \/>\n<meta property=\"og:type\" content=\"article\" \/>\n<meta property=\"og:title\" content=\"UAGA Zaragozako Azokan izango da Newfeed proiektuaren bidez - UAGA\" \/>\n<meta property=\"og:description\" content=\"Los d\u00edas 25 a 28 de marzo se celebrar\u00e1 en Zaragoza FIGAN, la Feria Internacional para la Producci\u00f3n Animal. En este marco,\u00a0CESFAC (Confederaci\u00f3n Espa\u00f1ola de Fabricantes de Alimentos Compuestos para Animales), en colaboraci\u00f3n con NEWFEED, la Fundaci\u00f3n CESFAC y la Interprofesional de Alimentaci\u00f3n Animal (INTERAL), organizar\u00e1 la conferencia t\u00e9cnica \u201cNuevas materias primas en la alimentaci\u00f3n [&hellip;]\" \/>\n<meta property=\"og:url\" content=\"https:\/\/www.uaga.eus\/uaga-estara-presente-en-la-feria-de-zaragoza-a-traves-del-proyecto-newfeed\/\" \/>\n<meta property=\"og:site_name\" content=\"UAGA\" \/>\n<meta property=\"article:published_time\" content=\"2025-02-28T11:29:06+00:00\" \/>\n<meta property=\"og:image\" content=\"https:\/\/www.uaga.eus\/wp-content\/uploads\/2025\/02\/figan-recorte.jpg\" \/>\n\t<meta property=\"og:image:width\" content=\"650\" \/>\n\t<meta property=\"og:image:height\" content=\"366\" \/>\n\t<meta property=\"og:image:type\" content=\"image\/jpeg\" \/>\n<meta name=\"author\" content=\"Blanca S\u00e1nchez\" \/>\n<meta name=\"twitter:card\" content=\"summary_large_image\" \/>\n<meta name=\"twitter:label1\" content=\"Written by\" \/>\n\t<meta name=\"twitter:data1\" content=\"Blanca S\u00e1nchez\" \/>\n\t<meta name=\"twitter:label2\" content=\"Est. reading time\" \/>\n\t<meta name=\"twitter:data2\" content=\"1 minutua\" \/>\n<script type=\"application\/ld+json\" class=\"yoast-schema-graph\">{\"@context\":\"https:\/\/schema.org\",\"@graph\":[{\"@type\":\"WebPage\",\"@id\":\"https:\/\/www.uaga.eus\/uaga-estara-presente-en-la-feria-de-zaragoza-a-traves-del-proyecto-newfeed\/\",\"url\":\"https:\/\/www.uaga.eus\/uaga-estara-presente-en-la-feria-de-zaragoza-a-traves-del-proyecto-newfeed\/\",\"name\":\"UAGA Zaragozako Azokan izango da Newfeed proiektuaren bidez - UAGA\",\"isPartOf\":{\"@id\":\"https:\/\/www.uaga.eus\/#website\"},\"datePublished\":\"2025-02-28T11:29:06+00:00\",\"dateModified\":\"2025-02-28T11:29:06+00:00\",\"author\":{\"@id\":\"https:\/\/www.uaga.eus\/#\/schema\/person\/48c3cbf0f33d1b788226dbb6518689cf\"},\"breadcrumb\":{\"@id\":\"https:\/\/www.uaga.eus\/uaga-estara-presente-en-la-feria-de-zaragoza-a-traves-del-proyecto-newfeed\/#breadcrumb\"},\"inLanguage\":\"eu\",\"potentialAction\":[{\"@type\":\"ReadAction\",\"target\":[\"https:\/\/www.uaga.eus\/uaga-estara-presente-en-la-feria-de-zaragoza-a-traves-del-proyecto-newfeed\/\"]}]},{\"@type\":\"BreadcrumbList\",\"@id\":\"https:\/\/www.uaga.eus\/uaga-estara-presente-en-la-feria-de-zaragoza-a-traves-del-proyecto-newfeed\/#breadcrumb\",\"itemListElement\":[{\"@type\":\"ListItem\",\"position\":1,\"name\":\"Inicio\",\"item\":\"https:\/\/www.uaga.eus\/\"},{\"@type\":\"ListItem\",\"position\":2,\"name\":\"UAGA estar\u00e1 presente en la Feria de Zaragoza a trav\u00e9s del proyecto Newfeed\"}]},{\"@type\":\"WebSite\",\"@id\":\"https:\/\/www.uaga.eus\/#website\",\"url\":\"https:\/\/www.uaga.eus\/\",\"name\":\"UAGA\",\"description\":\"Uni\u00f3n Agroganadera de \u00c1lava - Araba Nekazarien Elkartea\",\"potentialAction\":[{\"@type\":\"SearchAction\",\"target\":{\"@type\":\"EntryPoint\",\"urlTemplate\":\"https:\/\/www.uaga.eus\/?s={search_term_string}\"},\"query-input\":\"required name=search_term_string\"}],\"inLanguage\":\"eu\"},{\"@type\":\"Person\",\"@id\":\"https:\/\/www.uaga.eus\/#\/schema\/person\/48c3cbf0f33d1b788226dbb6518689cf\",\"name\":\"Blanca S\u00e1nchez\",\"image\":{\"@type\":\"ImageObject\",\"inLanguage\":\"eu\",\"@id\":\"https:\/\/www.uaga.eus\/#\/schema\/person\/image\/\",\"url\":\"https:\/\/secure.gravatar.com\/avatar\/0dc91c20648254b1ce84877283f6751b?s=96&d=mm&r=g\",\"contentUrl\":\"https:\/\/secure.gravatar.com\/avatar\/0dc91c20648254b1ce84877283f6751b?s=96&d=mm&r=g\",\"caption\":\"Blanca S\u00e1nchez\"},\"url\":\"https:\/\/www.uaga.eus\/eu\/author\/bsanchez\/\"}]}<\/script>\n<!-- \/ Yoast SEO plugin. -->","yoast_head_json":{"title":"UAGA Zaragozako Azokan izango da Newfeed proiektuaren bidez - UAGA","robots":{"index":"index","follow":"follow","max-snippet":"max-snippet:-1","max-image-preview":"max-image-preview:large","max-video-preview":"max-video-preview:-1"},"canonical":"https:\/\/www.uaga.eus\/uaga-estara-presente-en-la-feria-de-zaragoza-a-traves-del-proyecto-newfeed\/","og_locale":"en_US","og_type":"article","og_title":"UAGA Zaragozako Azokan izango da Newfeed proiektuaren bidez - UAGA","og_description":"Los d\u00edas 25 a 28 de marzo se celebrar\u00e1 en Zaragoza FIGAN, la Feria Internacional para la Producci\u00f3n Animal. En este marco,\u00a0CESFAC (Confederaci\u00f3n Espa\u00f1ola de Fabricantes de Alimentos Compuestos para Animales), en colaboraci\u00f3n con NEWFEED, la Fundaci\u00f3n CESFAC y la Interprofesional de Alimentaci\u00f3n Animal (INTERAL), organizar\u00e1 la conferencia t\u00e9cnica \u201cNuevas materias primas en la alimentaci\u00f3n [&hellip;]","og_url":"https:\/\/www.uaga.eus\/uaga-estara-presente-en-la-feria-de-zaragoza-a-traves-del-proyecto-newfeed\/","og_site_name":"UAGA","article_published_time":"2025-02-28T11:29:06+00:00","og_image":[{"width":650,"height":366,"url":"https:\/\/www.uaga.eus\/wp-content\/uploads\/2025\/02\/figan-recorte.jpg","type":"image\/jpeg"}],"author":"Blanca S\u00e1nchez","twitter_card":"summary_large_image","twitter_misc":{"Written by":"Blanca S\u00e1nchez","Est. reading time":"1 minutua"},"schema":{"@context":"https:\/\/schema.org","@graph":[{"@type":"WebPage","@id":"https:\/\/www.uaga.eus\/uaga-estara-presente-en-la-feria-de-zaragoza-a-traves-del-proyecto-newfeed\/","url":"https:\/\/www.uaga.eus\/uaga-estara-presente-en-la-feria-de-zaragoza-a-traves-del-proyecto-newfeed\/","name":"UAGA Zaragozako Azokan izango da Newfeed proiektuaren bidez - UAGA","isPartOf":{"@id":"https:\/\/www.uaga.eus\/#website"},"datePublished":"2025-02-28T11:29:06+00:00","dateModified":"2025-02-28T11:29:06+00:00","author":{"@id":"https:\/\/www.uaga.eus\/#\/schema\/person\/48c3cbf0f33d1b788226dbb6518689cf"},"breadcrumb":{"@id":"https:\/\/www.uaga.eus\/uaga-estara-presente-en-la-feria-de-zaragoza-a-traves-del-proyecto-newfeed\/#breadcrumb"},"inLanguage":"eu","potentialAction":[{"@type":"ReadAction","target":["https:\/\/www.uaga.eus\/uaga-estara-presente-en-la-feria-de-zaragoza-a-traves-del-proyecto-newfeed\/"]}]},{"@type":"BreadcrumbList","@id":"https:\/\/www.uaga.eus\/uaga-estara-presente-en-la-feria-de-zaragoza-a-traves-del-proyecto-newfeed\/#breadcrumb","itemListElement":[{"@type":"ListItem","position":1,"name":"Inicio","item":"https:\/\/www.uaga.eus\/"},{"@type":"ListItem","position":2,"name":"UAGA estar\u00e1 presente en la Feria de Zaragoza a trav\u00e9s del proyecto Newfeed"}]},{"@type":"WebSite","@id":"https:\/\/www.uaga.eus\/#website","url":"https:\/\/www.uaga.eus\/","name":"UAGA","description":"Uni\u00f3n Agroganadera de \u00c1lava - Araba Nekazarien Elkartea","potentialAction":[{"@type":"SearchAction","target":{"@type":"EntryPoint","urlTemplate":"https:\/\/www.uaga.eus\/?s={search_term_string}"},"query-input":"required name=search_term_string"}],"inLanguage":"eu"},{"@type":"Person","@id":"https:\/\/www.uaga.eus\/#\/schema\/person\/48c3cbf0f33d1b788226dbb6518689cf","name":"Blanca S\u00e1nchez","image":{"@type":"ImageObject","inLanguage":"eu","@id":"https:\/\/www.uaga.eus\/#\/schema\/person\/image\/","url":"https:\/\/secure.gravatar.com\/avatar\/0dc91c20648254b1ce84877283f6751b?s=96&d=mm&r=g","contentUrl":"https:\/\/secure.gravatar.com\/avatar\/0dc91c20648254b1ce84877283f6751b?s=96&d=mm&r=g","caption":"Blanca S\u00e1nchez"},"url":"https:\/\/www.uaga.eus\/eu\/author\/bsanchez\/"}]}},"_links":{"self":[{"href":"https:\/\/www.uaga.eus\/eu\/wp-json\/wp\/v2\/posts\/13525"}],"collection":[{"href":"https:\/\/www.uaga.eus\/eu\/wp-json\/wp\/v2\/posts"}],"about":[{"href":"https:\/\/www.uaga.eus\/eu\/wp-json\/wp\/v2\/types\/post"}],"author":[{"embeddable":true,"href":"https:\/\/www.uaga.eus\/eu\/wp-json\/wp\/v2\/users\/4"}],"replies":[{"embeddable":true,"href":"https:\/\/www.uaga.eus\/eu\/wp-json\/wp\/v2\/comments?post=13525"}],"version-history":[{"count":1,"href":"https:\/\/www.uaga.eus\/eu\/wp-json\/wp\/v2\/posts\/13525\/revisions"}],"predecessor-version":[{"id":13526,"href":"https:\/\/www.uaga.eus\/eu\/wp-json\/wp\/v2\/posts\/13525\/revisions\/13526"}],"wp:featuredmedia":[{"embeddable":true,"href":"https:\/\/www.uaga.eus\/eu\/wp-json\/wp\/v2\/media\/13520"}],"wp:attachment":[{"href":"https:\/\/www.uaga.eus\/eu\/wp-json\/wp\/v2\/media?parent=13525"}],"wp:term":[{"taxonomy":"category","embeddable":true,"href":"https:\/\/www.uaga.eus\/eu\/wp-json\/wp\/v2\/categories?post=13525"},{"taxonomy":"post_tag","embeddable":true,"href":"https:\/\/www.uaga.eus\/eu\/wp-json\/wp\/v2\/tags?post=13525"}],"curies":[{"name":"wp","href":"https:\/\/api.w.org\/{rel}","templated":true}]}}