{"id":12876,"date":"2024-07-12T11:51:07","date_gmt":"2024-07-12T11:51:07","guid":{"rendered":"https:\/\/www.uaga.eus\/?p=12876"},"modified":"2024-07-12T11:51:07","modified_gmt":"2024-07-12T11:51:07","slug":"seguimos-esperando-al-cobro-integro-de-la-pac-12-dias-despues-de-finalizar-los-plazos","status":"publish","type":"post","link":"https:\/\/www.uaga.eus\/eu\/seguimos-esperando-al-cobro-integro-de-la-pac-12-dias-despues-de-finalizar-los-plazos\/","title":{"rendered":"NPB osorik noiz kobratuko den jakin gabe jarraitzen dugu, epea amaitu eta 12 egunera"},"content":{"rendered":"<p>2023ko NPBrako kobratzeko azken eguna ekainaren 30a bazen ere, gaur egun oraindik ere, ustiategi batzuei ez zaizkie ekoerregimenei dagozkien zenbatekoak ordaindu.<\/p>\n<p>Eusko Jaurlaritza ez da batere eraginkorra izan gai honetan eta sektorea da administrazioen eraginkortasun eza ordaintzen ari dena. Onartezina da erakundeek beren epeak ez betetzea eta gainerakooi modu zurrunean betetzea eskatzen zaigun\u00a0bitartean.<\/p>","protected":false},"excerpt":{"rendered":"<p>2023ko NPBrako kobratzeko azken eguna ekainaren 30a bazen ere, gaur egun oraindik ere, ustiategi batzuei ez zaizkie ekoerregimenei dagozkien zenbatekoak ordaindu. Eusko Jaurlaritza ez da batere eraginkorra izan gai honetan eta sektorea da administrazioen eraginkortasun eza ordaintzen ari dena. Onartezina da erakundeek beren epeak ez betetzea eta gainerakooi modu zurrunean betetzea eskatzen zaigun\u00a0bitartean.<\/p>\n","protected":false},"author":4,"featured_media":2958,"comment_status":"closed","ping_status":"closed","sticky":false,"template":"","format":"standard","meta":{"footnotes":""},"categories":[3,4],"tags":[],"yoast_head":"<!-- This site is optimized with the Yoast SEO plugin v21.5 - https:\/\/yoast.com\/wordpress\/plugins\/seo\/ -->\n<title>NPB osorik noiz kobratuko den jakin gabe jarraitzen dugu, epea amaitu eta 12 egunera - UAGA<\/title>\n<meta name=\"robots\" content=\"index, follow, max-snippet:-1, max-image-preview:large, max-video-preview:-1\" \/>\n<link rel=\"canonical\" href=\"https:\/\/www.uaga.eus\/seguimos-esperando-al-cobro-integro-de-la-pac-12-dias-despues-de-finalizar-los-plazos\/\" \/>\n<meta property=\"og:locale\" content=\"en_US\" \/>\n<meta property=\"og:type\" content=\"article\" \/>\n<meta property=\"og:title\" content=\"NPB osorik noiz kobratuko den jakin gabe jarraitzen dugu, epea amaitu eta 12 egunera - UAGA\" \/>\n<meta property=\"og:description\" content=\"2023ko NPBrako kobratzeko azken eguna ekainaren 30a bazen ere, gaur egun oraindik ere, ustiategi batzuei ez zaizkie ekoerregimenei dagozkien zenbatekoak ordaindu. Eusko Jaurlaritza ez da batere eraginkorra izan gai honetan eta sektorea da administrazioen eraginkortasun eza ordaintzen ari dena. Onartezina da erakundeek beren epeak ez betetzea eta gainerakooi modu zurrunean betetzea eskatzen zaigun\u00a0bitartean.\" \/>\n<meta property=\"og:url\" content=\"https:\/\/www.uaga.eus\/seguimos-esperando-al-cobro-integro-de-la-pac-12-dias-despues-de-finalizar-los-plazos\/\" \/>\n<meta property=\"og:site_name\" content=\"UAGA\" \/>\n<meta property=\"article:published_time\" content=\"2024-07-12T11:51:07+00:00\" \/>\n<meta property=\"og:image\" content=\"https:\/\/www.uaga.eus\/wp-content\/uploads\/2018\/06\/Paisaje_Vitoria_Mendiola_01-e1528444655937.jpg\" \/>\n\t<meta property=\"og:image:width\" content=\"700\" \/>\n\t<meta property=\"og:image:height\" content=\"334\" \/>\n\t<meta property=\"og:image:type\" content=\"image\/jpeg\" \/>\n<meta name=\"author\" content=\"Blanca S\u00e1nchez\" \/>\n<meta name=\"twitter:card\" content=\"summary_large_image\" \/>\n<meta name=\"twitter:label1\" content=\"Written by\" \/>\n\t<meta name=\"twitter:data1\" content=\"Blanca S\u00e1nchez\" \/>\n\t<meta name=\"twitter:label2\" content=\"Est. reading time\" \/>\n\t<meta name=\"twitter:data2\" content=\"1 minutua\" \/>\n<script type=\"application\/ld+json\" class=\"yoast-schema-graph\">{\"@context\":\"https:\/\/schema.org\",\"@graph\":[{\"@type\":\"WebPage\",\"@id\":\"https:\/\/www.uaga.eus\/seguimos-esperando-al-cobro-integro-de-la-pac-12-dias-despues-de-finalizar-los-plazos\/\",\"url\":\"https:\/\/www.uaga.eus\/seguimos-esperando-al-cobro-integro-de-la-pac-12-dias-despues-de-finalizar-los-plazos\/\",\"name\":\"NPB osorik noiz kobratuko den jakin gabe jarraitzen dugu, epea amaitu eta 12 egunera - UAGA\",\"isPartOf\":{\"@id\":\"https:\/\/www.uaga.eus\/#website\"},\"datePublished\":\"2024-07-12T11:51:07+00:00\",\"dateModified\":\"2024-07-12T11:51:07+00:00\",\"author\":{\"@id\":\"https:\/\/www.uaga.eus\/#\/schema\/person\/48c3cbf0f33d1b788226dbb6518689cf\"},\"breadcrumb\":{\"@id\":\"https:\/\/www.uaga.eus\/seguimos-esperando-al-cobro-integro-de-la-pac-12-dias-despues-de-finalizar-los-plazos\/#breadcrumb\"},\"inLanguage\":\"eu\",\"potentialAction\":[{\"@type\":\"ReadAction\",\"target\":[\"https:\/\/www.uaga.eus\/seguimos-esperando-al-cobro-integro-de-la-pac-12-dias-despues-de-finalizar-los-plazos\/\"]}]},{\"@type\":\"BreadcrumbList\",\"@id\":\"https:\/\/www.uaga.eus\/seguimos-esperando-al-cobro-integro-de-la-pac-12-dias-despues-de-finalizar-los-plazos\/#breadcrumb\",\"itemListElement\":[{\"@type\":\"ListItem\",\"position\":1,\"name\":\"Inicio\",\"item\":\"https:\/\/www.uaga.eus\/\"},{\"@type\":\"ListItem\",\"position\":2,\"name\":\"Seguimos esperando al cobro \u00edntegro de la PAC, 12 d\u00edas despu\u00e9s de finalizar los plazos\"}]},{\"@type\":\"WebSite\",\"@id\":\"https:\/\/www.uaga.eus\/#website\",\"url\":\"https:\/\/www.uaga.eus\/\",\"name\":\"UAGA\",\"description\":\"Uni\u00f3n Agroganadera de \u00c1lava - Araba Nekazarien Elkartea\",\"potentialAction\":[{\"@type\":\"SearchAction\",\"target\":{\"@type\":\"EntryPoint\",\"urlTemplate\":\"https:\/\/www.uaga.eus\/?s={search_term_string}\"},\"query-input\":\"required name=search_term_string\"}],\"inLanguage\":\"eu\"},{\"@type\":\"Person\",\"@id\":\"https:\/\/www.uaga.eus\/#\/schema\/person\/48c3cbf0f33d1b788226dbb6518689cf\",\"name\":\"Blanca S\u00e1nchez\",\"image\":{\"@type\":\"ImageObject\",\"inLanguage\":\"eu\",\"@id\":\"https:\/\/www.uaga.eus\/#\/schema\/person\/image\/\",\"url\":\"https:\/\/secure.gravatar.com\/avatar\/0dc91c20648254b1ce84877283f6751b?s=96&d=mm&r=g\",\"contentUrl\":\"https:\/\/secure.gravatar.com\/avatar\/0dc91c20648254b1ce84877283f6751b?s=96&d=mm&r=g\",\"caption\":\"Blanca S\u00e1nchez\"},\"url\":\"https:\/\/www.uaga.eus\/eu\/author\/bsanchez\/\"}]}<\/script>\n<!-- \/ Yoast SEO plugin. -->","yoast_head_json":{"title":"NPB osorik noiz kobratuko den jakin gabe jarraitzen dugu, epea amaitu eta 12 egunera - UAGA","robots":{"index":"index","follow":"follow","max-snippet":"max-snippet:-1","max-image-preview":"max-image-preview:large","max-video-preview":"max-video-preview:-1"},"canonical":"https:\/\/www.uaga.eus\/seguimos-esperando-al-cobro-integro-de-la-pac-12-dias-despues-de-finalizar-los-plazos\/","og_locale":"en_US","og_type":"article","og_title":"NPB osorik noiz kobratuko den jakin gabe jarraitzen dugu, epea amaitu eta 12 egunera - UAGA","og_description":"2023ko NPBrako kobratzeko azken eguna ekainaren 30a bazen ere, gaur egun oraindik ere, ustiategi batzuei ez zaizkie ekoerregimenei dagozkien zenbatekoak ordaindu. Eusko Jaurlaritza ez da batere eraginkorra izan gai honetan eta sektorea da administrazioen eraginkortasun eza ordaintzen ari dena. Onartezina da erakundeek beren epeak ez betetzea eta gainerakooi modu zurrunean betetzea eskatzen zaigun\u00a0bitartean.","og_url":"https:\/\/www.uaga.eus\/seguimos-esperando-al-cobro-integro-de-la-pac-12-dias-despues-de-finalizar-los-plazos\/","og_site_name":"UAGA","article_published_time":"2024-07-12T11:51:07+00:00","og_image":[{"width":700,"height":334,"url":"https:\/\/www.uaga.eus\/wp-content\/uploads\/2018\/06\/Paisaje_Vitoria_Mendiola_01-e1528444655937.jpg","type":"image\/jpeg"}],"author":"Blanca S\u00e1nchez","twitter_card":"summary_large_image","twitter_misc":{"Written by":"Blanca S\u00e1nchez","Est. reading time":"1 minutua"},"schema":{"@context":"https:\/\/schema.org","@graph":[{"@type":"WebPage","@id":"https:\/\/www.uaga.eus\/seguimos-esperando-al-cobro-integro-de-la-pac-12-dias-despues-de-finalizar-los-plazos\/","url":"https:\/\/www.uaga.eus\/seguimos-esperando-al-cobro-integro-de-la-pac-12-dias-despues-de-finalizar-los-plazos\/","name":"NPB osorik noiz kobratuko den jakin gabe jarraitzen dugu, epea amaitu eta 12 egunera - UAGA","isPartOf":{"@id":"https:\/\/www.uaga.eus\/#website"},"datePublished":"2024-07-12T11:51:07+00:00","dateModified":"2024-07-12T11:51:07+00:00","author":{"@id":"https:\/\/www.uaga.eus\/#\/schema\/person\/48c3cbf0f33d1b788226dbb6518689cf"},"breadcrumb":{"@id":"https:\/\/www.uaga.eus\/seguimos-esperando-al-cobro-integro-de-la-pac-12-dias-despues-de-finalizar-los-plazos\/#breadcrumb"},"inLanguage":"eu","potentialAction":[{"@type":"ReadAction","target":["https:\/\/www.uaga.eus\/seguimos-esperando-al-cobro-integro-de-la-pac-12-dias-despues-de-finalizar-los-plazos\/"]}]},{"@type":"BreadcrumbList","@id":"https:\/\/www.uaga.eus\/seguimos-esperando-al-cobro-integro-de-la-pac-12-dias-despues-de-finalizar-los-plazos\/#breadcrumb","itemListElement":[{"@type":"ListItem","position":1,"name":"Inicio","item":"https:\/\/www.uaga.eus\/"},{"@type":"ListItem","position":2,"name":"Seguimos esperando al cobro \u00edntegro de la PAC, 12 d\u00edas despu\u00e9s de finalizar los plazos"}]},{"@type":"WebSite","@id":"https:\/\/www.uaga.eus\/#website","url":"https:\/\/www.uaga.eus\/","name":"UAGA","description":"Uni\u00f3n Agroganadera de \u00c1lava - Araba Nekazarien Elkartea","potentialAction":[{"@type":"SearchAction","target":{"@type":"EntryPoint","urlTemplate":"https:\/\/www.uaga.eus\/?s={search_term_string}"},"query-input":"required name=search_term_string"}],"inLanguage":"eu"},{"@type":"Person","@id":"https:\/\/www.uaga.eus\/#\/schema\/person\/48c3cbf0f33d1b788226dbb6518689cf","name":"Blanca S\u00e1nchez","image":{"@type":"ImageObject","inLanguage":"eu","@id":"https:\/\/www.uaga.eus\/#\/schema\/person\/image\/","url":"https:\/\/secure.gravatar.com\/avatar\/0dc91c20648254b1ce84877283f6751b?s=96&d=mm&r=g","contentUrl":"https:\/\/secure.gravatar.com\/avatar\/0dc91c20648254b1ce84877283f6751b?s=96&d=mm&r=g","caption":"Blanca S\u00e1nchez"},"url":"https:\/\/www.uaga.eus\/eu\/author\/bsanchez\/"}]}},"_links":{"self":[{"href":"https:\/\/www.uaga.eus\/eu\/wp-json\/wp\/v2\/posts\/12876"}],"collection":[{"href":"https:\/\/www.uaga.eus\/eu\/wp-json\/wp\/v2\/posts"}],"about":[{"href":"https:\/\/www.uaga.eus\/eu\/wp-json\/wp\/v2\/types\/post"}],"author":[{"embeddable":true,"href":"https:\/\/www.uaga.eus\/eu\/wp-json\/wp\/v2\/users\/4"}],"replies":[{"embeddable":true,"href":"https:\/\/www.uaga.eus\/eu\/wp-json\/wp\/v2\/comments?post=12876"}],"version-history":[{"count":1,"href":"https:\/\/www.uaga.eus\/eu\/wp-json\/wp\/v2\/posts\/12876\/revisions"}],"predecessor-version":[{"id":12877,"href":"https:\/\/www.uaga.eus\/eu\/wp-json\/wp\/v2\/posts\/12876\/revisions\/12877"}],"wp:featuredmedia":[{"embeddable":true,"href":"https:\/\/www.uaga.eus\/eu\/wp-json\/wp\/v2\/media\/2958"}],"wp:attachment":[{"href":"https:\/\/www.uaga.eus\/eu\/wp-json\/wp\/v2\/media?parent=12876"}],"wp:term":[{"taxonomy":"category","embeddable":true,"href":"https:\/\/www.uaga.eus\/eu\/wp-json\/wp\/v2\/categories?post=12876"},{"taxonomy":"post_tag","embeddable":true,"href":"https:\/\/www.uaga.eus\/eu\/wp-json\/wp\/v2\/tags?post=12876"}],"curies":[{"name":"wp","href":"https:\/\/api.w.org\/{rel}","templated":true}]}}