{"id":12756,"date":"2024-06-11T08:26:27","date_gmt":"2024-06-11T08:26:27","guid":{"rendered":"https:\/\/www.uaga.eus\/?p=12756"},"modified":"2024-06-11T09:17:52","modified_gmt":"2024-06-11T09:17:52","slug":"la-sociedad-alavesa-dice-no-a-esta-politica-de-macroproyectos-energeticos-firma-la-alegacion-popular","status":"publish","type":"post","link":"https:\/\/www.uaga.eus\/eu\/la-sociedad-alavesa-dice-no-a-esta-politica-de-macroproyectos-energeticos-firma-la-alegacion-popular\/","title":{"rendered":"Arabako gizarteak ezetz esan dio makroproiektu energetikoen politika honi. Herria alegazioa sinatu!"},"content":{"rendered":"<p>Joan den larunbatean, 3.000 pertsona inguruk eta 50 traktorek energia berriztagarrien makroproiektuak instalatzeko egungo politikaren aurkako jarrera erakutsi zuten Gasteizko kaleetan. Bide honetatik jarraituz gero, atzera bueltarik gabeko eragina izango du gure lurralde historikoan.<\/p>\n<p>Araba Bizirik, Bionekazaritza eta UAGAk deituta, manifestazioa Gasteizko erdigunean izan zen, beste energia-politika baten aldeko apustua egiten zuten pankartekin. Ibilbidearen amaieran komunikatu bat irakurri zen, oso-osorik\u00a0<a href=\"https:\/\/mcusercontent.com\/498b950ccfc4b8d0e600d7e48\/files\/767942f4-037e-a34a-2f0b-79b834e91e30\/240601_manifiesto_movilizaci_oacute_n.pdf\" target=\"_blank\" rel=\"noopener\">hemen<\/a>\u00a0irakur dezakezuna.\u00a0Manifestazioaren\u00a0<a href=\"https:\/\/www.flickr.com\/photos\/199373086@N03\/53775216613\/in\/album-72177720317699464\/\" target=\"_blank\" rel=\"noopener\">argazkiak<\/a>\u00a0ere ikus ditzakezu hemen.<\/p>\n<p>UAGAn eskerrak eman nahi dizkiegu, Arabak beste energia-politika bat nahi eta behar duela erakutsi zuten guztiei, konpainia handien negozioen menpe ez dezaten jarri gure egungo nekazaritza eta abeltzaintza aldarrikatuz. Sindikatuak lanean jarraituko du sektorearen etengabeko jazarpen hori geldiarazteko. Hori dela eta, aurkeztu diren proiektu guztien aurkako alegazioak prestatzen ari gara.<\/p>\n<p>Esteka honetan deskarga dezakezu Zierbena 2, 3 eta 4 proiektuetarako\u00a0<a href=\"https:\/\/mcusercontent.com\/498b950ccfc4b8d0e600d7e48\/files\/4b834408-43f3-6c8e-8304-41b28d437386\/UAGA_Alegaci_oacute_n_popular.pdf\" target=\"_blank\" rel=\"noopener\">alegazio herrikoia<\/a>. Lagundu nahi baduzu, zure inguruan sinadurak bildu eta UAGAra ekar ditzakezu uztailaren\u00a05a\u00a0baino\u00a0lehen.<\/p>","protected":false},"excerpt":{"rendered":"<p>Joan den larunbatean, 3.000 pertsona inguruk eta 50 traktorek energia berriztagarrien makroproiektuak instalatzeko egungo politikaren aurkako jarrera erakutsi zuten Gasteizko kaleetan. Bide honetatik jarraituz gero, atzera bueltarik gabeko eragina izango du gure lurralde historikoan. Araba Bizirik, Bionekazaritza eta UAGAk deituta, manifestazioa Gasteizko erdigunean izan zen, beste energia-politika baten aldeko apustua egiten zuten pankartekin. Ibilbidearen amaieran [&hellip;]<\/p>\n","protected":false},"author":4,"featured_media":12733,"comment_status":"closed","ping_status":"closed","sticky":false,"template":"","format":"standard","meta":{"footnotes":""},"categories":[11,3],"tags":[],"yoast_head":"<!-- This site is optimized with the Yoast SEO plugin v21.5 - https:\/\/yoast.com\/wordpress\/plugins\/seo\/ -->\n<title>Arabako gizarteak ezetz esan dio makroproiektu energetikoen politika honi. Herria alegazioa sinatu! - UAGA<\/title>\n<meta name=\"robots\" content=\"index, follow, max-snippet:-1, max-image-preview:large, max-video-preview:-1\" \/>\n<link rel=\"canonical\" href=\"https:\/\/www.uaga.eus\/la-sociedad-alavesa-dice-no-a-esta-politica-de-macroproyectos-energeticos-firma-la-alegacion-popular\/\" \/>\n<meta property=\"og:locale\" content=\"en_US\" \/>\n<meta property=\"og:type\" content=\"article\" \/>\n<meta property=\"og:title\" content=\"Arabako gizarteak ezetz esan dio makroproiektu energetikoen politika honi. Herria alegazioa sinatu! - UAGA\" \/>\n<meta property=\"og:description\" content=\"Joan den larunbatean, 3.000 pertsona inguruk eta 50 traktorek energia berriztagarrien makroproiektuak instalatzeko egungo politikaren aurkako jarrera erakutsi zuten Gasteizko kaleetan. Bide honetatik jarraituz gero, atzera bueltarik gabeko eragina izango du gure lurralde historikoan. Araba Bizirik, Bionekazaritza eta UAGAk deituta, manifestazioa Gasteizko erdigunean izan zen, beste energia-politika baten aldeko apustua egiten zuten pankartekin. Ibilbidearen amaieran [&hellip;]\" \/>\n<meta property=\"og:url\" content=\"https:\/\/www.uaga.eus\/la-sociedad-alavesa-dice-no-a-esta-politica-de-macroproyectos-energeticos-firma-la-alegacion-popular\/\" \/>\n<meta property=\"og:site_name\" content=\"UAGA\" \/>\n<meta property=\"article:published_time\" content=\"2024-06-11T08:26:27+00:00\" \/>\n<meta property=\"article:modified_time\" content=\"2024-06-11T09:17:52+00:00\" \/>\n<meta property=\"og:image\" content=\"https:\/\/www.uaga.eus\/wp-content\/uploads\/2024\/06\/240601-manifestacion-final.jpg\" \/>\n\t<meta property=\"og:image:width\" content=\"650\" \/>\n\t<meta property=\"og:image:height\" content=\"368\" \/>\n\t<meta property=\"og:image:type\" content=\"image\/jpeg\" \/>\n<meta name=\"author\" content=\"Blanca S\u00e1nchez\" \/>\n<meta name=\"twitter:card\" content=\"summary_large_image\" \/>\n<meta name=\"twitter:label1\" content=\"Written by\" \/>\n\t<meta name=\"twitter:data1\" content=\"Blanca S\u00e1nchez\" \/>\n\t<meta name=\"twitter:label2\" content=\"Est. reading time\" \/>\n\t<meta name=\"twitter:data2\" content=\"1 minutua\" \/>\n<script type=\"application\/ld+json\" class=\"yoast-schema-graph\">{\"@context\":\"https:\/\/schema.org\",\"@graph\":[{\"@type\":\"WebPage\",\"@id\":\"https:\/\/www.uaga.eus\/la-sociedad-alavesa-dice-no-a-esta-politica-de-macroproyectos-energeticos-firma-la-alegacion-popular\/\",\"url\":\"https:\/\/www.uaga.eus\/la-sociedad-alavesa-dice-no-a-esta-politica-de-macroproyectos-energeticos-firma-la-alegacion-popular\/\",\"name\":\"Arabako gizarteak ezetz esan dio makroproiektu energetikoen politika honi. Herria alegazioa sinatu! - UAGA\",\"isPartOf\":{\"@id\":\"https:\/\/www.uaga.eus\/#website\"},\"datePublished\":\"2024-06-11T08:26:27+00:00\",\"dateModified\":\"2024-06-11T09:17:52+00:00\",\"author\":{\"@id\":\"https:\/\/www.uaga.eus\/#\/schema\/person\/48c3cbf0f33d1b788226dbb6518689cf\"},\"breadcrumb\":{\"@id\":\"https:\/\/www.uaga.eus\/la-sociedad-alavesa-dice-no-a-esta-politica-de-macroproyectos-energeticos-firma-la-alegacion-popular\/#breadcrumb\"},\"inLanguage\":\"eu\",\"potentialAction\":[{\"@type\":\"ReadAction\",\"target\":[\"https:\/\/www.uaga.eus\/la-sociedad-alavesa-dice-no-a-esta-politica-de-macroproyectos-energeticos-firma-la-alegacion-popular\/\"]}]},{\"@type\":\"BreadcrumbList\",\"@id\":\"https:\/\/www.uaga.eus\/la-sociedad-alavesa-dice-no-a-esta-politica-de-macroproyectos-energeticos-firma-la-alegacion-popular\/#breadcrumb\",\"itemListElement\":[{\"@type\":\"ListItem\",\"position\":1,\"name\":\"Inicio\",\"item\":\"https:\/\/www.uaga.eus\/\"},{\"@type\":\"ListItem\",\"position\":2,\"name\":\"La sociedad alavesa dice no a esta pol\u00edtica de macroproyectos energ\u00e9ticos. Firma la alegaci\u00f3n popular!\"}]},{\"@type\":\"WebSite\",\"@id\":\"https:\/\/www.uaga.eus\/#website\",\"url\":\"https:\/\/www.uaga.eus\/\",\"name\":\"UAGA\",\"description\":\"Uni\u00f3n Agroganadera de \u00c1lava - Araba Nekazarien Elkartea\",\"potentialAction\":[{\"@type\":\"SearchAction\",\"target\":{\"@type\":\"EntryPoint\",\"urlTemplate\":\"https:\/\/www.uaga.eus\/?s={search_term_string}\"},\"query-input\":\"required name=search_term_string\"}],\"inLanguage\":\"eu\"},{\"@type\":\"Person\",\"@id\":\"https:\/\/www.uaga.eus\/#\/schema\/person\/48c3cbf0f33d1b788226dbb6518689cf\",\"name\":\"Blanca S\u00e1nchez\",\"image\":{\"@type\":\"ImageObject\",\"inLanguage\":\"eu\",\"@id\":\"https:\/\/www.uaga.eus\/#\/schema\/person\/image\/\",\"url\":\"https:\/\/secure.gravatar.com\/avatar\/0dc91c20648254b1ce84877283f6751b?s=96&d=mm&r=g\",\"contentUrl\":\"https:\/\/secure.gravatar.com\/avatar\/0dc91c20648254b1ce84877283f6751b?s=96&d=mm&r=g\",\"caption\":\"Blanca S\u00e1nchez\"},\"url\":\"https:\/\/www.uaga.eus\/eu\/author\/bsanchez\/\"}]}<\/script>\n<!-- \/ Yoast SEO plugin. -->","yoast_head_json":{"title":"Arabako gizarteak ezetz esan dio makroproiektu energetikoen politika honi. Herria alegazioa sinatu! - UAGA","robots":{"index":"index","follow":"follow","max-snippet":"max-snippet:-1","max-image-preview":"max-image-preview:large","max-video-preview":"max-video-preview:-1"},"canonical":"https:\/\/www.uaga.eus\/la-sociedad-alavesa-dice-no-a-esta-politica-de-macroproyectos-energeticos-firma-la-alegacion-popular\/","og_locale":"en_US","og_type":"article","og_title":"Arabako gizarteak ezetz esan dio makroproiektu energetikoen politika honi. Herria alegazioa sinatu! - UAGA","og_description":"Joan den larunbatean, 3.000 pertsona inguruk eta 50 traktorek energia berriztagarrien makroproiektuak instalatzeko egungo politikaren aurkako jarrera erakutsi zuten Gasteizko kaleetan. Bide honetatik jarraituz gero, atzera bueltarik gabeko eragina izango du gure lurralde historikoan. Araba Bizirik, Bionekazaritza eta UAGAk deituta, manifestazioa Gasteizko erdigunean izan zen, beste energia-politika baten aldeko apustua egiten zuten pankartekin. Ibilbidearen amaieran [&hellip;]","og_url":"https:\/\/www.uaga.eus\/la-sociedad-alavesa-dice-no-a-esta-politica-de-macroproyectos-energeticos-firma-la-alegacion-popular\/","og_site_name":"UAGA","article_published_time":"2024-06-11T08:26:27+00:00","article_modified_time":"2024-06-11T09:17:52+00:00","og_image":[{"width":650,"height":368,"url":"https:\/\/www.uaga.eus\/wp-content\/uploads\/2024\/06\/240601-manifestacion-final.jpg","type":"image\/jpeg"}],"author":"Blanca S\u00e1nchez","twitter_card":"summary_large_image","twitter_misc":{"Written by":"Blanca S\u00e1nchez","Est. reading time":"1 minutua"},"schema":{"@context":"https:\/\/schema.org","@graph":[{"@type":"WebPage","@id":"https:\/\/www.uaga.eus\/la-sociedad-alavesa-dice-no-a-esta-politica-de-macroproyectos-energeticos-firma-la-alegacion-popular\/","url":"https:\/\/www.uaga.eus\/la-sociedad-alavesa-dice-no-a-esta-politica-de-macroproyectos-energeticos-firma-la-alegacion-popular\/","name":"Arabako gizarteak ezetz esan dio makroproiektu energetikoen politika honi. Herria alegazioa sinatu! - UAGA","isPartOf":{"@id":"https:\/\/www.uaga.eus\/#website"},"datePublished":"2024-06-11T08:26:27+00:00","dateModified":"2024-06-11T09:17:52+00:00","author":{"@id":"https:\/\/www.uaga.eus\/#\/schema\/person\/48c3cbf0f33d1b788226dbb6518689cf"},"breadcrumb":{"@id":"https:\/\/www.uaga.eus\/la-sociedad-alavesa-dice-no-a-esta-politica-de-macroproyectos-energeticos-firma-la-alegacion-popular\/#breadcrumb"},"inLanguage":"eu","potentialAction":[{"@type":"ReadAction","target":["https:\/\/www.uaga.eus\/la-sociedad-alavesa-dice-no-a-esta-politica-de-macroproyectos-energeticos-firma-la-alegacion-popular\/"]}]},{"@type":"BreadcrumbList","@id":"https:\/\/www.uaga.eus\/la-sociedad-alavesa-dice-no-a-esta-politica-de-macroproyectos-energeticos-firma-la-alegacion-popular\/#breadcrumb","itemListElement":[{"@type":"ListItem","position":1,"name":"Inicio","item":"https:\/\/www.uaga.eus\/"},{"@type":"ListItem","position":2,"name":"La sociedad alavesa dice no a esta pol\u00edtica de macroproyectos energ\u00e9ticos. Firma la alegaci\u00f3n popular!"}]},{"@type":"WebSite","@id":"https:\/\/www.uaga.eus\/#website","url":"https:\/\/www.uaga.eus\/","name":"UAGA","description":"Uni\u00f3n Agroganadera de \u00c1lava - Araba Nekazarien Elkartea","potentialAction":[{"@type":"SearchAction","target":{"@type":"EntryPoint","urlTemplate":"https:\/\/www.uaga.eus\/?s={search_term_string}"},"query-input":"required name=search_term_string"}],"inLanguage":"eu"},{"@type":"Person","@id":"https:\/\/www.uaga.eus\/#\/schema\/person\/48c3cbf0f33d1b788226dbb6518689cf","name":"Blanca S\u00e1nchez","image":{"@type":"ImageObject","inLanguage":"eu","@id":"https:\/\/www.uaga.eus\/#\/schema\/person\/image\/","url":"https:\/\/secure.gravatar.com\/avatar\/0dc91c20648254b1ce84877283f6751b?s=96&d=mm&r=g","contentUrl":"https:\/\/secure.gravatar.com\/avatar\/0dc91c20648254b1ce84877283f6751b?s=96&d=mm&r=g","caption":"Blanca S\u00e1nchez"},"url":"https:\/\/www.uaga.eus\/eu\/author\/bsanchez\/"}]}},"_links":{"self":[{"href":"https:\/\/www.uaga.eus\/eu\/wp-json\/wp\/v2\/posts\/12756"}],"collection":[{"href":"https:\/\/www.uaga.eus\/eu\/wp-json\/wp\/v2\/posts"}],"about":[{"href":"https:\/\/www.uaga.eus\/eu\/wp-json\/wp\/v2\/types\/post"}],"author":[{"embeddable":true,"href":"https:\/\/www.uaga.eus\/eu\/wp-json\/wp\/v2\/users\/4"}],"replies":[{"embeddable":true,"href":"https:\/\/www.uaga.eus\/eu\/wp-json\/wp\/v2\/comments?post=12756"}],"version-history":[{"count":1,"href":"https:\/\/www.uaga.eus\/eu\/wp-json\/wp\/v2\/posts\/12756\/revisions"}],"predecessor-version":[{"id":12757,"href":"https:\/\/www.uaga.eus\/eu\/wp-json\/wp\/v2\/posts\/12756\/revisions\/12757"}],"wp:featuredmedia":[{"embeddable":true,"href":"https:\/\/www.uaga.eus\/eu\/wp-json\/wp\/v2\/media\/12733"}],"wp:attachment":[{"href":"https:\/\/www.uaga.eus\/eu\/wp-json\/wp\/v2\/media?parent=12756"}],"wp:term":[{"taxonomy":"category","embeddable":true,"href":"https:\/\/www.uaga.eus\/eu\/wp-json\/wp\/v2\/categories?post=12756"},{"taxonomy":"post_tag","embeddable":true,"href":"https:\/\/www.uaga.eus\/eu\/wp-json\/wp\/v2\/tags?post=12756"}],"curies":[{"name":"wp","href":"https:\/\/api.w.org\/{rel}","templated":true}]}}