{"id":12750,"date":"2024-06-11T08:27:59","date_gmt":"2024-06-11T08:27:59","guid":{"rendered":"https:\/\/www.uaga.eus\/?p=12750"},"modified":"2024-06-11T09:16:02","modified_gmt":"2024-06-11T09:16:02","slug":"13-de-junio-concentracion-en-juntas-generales-para-lograr-la-declaracion-de-la-agricultura-y-la-ganaderia-como-actividad-estrategica","status":"publish","type":"post","link":"https:\/\/www.uaga.eus\/eu\/13-de-junio-concentracion-en-juntas-generales-para-lograr-la-declaracion-de-la-agricultura-y-la-ganaderia-como-actividad-estrategica\/","title":{"rendered":"Ekainaren 13an, kontzentrazioa Batzar Nagusietan, nekazaritza eta abeltzaintza jarduera estrategikotzat jotzeko"},"content":{"rendered":"<p>Datorren ostegunean, ekainaren 13an, Batzar Nagusietako Lurralde Oreka eta Lurralde Antolamenduko Batzordeak, Arabako nekazaritza eta abeltzaintza jarduera estrategiko izendatzeko\u00a0<a href=\"https:\/\/www.jjggalava.eus\/eu\/xehetasuna-esp?t=E&amp;leg=12&amp;num=1089&amp;redirect=https:\/\/www.jjggalava.eus\/es\/agenda\/-\/fecha\/2024\/6\" target=\"_blank\" rel=\"noopener\">mozioa<\/a>\u00a0bozkatuko du.<\/p>\n<p>Mozio hau Araba Bizirik, Bionekazaritza eta UAGAren proposamenez aurkeztu da, eta bere helburua da nekazaritza-lurra zaintzea eta familia-ustiategien titular diren nekazarien eta abeltzainen jarduera babestuko duten politika aktiboak eta araudi erregulatzailea garatzea.<\/p>\n<p>UAGAk, Araba Bizirik-ek eta Bionekazaritzak adierazpen honi sektorearen eta gizartearen babesa erakustearren, batzordeak iraun bitartean Batzar Nagusien aurrean <a href=\"https:\/\/www.uaga.eus\/wp-content\/uploads\/2024\/06\/240613cartel-concentracion-2.jpg\">elkarretaratze<\/a> bat egiteko deialdia egiten dugu. Zure presentzia garrantzitsua da lurraldea jasaten ari diren politika industrializatzaile eta harrapakarietatik babesteko.<\/p>\n<p><strong>Gure herrien eta gure bizimoduaren alde: nekazaritza eta abeltzaintza, estrategikoak:<\/strong><\/p>\n<ul>\n<li>2024ko ekainaren 13a, osteguna<\/li>\n<li>9:30ean<\/li>\n<li>Vicente Goikoetxea kalea 2<\/li>\n<\/ul>\n<p><\/p>","protected":false},"excerpt":{"rendered":"<p>Datorren ostegunean, ekainaren 13an, Batzar Nagusietako Lurralde Oreka eta Lurralde Antolamenduko Batzordeak, Arabako nekazaritza eta abeltzaintza jarduera estrategiko izendatzeko\u00a0mozioa\u00a0bozkatuko du. Mozio hau Araba Bizirik, Bionekazaritza eta UAGAren proposamenez aurkeztu da, eta bere helburua da nekazaritza-lurra zaintzea eta familia-ustiategien titular diren nekazarien eta abeltzainen jarduera babestuko duten politika aktiboak eta araudi erregulatzailea garatzea. UAGAk, Araba Bizirik-ek [&hellip;]<\/p>\n","protected":false},"author":4,"featured_media":12751,"comment_status":"closed","ping_status":"closed","sticky":false,"template":"","format":"standard","meta":{"footnotes":""},"categories":[7,8,11,3],"tags":[],"yoast_head":"<!-- This site is optimized with the Yoast SEO plugin v21.5 - https:\/\/yoast.com\/wordpress\/plugins\/seo\/ -->\n<title>Ekainaren 13an, kontzentrazioa Batzar Nagusietan, nekazaritza eta abeltzaintza jarduera estrategikotzat jotzeko - UAGA<\/title>\n<meta name=\"robots\" content=\"index, follow, max-snippet:-1, max-image-preview:large, max-video-preview:-1\" \/>\n<link rel=\"canonical\" href=\"https:\/\/www.uaga.eus\/13-de-junio-concentracion-en-juntas-generales-para-lograr-la-declaracion-de-la-agricultura-y-la-ganaderia-como-actividad-estrategica\/\" \/>\n<meta property=\"og:locale\" content=\"en_US\" \/>\n<meta property=\"og:type\" content=\"article\" \/>\n<meta property=\"og:title\" content=\"Ekainaren 13an, kontzentrazioa Batzar Nagusietan, nekazaritza eta abeltzaintza jarduera estrategikotzat jotzeko - UAGA\" \/>\n<meta property=\"og:description\" content=\"Datorren ostegunean, ekainaren 13an, Batzar Nagusietako Lurralde Oreka eta Lurralde Antolamenduko Batzordeak, Arabako nekazaritza eta abeltzaintza jarduera estrategiko izendatzeko\u00a0mozioa\u00a0bozkatuko du. Mozio hau Araba Bizirik, Bionekazaritza eta UAGAren proposamenez aurkeztu da, eta bere helburua da nekazaritza-lurra zaintzea eta familia-ustiategien titular diren nekazarien eta abeltzainen jarduera babestuko duten politika aktiboak eta araudi erregulatzailea garatzea. UAGAk, Araba Bizirik-ek [&hellip;]\" \/>\n<meta property=\"og:url\" content=\"https:\/\/www.uaga.eus\/13-de-junio-concentracion-en-juntas-generales-para-lograr-la-declaracion-de-la-agricultura-y-la-ganaderia-como-actividad-estrategica\/\" \/>\n<meta property=\"og:site_name\" content=\"UAGA\" \/>\n<meta property=\"article:published_time\" content=\"2024-06-11T08:27:59+00:00\" \/>\n<meta property=\"article:modified_time\" content=\"2024-06-11T09:16:02+00:00\" \/>\n<meta property=\"og:image\" content=\"https:\/\/www.uaga.eus\/wp-content\/uploads\/2024\/06\/240613cartel-concentracion-e1718094413979.jpg\" \/>\n\t<meta property=\"og:image:width\" content=\"650\" \/>\n\t<meta property=\"og:image:height\" content=\"382\" \/>\n\t<meta property=\"og:image:type\" content=\"image\/jpeg\" \/>\n<meta name=\"author\" content=\"Blanca S\u00e1nchez\" \/>\n<meta name=\"twitter:card\" content=\"summary_large_image\" \/>\n<meta name=\"twitter:label1\" content=\"Written by\" \/>\n\t<meta name=\"twitter:data1\" content=\"Blanca S\u00e1nchez\" \/>\n\t<meta name=\"twitter:label2\" content=\"Est. reading time\" \/>\n\t<meta name=\"twitter:data2\" content=\"1 minutua\" \/>\n<script type=\"application\/ld+json\" class=\"yoast-schema-graph\">{\"@context\":\"https:\/\/schema.org\",\"@graph\":[{\"@type\":\"WebPage\",\"@id\":\"https:\/\/www.uaga.eus\/13-de-junio-concentracion-en-juntas-generales-para-lograr-la-declaracion-de-la-agricultura-y-la-ganaderia-como-actividad-estrategica\/\",\"url\":\"https:\/\/www.uaga.eus\/13-de-junio-concentracion-en-juntas-generales-para-lograr-la-declaracion-de-la-agricultura-y-la-ganaderia-como-actividad-estrategica\/\",\"name\":\"Ekainaren 13an, kontzentrazioa Batzar Nagusietan, nekazaritza eta abeltzaintza jarduera estrategikotzat jotzeko - UAGA\",\"isPartOf\":{\"@id\":\"https:\/\/www.uaga.eus\/#website\"},\"datePublished\":\"2024-06-11T08:27:59+00:00\",\"dateModified\":\"2024-06-11T09:16:02+00:00\",\"author\":{\"@id\":\"https:\/\/www.uaga.eus\/#\/schema\/person\/48c3cbf0f33d1b788226dbb6518689cf\"},\"breadcrumb\":{\"@id\":\"https:\/\/www.uaga.eus\/13-de-junio-concentracion-en-juntas-generales-para-lograr-la-declaracion-de-la-agricultura-y-la-ganaderia-como-actividad-estrategica\/#breadcrumb\"},\"inLanguage\":\"eu\",\"potentialAction\":[{\"@type\":\"ReadAction\",\"target\":[\"https:\/\/www.uaga.eus\/13-de-junio-concentracion-en-juntas-generales-para-lograr-la-declaracion-de-la-agricultura-y-la-ganaderia-como-actividad-estrategica\/\"]}]},{\"@type\":\"BreadcrumbList\",\"@id\":\"https:\/\/www.uaga.eus\/13-de-junio-concentracion-en-juntas-generales-para-lograr-la-declaracion-de-la-agricultura-y-la-ganaderia-como-actividad-estrategica\/#breadcrumb\",\"itemListElement\":[{\"@type\":\"ListItem\",\"position\":1,\"name\":\"Inicio\",\"item\":\"https:\/\/www.uaga.eus\/\"},{\"@type\":\"ListItem\",\"position\":2,\"name\":\"13 de junio, concentraci\u00f3n en Juntas Generales para lograr la declaraci\u00f3n de la agricultura y la ganader\u00eda como actividad estrat\u00e9gica\"}]},{\"@type\":\"WebSite\",\"@id\":\"https:\/\/www.uaga.eus\/#website\",\"url\":\"https:\/\/www.uaga.eus\/\",\"name\":\"UAGA\",\"description\":\"Uni\u00f3n Agroganadera de \u00c1lava - Araba Nekazarien Elkartea\",\"potentialAction\":[{\"@type\":\"SearchAction\",\"target\":{\"@type\":\"EntryPoint\",\"urlTemplate\":\"https:\/\/www.uaga.eus\/?s={search_term_string}\"},\"query-input\":\"required name=search_term_string\"}],\"inLanguage\":\"eu\"},{\"@type\":\"Person\",\"@id\":\"https:\/\/www.uaga.eus\/#\/schema\/person\/48c3cbf0f33d1b788226dbb6518689cf\",\"name\":\"Blanca S\u00e1nchez\",\"image\":{\"@type\":\"ImageObject\",\"inLanguage\":\"eu\",\"@id\":\"https:\/\/www.uaga.eus\/#\/schema\/person\/image\/\",\"url\":\"https:\/\/secure.gravatar.com\/avatar\/0dc91c20648254b1ce84877283f6751b?s=96&d=mm&r=g\",\"contentUrl\":\"https:\/\/secure.gravatar.com\/avatar\/0dc91c20648254b1ce84877283f6751b?s=96&d=mm&r=g\",\"caption\":\"Blanca S\u00e1nchez\"},\"url\":\"https:\/\/www.uaga.eus\/eu\/author\/bsanchez\/\"}]}<\/script>\n<!-- \/ Yoast SEO plugin. -->","yoast_head_json":{"title":"Ekainaren 13an, kontzentrazioa Batzar Nagusietan, nekazaritza eta abeltzaintza jarduera estrategikotzat jotzeko - UAGA","robots":{"index":"index","follow":"follow","max-snippet":"max-snippet:-1","max-image-preview":"max-image-preview:large","max-video-preview":"max-video-preview:-1"},"canonical":"https:\/\/www.uaga.eus\/13-de-junio-concentracion-en-juntas-generales-para-lograr-la-declaracion-de-la-agricultura-y-la-ganaderia-como-actividad-estrategica\/","og_locale":"en_US","og_type":"article","og_title":"Ekainaren 13an, kontzentrazioa Batzar Nagusietan, nekazaritza eta abeltzaintza jarduera estrategikotzat jotzeko - UAGA","og_description":"Datorren ostegunean, ekainaren 13an, Batzar Nagusietako Lurralde Oreka eta Lurralde Antolamenduko Batzordeak, Arabako nekazaritza eta abeltzaintza jarduera estrategiko izendatzeko\u00a0mozioa\u00a0bozkatuko du. Mozio hau Araba Bizirik, Bionekazaritza eta UAGAren proposamenez aurkeztu da, eta bere helburua da nekazaritza-lurra zaintzea eta familia-ustiategien titular diren nekazarien eta abeltzainen jarduera babestuko duten politika aktiboak eta araudi erregulatzailea garatzea. UAGAk, Araba Bizirik-ek [&hellip;]","og_url":"https:\/\/www.uaga.eus\/13-de-junio-concentracion-en-juntas-generales-para-lograr-la-declaracion-de-la-agricultura-y-la-ganaderia-como-actividad-estrategica\/","og_site_name":"UAGA","article_published_time":"2024-06-11T08:27:59+00:00","article_modified_time":"2024-06-11T09:16:02+00:00","og_image":[{"width":650,"height":382,"url":"https:\/\/www.uaga.eus\/wp-content\/uploads\/2024\/06\/240613cartel-concentracion-e1718094413979.jpg","type":"image\/jpeg"}],"author":"Blanca S\u00e1nchez","twitter_card":"summary_large_image","twitter_misc":{"Written by":"Blanca S\u00e1nchez","Est. reading time":"1 minutua"},"schema":{"@context":"https:\/\/schema.org","@graph":[{"@type":"WebPage","@id":"https:\/\/www.uaga.eus\/13-de-junio-concentracion-en-juntas-generales-para-lograr-la-declaracion-de-la-agricultura-y-la-ganaderia-como-actividad-estrategica\/","url":"https:\/\/www.uaga.eus\/13-de-junio-concentracion-en-juntas-generales-para-lograr-la-declaracion-de-la-agricultura-y-la-ganaderia-como-actividad-estrategica\/","name":"Ekainaren 13an, kontzentrazioa Batzar Nagusietan, nekazaritza eta abeltzaintza jarduera estrategikotzat jotzeko - UAGA","isPartOf":{"@id":"https:\/\/www.uaga.eus\/#website"},"datePublished":"2024-06-11T08:27:59+00:00","dateModified":"2024-06-11T09:16:02+00:00","author":{"@id":"https:\/\/www.uaga.eus\/#\/schema\/person\/48c3cbf0f33d1b788226dbb6518689cf"},"breadcrumb":{"@id":"https:\/\/www.uaga.eus\/13-de-junio-concentracion-en-juntas-generales-para-lograr-la-declaracion-de-la-agricultura-y-la-ganaderia-como-actividad-estrategica\/#breadcrumb"},"inLanguage":"eu","potentialAction":[{"@type":"ReadAction","target":["https:\/\/www.uaga.eus\/13-de-junio-concentracion-en-juntas-generales-para-lograr-la-declaracion-de-la-agricultura-y-la-ganaderia-como-actividad-estrategica\/"]}]},{"@type":"BreadcrumbList","@id":"https:\/\/www.uaga.eus\/13-de-junio-concentracion-en-juntas-generales-para-lograr-la-declaracion-de-la-agricultura-y-la-ganaderia-como-actividad-estrategica\/#breadcrumb","itemListElement":[{"@type":"ListItem","position":1,"name":"Inicio","item":"https:\/\/www.uaga.eus\/"},{"@type":"ListItem","position":2,"name":"13 de junio, concentraci\u00f3n en Juntas Generales para lograr la declaraci\u00f3n de la agricultura y la ganader\u00eda como actividad estrat\u00e9gica"}]},{"@type":"WebSite","@id":"https:\/\/www.uaga.eus\/#website","url":"https:\/\/www.uaga.eus\/","name":"UAGA","description":"Uni\u00f3n Agroganadera de \u00c1lava - Araba Nekazarien Elkartea","potentialAction":[{"@type":"SearchAction","target":{"@type":"EntryPoint","urlTemplate":"https:\/\/www.uaga.eus\/?s={search_term_string}"},"query-input":"required name=search_term_string"}],"inLanguage":"eu"},{"@type":"Person","@id":"https:\/\/www.uaga.eus\/#\/schema\/person\/48c3cbf0f33d1b788226dbb6518689cf","name":"Blanca S\u00e1nchez","image":{"@type":"ImageObject","inLanguage":"eu","@id":"https:\/\/www.uaga.eus\/#\/schema\/person\/image\/","url":"https:\/\/secure.gravatar.com\/avatar\/0dc91c20648254b1ce84877283f6751b?s=96&d=mm&r=g","contentUrl":"https:\/\/secure.gravatar.com\/avatar\/0dc91c20648254b1ce84877283f6751b?s=96&d=mm&r=g","caption":"Blanca S\u00e1nchez"},"url":"https:\/\/www.uaga.eus\/eu\/author\/bsanchez\/"}]}},"_links":{"self":[{"href":"https:\/\/www.uaga.eus\/eu\/wp-json\/wp\/v2\/posts\/12750"}],"collection":[{"href":"https:\/\/www.uaga.eus\/eu\/wp-json\/wp\/v2\/posts"}],"about":[{"href":"https:\/\/www.uaga.eus\/eu\/wp-json\/wp\/v2\/types\/post"}],"author":[{"embeddable":true,"href":"https:\/\/www.uaga.eus\/eu\/wp-json\/wp\/v2\/users\/4"}],"replies":[{"embeddable":true,"href":"https:\/\/www.uaga.eus\/eu\/wp-json\/wp\/v2\/comments?post=12750"}],"version-history":[{"count":2,"href":"https:\/\/www.uaga.eus\/eu\/wp-json\/wp\/v2\/posts\/12750\/revisions"}],"predecessor-version":[{"id":12755,"href":"https:\/\/www.uaga.eus\/eu\/wp-json\/wp\/v2\/posts\/12750\/revisions\/12755"}],"wp:featuredmedia":[{"embeddable":true,"href":"https:\/\/www.uaga.eus\/eu\/wp-json\/wp\/v2\/media\/12751"}],"wp:attachment":[{"href":"https:\/\/www.uaga.eus\/eu\/wp-json\/wp\/v2\/media?parent=12750"}],"wp:term":[{"taxonomy":"category","embeddable":true,"href":"https:\/\/www.uaga.eus\/eu\/wp-json\/wp\/v2\/categories?post=12750"},{"taxonomy":"post_tag","embeddable":true,"href":"https:\/\/www.uaga.eus\/eu\/wp-json\/wp\/v2\/tags?post=12750"}],"curies":[{"name":"wp","href":"https:\/\/api.w.org\/{rel}","templated":true}]}}