{"id":12670,"date":"2024-05-17T13:19:00","date_gmt":"2024-05-17T13:19:00","guid":{"rendered":"https:\/\/www.uaga.eus\/?p=12670"},"modified":"2024-05-17T13:24:16","modified_gmt":"2024-05-17T13:24:16","slug":"1-de-junio-movilizacion-ganaderia-y-agricultura-alavesa-sector-estrategico","status":"publish","type":"post","link":"https:\/\/www.uaga.eus\/eu\/1-de-junio-movilizacion-ganaderia-y-agricultura-alavesa-sector-estrategico\/","title":{"rendered":"Mobilizazioa Ekainaren 1ean: Arabako abeltzaintza eta nekazaritza sektore estrategikotzat hartzeko\u00a0"},"content":{"rendered":"<p>UAGAk, Araba Bizirik eta Bionekazaritza, lurraldearen eta lehenengo sektorearen aldeko mobilizazio berri bat deitu dugu ekainaren 1erako. Ostegun honetan,\u00a0 deialdia aurkeztu dugu <a href=\"https:\/\/mcusercontent.com\/498b950ccfc4b8d0e600d7e48\/files\/9516dbc5-18ed-2a7b-87c4-8e3492f596c5\/240516_rueda_prensa_movilizacion_junio.pdf\" target=\"_blank\" rel=\"noopener\" data-cke-saved-href=\"https:\/\/mcusercontent.com\/498b950ccfc4b8d0e600d7e48\/files\/9516dbc5-18ed-2a7b-87c4-8e3492f596c5\/240516_rueda_prensa_movilizacion_junio.pdf\">prentsaurreko<\/a> baten bidez. Lurraldea erabateko zaurgarritasun egoera batean dagoela ohartaraziz; izan ere, behin betiko okupazio eta \u00a0degradazio dituen ingurune naturala eta landa-gunea hautsiz. <a href=\"https:\/\/mcusercontent.com\/498b950ccfc4b8d0e600d7e48\/files\/06b0f96a-6bba-ce12-e1b4-cad05a512be5\/Mapa_renovables_Araba_Bizirik_compressed.pdf\" target=\"_blank\" rel=\"noopener\" data-cke-saved-href=\"https:\/\/mcusercontent.com\/498b950ccfc4b8d0e600d7e48\/files\/06b0f96a-6bba-ce12-e1b4-cad05a512be5\/Mapa_renovables_Araba_Bizirik_compressed.pdf\">Hemen <\/a>kontsulta dezakezu gaur egun planteatutako proiektuen mapa<\/p>\n<p>Ziur gaude proiektatzen ari diren instalazio berriztagarrien helburuak, ez duela zerikusirik ingurune naturalarekiko errespetuarekin, deskarbonizazioarekin eta pertsonen beharrekin. Energia-enpresa handien onurarako, negozio-iturri berriak garatzeari baino ez dio lehentasuna ematen.<\/p>\n<p>Enpresa horiek sortutako egoeraren larritasuna eta erakundeen adostasuna ikusita, hiru erakundeok mozio-proposamen bat erregistratu dugu Batzar Nagusietan Lurralde Orekaren eta Lurralde Antolamenduaren Batzorderako. Arabako Lurralde Historikoko nekazaritza eta abeltzaintza jarduerak estrategikotzat jotzeko eta horrela, nekazaritza-lurra babesteko helburuarekin.<\/p>\n<p>Nazkatuta eta aspertuta gaude gure bizimoduaren amaiera oso gertu sentitzeaz, eta ondorioz, Arabako landa inguruaren hilzoria sentitzeaz. Nekeza da ikustea nola garrantzi handiagoa ematen zaion energiaren merkantilismoari eta megaindustrien onurei, benetako elikadura subiranotasuna sortu eta kontzejuetan oinarritutako Arabako kulturari eusteari baino.<\/p>\n<p>Horregatik, egoera hori aldatzen ez den bitartean, gure helburua lortu arte mobilizatzen jarraituko dugu. Batu zaitez Gasteizen ekainaren 1ean egingo den mobilizaziora!<\/p>","protected":false},"excerpt":{"rendered":"<p>UAGAk, Araba Bizirik eta Bionekazaritza, lurraldearen eta lehenengo sektorearen aldeko mobilizazio berri bat deitu dugu ekainaren 1erako. Ostegun honetan,\u00a0 deialdia aurkeztu dugu prentsaurreko baten bidez. Lurraldea erabateko zaurgarritasun egoera batean dagoela ohartaraziz; izan ere, behin betiko okupazio eta \u00a0degradazio dituen ingurune naturala eta landa-gunea hautsiz. Hemen kontsulta dezakezu gaur egun planteatutako proiektuen mapa Ziur gaude [&hellip;]<\/p>\n","protected":false},"author":4,"featured_media":12671,"comment_status":"closed","ping_status":"closed","sticky":false,"template":"","format":"standard","meta":{"footnotes":""},"categories":[7,8,11,3],"tags":[],"yoast_head":"<!-- This site is optimized with the Yoast SEO plugin v21.5 - https:\/\/yoast.com\/wordpress\/plugins\/seo\/ -->\n<title>Mobilizazioa Ekainaren 1ean: Arabako abeltzaintza eta nekazaritza sektore estrategikotzat hartzeko\u00a0 - UAGA<\/title>\n<meta name=\"robots\" content=\"index, follow, max-snippet:-1, max-image-preview:large, max-video-preview:-1\" \/>\n<link rel=\"canonical\" href=\"https:\/\/www.uaga.eus\/1-de-junio-movilizacion-ganaderia-y-agricultura-alavesa-sector-estrategico\/\" \/>\n<meta property=\"og:locale\" content=\"en_US\" \/>\n<meta property=\"og:type\" content=\"article\" \/>\n<meta property=\"og:title\" content=\"Mobilizazioa Ekainaren 1ean: Arabako abeltzaintza eta nekazaritza sektore estrategikotzat hartzeko\u00a0 - UAGA\" \/>\n<meta property=\"og:description\" content=\"UAGAk, Araba Bizirik eta Bionekazaritza, lurraldearen eta lehenengo sektorearen aldeko mobilizazio berri bat deitu dugu ekainaren 1erako. Ostegun honetan,\u00a0 deialdia aurkeztu dugu prentsaurreko baten bidez. Lurraldea erabateko zaurgarritasun egoera batean dagoela ohartaraziz; izan ere, behin betiko okupazio eta \u00a0degradazio dituen ingurune naturala eta landa-gunea hautsiz. Hemen kontsulta dezakezu gaur egun planteatutako proiektuen mapa Ziur gaude [&hellip;]\" \/>\n<meta property=\"og:url\" content=\"https:\/\/www.uaga.eus\/1-de-junio-movilizacion-ganaderia-y-agricultura-alavesa-sector-estrategico\/\" \/>\n<meta property=\"og:site_name\" content=\"UAGA\" \/>\n<meta property=\"article:published_time\" content=\"2024-05-17T13:19:00+00:00\" \/>\n<meta property=\"article:modified_time\" content=\"2024-05-17T13:24:16+00:00\" \/>\n<meta property=\"og:image\" content=\"https:\/\/www.uaga.eus\/wp-content\/uploads\/2024\/05\/240516-rueda-de-prensa.jpg\" \/>\n\t<meta property=\"og:image:width\" content=\"650\" \/>\n\t<meta property=\"og:image:height\" content=\"366\" \/>\n\t<meta property=\"og:image:type\" content=\"image\/jpeg\" \/>\n<meta name=\"author\" content=\"Blanca S\u00e1nchez\" \/>\n<meta name=\"twitter:card\" content=\"summary_large_image\" \/>\n<meta name=\"twitter:label1\" content=\"Written by\" \/>\n\t<meta name=\"twitter:data1\" content=\"Blanca S\u00e1nchez\" \/>\n\t<meta name=\"twitter:label2\" content=\"Est. reading time\" \/>\n\t<meta name=\"twitter:data2\" content=\"3 minutua\" \/>\n<script type=\"application\/ld+json\" class=\"yoast-schema-graph\">{\"@context\":\"https:\/\/schema.org\",\"@graph\":[{\"@type\":\"WebPage\",\"@id\":\"https:\/\/www.uaga.eus\/1-de-junio-movilizacion-ganaderia-y-agricultura-alavesa-sector-estrategico\/\",\"url\":\"https:\/\/www.uaga.eus\/1-de-junio-movilizacion-ganaderia-y-agricultura-alavesa-sector-estrategico\/\",\"name\":\"Mobilizazioa Ekainaren 1ean: Arabako abeltzaintza eta nekazaritza sektore estrategikotzat hartzeko\u00a0 - UAGA\",\"isPartOf\":{\"@id\":\"https:\/\/www.uaga.eus\/#website\"},\"datePublished\":\"2024-05-17T13:19:00+00:00\",\"dateModified\":\"2024-05-17T13:24:16+00:00\",\"author\":{\"@id\":\"https:\/\/www.uaga.eus\/#\/schema\/person\/48c3cbf0f33d1b788226dbb6518689cf\"},\"breadcrumb\":{\"@id\":\"https:\/\/www.uaga.eus\/1-de-junio-movilizacion-ganaderia-y-agricultura-alavesa-sector-estrategico\/#breadcrumb\"},\"inLanguage\":\"eu\",\"potentialAction\":[{\"@type\":\"ReadAction\",\"target\":[\"https:\/\/www.uaga.eus\/1-de-junio-movilizacion-ganaderia-y-agricultura-alavesa-sector-estrategico\/\"]}]},{\"@type\":\"BreadcrumbList\",\"@id\":\"https:\/\/www.uaga.eus\/1-de-junio-movilizacion-ganaderia-y-agricultura-alavesa-sector-estrategico\/#breadcrumb\",\"itemListElement\":[{\"@type\":\"ListItem\",\"position\":1,\"name\":\"Inicio\",\"item\":\"https:\/\/www.uaga.eus\/\"},{\"@type\":\"ListItem\",\"position\":2,\"name\":\"1 de junio, movilizaci\u00f3n: por la ganader\u00eda y agricultura alavesa como sector estrat\u00e9gico\"}]},{\"@type\":\"WebSite\",\"@id\":\"https:\/\/www.uaga.eus\/#website\",\"url\":\"https:\/\/www.uaga.eus\/\",\"name\":\"UAGA\",\"description\":\"Uni\u00f3n Agroganadera de \u00c1lava - Araba Nekazarien Elkartea\",\"potentialAction\":[{\"@type\":\"SearchAction\",\"target\":{\"@type\":\"EntryPoint\",\"urlTemplate\":\"https:\/\/www.uaga.eus\/?s={search_term_string}\"},\"query-input\":\"required name=search_term_string\"}],\"inLanguage\":\"eu\"},{\"@type\":\"Person\",\"@id\":\"https:\/\/www.uaga.eus\/#\/schema\/person\/48c3cbf0f33d1b788226dbb6518689cf\",\"name\":\"Blanca S\u00e1nchez\",\"image\":{\"@type\":\"ImageObject\",\"inLanguage\":\"eu\",\"@id\":\"https:\/\/www.uaga.eus\/#\/schema\/person\/image\/\",\"url\":\"https:\/\/secure.gravatar.com\/avatar\/0dc91c20648254b1ce84877283f6751b?s=96&d=mm&r=g\",\"contentUrl\":\"https:\/\/secure.gravatar.com\/avatar\/0dc91c20648254b1ce84877283f6751b?s=96&d=mm&r=g\",\"caption\":\"Blanca S\u00e1nchez\"},\"url\":\"https:\/\/www.uaga.eus\/eu\/author\/bsanchez\/\"}]}<\/script>\n<!-- \/ Yoast SEO plugin. -->","yoast_head_json":{"title":"Mobilizazioa Ekainaren 1ean: Arabako abeltzaintza eta nekazaritza sektore estrategikotzat hartzeko\u00a0 - UAGA","robots":{"index":"index","follow":"follow","max-snippet":"max-snippet:-1","max-image-preview":"max-image-preview:large","max-video-preview":"max-video-preview:-1"},"canonical":"https:\/\/www.uaga.eus\/1-de-junio-movilizacion-ganaderia-y-agricultura-alavesa-sector-estrategico\/","og_locale":"en_US","og_type":"article","og_title":"Mobilizazioa Ekainaren 1ean: Arabako abeltzaintza eta nekazaritza sektore estrategikotzat hartzeko\u00a0 - UAGA","og_description":"UAGAk, Araba Bizirik eta Bionekazaritza, lurraldearen eta lehenengo sektorearen aldeko mobilizazio berri bat deitu dugu ekainaren 1erako. Ostegun honetan,\u00a0 deialdia aurkeztu dugu prentsaurreko baten bidez. Lurraldea erabateko zaurgarritasun egoera batean dagoela ohartaraziz; izan ere, behin betiko okupazio eta \u00a0degradazio dituen ingurune naturala eta landa-gunea hautsiz. Hemen kontsulta dezakezu gaur egun planteatutako proiektuen mapa Ziur gaude [&hellip;]","og_url":"https:\/\/www.uaga.eus\/1-de-junio-movilizacion-ganaderia-y-agricultura-alavesa-sector-estrategico\/","og_site_name":"UAGA","article_published_time":"2024-05-17T13:19:00+00:00","article_modified_time":"2024-05-17T13:24:16+00:00","og_image":[{"width":650,"height":366,"url":"https:\/\/www.uaga.eus\/wp-content\/uploads\/2024\/05\/240516-rueda-de-prensa.jpg","type":"image\/jpeg"}],"author":"Blanca S\u00e1nchez","twitter_card":"summary_large_image","twitter_misc":{"Written by":"Blanca S\u00e1nchez","Est. reading time":"3 minutua"},"schema":{"@context":"https:\/\/schema.org","@graph":[{"@type":"WebPage","@id":"https:\/\/www.uaga.eus\/1-de-junio-movilizacion-ganaderia-y-agricultura-alavesa-sector-estrategico\/","url":"https:\/\/www.uaga.eus\/1-de-junio-movilizacion-ganaderia-y-agricultura-alavesa-sector-estrategico\/","name":"Mobilizazioa Ekainaren 1ean: Arabako abeltzaintza eta nekazaritza sektore estrategikotzat hartzeko\u00a0 - UAGA","isPartOf":{"@id":"https:\/\/www.uaga.eus\/#website"},"datePublished":"2024-05-17T13:19:00+00:00","dateModified":"2024-05-17T13:24:16+00:00","author":{"@id":"https:\/\/www.uaga.eus\/#\/schema\/person\/48c3cbf0f33d1b788226dbb6518689cf"},"breadcrumb":{"@id":"https:\/\/www.uaga.eus\/1-de-junio-movilizacion-ganaderia-y-agricultura-alavesa-sector-estrategico\/#breadcrumb"},"inLanguage":"eu","potentialAction":[{"@type":"ReadAction","target":["https:\/\/www.uaga.eus\/1-de-junio-movilizacion-ganaderia-y-agricultura-alavesa-sector-estrategico\/"]}]},{"@type":"BreadcrumbList","@id":"https:\/\/www.uaga.eus\/1-de-junio-movilizacion-ganaderia-y-agricultura-alavesa-sector-estrategico\/#breadcrumb","itemListElement":[{"@type":"ListItem","position":1,"name":"Inicio","item":"https:\/\/www.uaga.eus\/"},{"@type":"ListItem","position":2,"name":"1 de junio, movilizaci\u00f3n: por la ganader\u00eda y agricultura alavesa como sector estrat\u00e9gico"}]},{"@type":"WebSite","@id":"https:\/\/www.uaga.eus\/#website","url":"https:\/\/www.uaga.eus\/","name":"UAGA","description":"Uni\u00f3n Agroganadera de \u00c1lava - Araba Nekazarien Elkartea","potentialAction":[{"@type":"SearchAction","target":{"@type":"EntryPoint","urlTemplate":"https:\/\/www.uaga.eus\/?s={search_term_string}"},"query-input":"required name=search_term_string"}],"inLanguage":"eu"},{"@type":"Person","@id":"https:\/\/www.uaga.eus\/#\/schema\/person\/48c3cbf0f33d1b788226dbb6518689cf","name":"Blanca S\u00e1nchez","image":{"@type":"ImageObject","inLanguage":"eu","@id":"https:\/\/www.uaga.eus\/#\/schema\/person\/image\/","url":"https:\/\/secure.gravatar.com\/avatar\/0dc91c20648254b1ce84877283f6751b?s=96&d=mm&r=g","contentUrl":"https:\/\/secure.gravatar.com\/avatar\/0dc91c20648254b1ce84877283f6751b?s=96&d=mm&r=g","caption":"Blanca S\u00e1nchez"},"url":"https:\/\/www.uaga.eus\/eu\/author\/bsanchez\/"}]}},"_links":{"self":[{"href":"https:\/\/www.uaga.eus\/eu\/wp-json\/wp\/v2\/posts\/12670"}],"collection":[{"href":"https:\/\/www.uaga.eus\/eu\/wp-json\/wp\/v2\/posts"}],"about":[{"href":"https:\/\/www.uaga.eus\/eu\/wp-json\/wp\/v2\/types\/post"}],"author":[{"embeddable":true,"href":"https:\/\/www.uaga.eus\/eu\/wp-json\/wp\/v2\/users\/4"}],"replies":[{"embeddable":true,"href":"https:\/\/www.uaga.eus\/eu\/wp-json\/wp\/v2\/comments?post=12670"}],"version-history":[{"count":4,"href":"https:\/\/www.uaga.eus\/eu\/wp-json\/wp\/v2\/posts\/12670\/revisions"}],"predecessor-version":[{"id":12676,"href":"https:\/\/www.uaga.eus\/eu\/wp-json\/wp\/v2\/posts\/12670\/revisions\/12676"}],"wp:featuredmedia":[{"embeddable":true,"href":"https:\/\/www.uaga.eus\/eu\/wp-json\/wp\/v2\/media\/12671"}],"wp:attachment":[{"href":"https:\/\/www.uaga.eus\/eu\/wp-json\/wp\/v2\/media?parent=12670"}],"wp:term":[{"taxonomy":"category","embeddable":true,"href":"https:\/\/www.uaga.eus\/eu\/wp-json\/wp\/v2\/categories?post=12670"},{"taxonomy":"post_tag","embeddable":true,"href":"https:\/\/www.uaga.eus\/eu\/wp-json\/wp\/v2\/tags?post=12670"}],"curies":[{"name":"wp","href":"https:\/\/api.w.org\/{rel}","templated":true}]}}