{"id":12561,"date":"2024-04-26T11:59:30","date_gmt":"2024-04-26T11:59:30","guid":{"rendered":"https:\/\/www.uaga.eus\/?p=12561"},"modified":"2024-04-26T12:03:59","modified_gmt":"2024-04-26T12:03:59","slug":"uaga-participa-en-la-reunion-de-coag-sobre-la-situacion-del-sector-de-herbaceos-2","status":"publish","type":"post","link":"https:\/\/www.uaga.eus\/eu\/uaga-participa-en-la-reunion-de-coag-sobre-la-situacion-del-sector-de-herbaceos-2\/","title":{"rendered":"UAGAk belarki-laboreen sektorearen egoerari buruzko COAGen bileran parte hartu du"},"content":{"rendered":"<p>UAGAk belarki-laboreen sektorearen egungo egoerari buruzko COAGen bileran parte hartu du aste honetan.<\/p>\n<p>UAGAtik Arabako zenbait eremutan ematen ari den euriteen eskasiaren egoeraren kexka azaldu dugu, baita antzematen ari diren zereal-birosien kasuekin ere. Izan ere, kasu hauek laboreen garapen eskasa eragiten dute eta ekoizpena arriskuan jar dezakete.<\/p>\n<p>COAGek Ministerioari helaraziko dizkion gaiak jorratu ziren, hala nola azken 3 kanpainetan Estatuko zenbait eremutan ematen ari den lehorte larria, zerealaren ekoizpena arriskuan jartzen duena, merkatuko prezioetan hirugarren herrialdeetatik (Ukraina edo Brasil) datozen prezio baxuko inportazioek sortutako egoera zaila, edo azken urteetan lehorteak eragindako ezbeharren ondorioz aseguruen prezioen igoera\u00a0nabarmena.<\/p>","protected":false},"excerpt":{"rendered":"<p>UAGAk belarki-laboreen sektorearen egungo egoerari buruzko COAGen bileran parte hartu du aste honetan. UAGAtik Arabako zenbait eremutan ematen ari den euriteen eskasiaren egoeraren kexka azaldu dugu, baita antzematen ari diren zereal-birosien kasuekin ere. Izan ere, kasu hauek laboreen garapen eskasa eragiten dute eta ekoizpena arriskuan jar dezakete. COAGek Ministerioari helaraziko dizkion gaiak jorratu ziren, hala [&hellip;]<\/p>\n","protected":false},"author":4,"featured_media":7973,"comment_status":"closed","ping_status":"closed","sticky":false,"template":"","format":"standard","meta":{"footnotes":""},"categories":[7,3],"tags":[],"yoast_head":"<!-- This site is optimized with the Yoast SEO plugin v21.5 - https:\/\/yoast.com\/wordpress\/plugins\/seo\/ -->\n<title>UAGAk belarki-laboreen sektorearen egoerari buruzko COAGen bileran parte hartu du - UAGA<\/title>\n<meta name=\"robots\" content=\"index, follow, max-snippet:-1, max-image-preview:large, max-video-preview:-1\" \/>\n<link rel=\"canonical\" href=\"https:\/\/www.uaga.eus\/uaga-participa-en-la-reunion-de-coag-sobre-la-situacion-del-sector-de-herbaceos-2\/\" \/>\n<meta property=\"og:locale\" content=\"en_US\" \/>\n<meta property=\"og:type\" content=\"article\" \/>\n<meta property=\"og:title\" content=\"UAGAk belarki-laboreen sektorearen egoerari buruzko COAGen bileran parte hartu du - UAGA\" \/>\n<meta property=\"og:description\" content=\"UAGAk belarki-laboreen sektorearen egungo egoerari buruzko COAGen bileran parte hartu du aste honetan. UAGAtik Arabako zenbait eremutan ematen ari den euriteen eskasiaren egoeraren kexka azaldu dugu, baita antzematen ari diren zereal-birosien kasuekin ere. Izan ere, kasu hauek laboreen garapen eskasa eragiten dute eta ekoizpena arriskuan jar dezakete. COAGek Ministerioari helaraziko dizkion gaiak jorratu ziren, hala [&hellip;]\" \/>\n<meta property=\"og:url\" content=\"https:\/\/www.uaga.eus\/uaga-participa-en-la-reunion-de-coag-sobre-la-situacion-del-sector-de-herbaceos-2\/\" \/>\n<meta property=\"og:site_name\" content=\"UAGA\" \/>\n<meta property=\"article:published_time\" content=\"2024-04-26T11:59:30+00:00\" \/>\n<meta property=\"article:modified_time\" content=\"2024-04-26T12:03:59+00:00\" \/>\n<meta property=\"og:image\" content=\"https:\/\/www.uaga.eus\/wp-content\/uploads\/2020\/09\/trigo-1.jpg\" \/>\n\t<meta property=\"og:image:width\" content=\"650\" \/>\n\t<meta property=\"og:image:height\" content=\"366\" \/>\n\t<meta property=\"og:image:type\" content=\"image\/jpeg\" \/>\n<meta name=\"author\" content=\"Blanca S\u00e1nchez\" \/>\n<meta name=\"twitter:card\" content=\"summary_large_image\" \/>\n<meta name=\"twitter:label1\" content=\"Written by\" \/>\n\t<meta name=\"twitter:data1\" content=\"Blanca S\u00e1nchez\" \/>\n\t<meta name=\"twitter:label2\" content=\"Est. reading time\" \/>\n\t<meta name=\"twitter:data2\" content=\"2 minutua\" \/>\n<script type=\"application\/ld+json\" class=\"yoast-schema-graph\">{\"@context\":\"https:\/\/schema.org\",\"@graph\":[{\"@type\":\"WebPage\",\"@id\":\"https:\/\/www.uaga.eus\/uaga-participa-en-la-reunion-de-coag-sobre-la-situacion-del-sector-de-herbaceos-2\/\",\"url\":\"https:\/\/www.uaga.eus\/uaga-participa-en-la-reunion-de-coag-sobre-la-situacion-del-sector-de-herbaceos-2\/\",\"name\":\"UAGAk belarki-laboreen sektorearen egoerari buruzko COAGen bileran parte hartu du - UAGA\",\"isPartOf\":{\"@id\":\"https:\/\/www.uaga.eus\/#website\"},\"datePublished\":\"2024-04-26T11:59:30+00:00\",\"dateModified\":\"2024-04-26T12:03:59+00:00\",\"author\":{\"@id\":\"https:\/\/www.uaga.eus\/#\/schema\/person\/48c3cbf0f33d1b788226dbb6518689cf\"},\"breadcrumb\":{\"@id\":\"https:\/\/www.uaga.eus\/uaga-participa-en-la-reunion-de-coag-sobre-la-situacion-del-sector-de-herbaceos-2\/#breadcrumb\"},\"inLanguage\":\"eu\",\"potentialAction\":[{\"@type\":\"ReadAction\",\"target\":[\"https:\/\/www.uaga.eus\/uaga-participa-en-la-reunion-de-coag-sobre-la-situacion-del-sector-de-herbaceos-2\/\"]}]},{\"@type\":\"BreadcrumbList\",\"@id\":\"https:\/\/www.uaga.eus\/uaga-participa-en-la-reunion-de-coag-sobre-la-situacion-del-sector-de-herbaceos-2\/#breadcrumb\",\"itemListElement\":[{\"@type\":\"ListItem\",\"position\":1,\"name\":\"Inicio\",\"item\":\"https:\/\/www.uaga.eus\/\"},{\"@type\":\"ListItem\",\"position\":2,\"name\":\"UAGA participa en la reuni\u00f3n de COAG sobre la situaci\u00f3n del sector de herb\u00e1ceos\"}]},{\"@type\":\"WebSite\",\"@id\":\"https:\/\/www.uaga.eus\/#website\",\"url\":\"https:\/\/www.uaga.eus\/\",\"name\":\"UAGA\",\"description\":\"Uni\u00f3n Agroganadera de \u00c1lava - Araba Nekazarien Elkartea\",\"potentialAction\":[{\"@type\":\"SearchAction\",\"target\":{\"@type\":\"EntryPoint\",\"urlTemplate\":\"https:\/\/www.uaga.eus\/?s={search_term_string}\"},\"query-input\":\"required name=search_term_string\"}],\"inLanguage\":\"eu\"},{\"@type\":\"Person\",\"@id\":\"https:\/\/www.uaga.eus\/#\/schema\/person\/48c3cbf0f33d1b788226dbb6518689cf\",\"name\":\"Blanca S\u00e1nchez\",\"image\":{\"@type\":\"ImageObject\",\"inLanguage\":\"eu\",\"@id\":\"https:\/\/www.uaga.eus\/#\/schema\/person\/image\/\",\"url\":\"https:\/\/secure.gravatar.com\/avatar\/0dc91c20648254b1ce84877283f6751b?s=96&d=mm&r=g\",\"contentUrl\":\"https:\/\/secure.gravatar.com\/avatar\/0dc91c20648254b1ce84877283f6751b?s=96&d=mm&r=g\",\"caption\":\"Blanca S\u00e1nchez\"},\"url\":\"https:\/\/www.uaga.eus\/eu\/author\/bsanchez\/\"}]}<\/script>\n<!-- \/ Yoast SEO plugin. -->","yoast_head_json":{"title":"UAGAk belarki-laboreen sektorearen egoerari buruzko COAGen bileran parte hartu du - UAGA","robots":{"index":"index","follow":"follow","max-snippet":"max-snippet:-1","max-image-preview":"max-image-preview:large","max-video-preview":"max-video-preview:-1"},"canonical":"https:\/\/www.uaga.eus\/uaga-participa-en-la-reunion-de-coag-sobre-la-situacion-del-sector-de-herbaceos-2\/","og_locale":"en_US","og_type":"article","og_title":"UAGAk belarki-laboreen sektorearen egoerari buruzko COAGen bileran parte hartu du - UAGA","og_description":"UAGAk belarki-laboreen sektorearen egungo egoerari buruzko COAGen bileran parte hartu du aste honetan. UAGAtik Arabako zenbait eremutan ematen ari den euriteen eskasiaren egoeraren kexka azaldu dugu, baita antzematen ari diren zereal-birosien kasuekin ere. Izan ere, kasu hauek laboreen garapen eskasa eragiten dute eta ekoizpena arriskuan jar dezakete. COAGek Ministerioari helaraziko dizkion gaiak jorratu ziren, hala [&hellip;]","og_url":"https:\/\/www.uaga.eus\/uaga-participa-en-la-reunion-de-coag-sobre-la-situacion-del-sector-de-herbaceos-2\/","og_site_name":"UAGA","article_published_time":"2024-04-26T11:59:30+00:00","article_modified_time":"2024-04-26T12:03:59+00:00","og_image":[{"width":650,"height":366,"url":"https:\/\/www.uaga.eus\/wp-content\/uploads\/2020\/09\/trigo-1.jpg","type":"image\/jpeg"}],"author":"Blanca S\u00e1nchez","twitter_card":"summary_large_image","twitter_misc":{"Written by":"Blanca S\u00e1nchez","Est. reading time":"2 minutua"},"schema":{"@context":"https:\/\/schema.org","@graph":[{"@type":"WebPage","@id":"https:\/\/www.uaga.eus\/uaga-participa-en-la-reunion-de-coag-sobre-la-situacion-del-sector-de-herbaceos-2\/","url":"https:\/\/www.uaga.eus\/uaga-participa-en-la-reunion-de-coag-sobre-la-situacion-del-sector-de-herbaceos-2\/","name":"UAGAk belarki-laboreen sektorearen egoerari buruzko COAGen bileran parte hartu du - UAGA","isPartOf":{"@id":"https:\/\/www.uaga.eus\/#website"},"datePublished":"2024-04-26T11:59:30+00:00","dateModified":"2024-04-26T12:03:59+00:00","author":{"@id":"https:\/\/www.uaga.eus\/#\/schema\/person\/48c3cbf0f33d1b788226dbb6518689cf"},"breadcrumb":{"@id":"https:\/\/www.uaga.eus\/uaga-participa-en-la-reunion-de-coag-sobre-la-situacion-del-sector-de-herbaceos-2\/#breadcrumb"},"inLanguage":"eu","potentialAction":[{"@type":"ReadAction","target":["https:\/\/www.uaga.eus\/uaga-participa-en-la-reunion-de-coag-sobre-la-situacion-del-sector-de-herbaceos-2\/"]}]},{"@type":"BreadcrumbList","@id":"https:\/\/www.uaga.eus\/uaga-participa-en-la-reunion-de-coag-sobre-la-situacion-del-sector-de-herbaceos-2\/#breadcrumb","itemListElement":[{"@type":"ListItem","position":1,"name":"Inicio","item":"https:\/\/www.uaga.eus\/"},{"@type":"ListItem","position":2,"name":"UAGA participa en la reuni\u00f3n de COAG sobre la situaci\u00f3n del sector de herb\u00e1ceos"}]},{"@type":"WebSite","@id":"https:\/\/www.uaga.eus\/#website","url":"https:\/\/www.uaga.eus\/","name":"UAGA","description":"Uni\u00f3n Agroganadera de \u00c1lava - Araba Nekazarien Elkartea","potentialAction":[{"@type":"SearchAction","target":{"@type":"EntryPoint","urlTemplate":"https:\/\/www.uaga.eus\/?s={search_term_string}"},"query-input":"required name=search_term_string"}],"inLanguage":"eu"},{"@type":"Person","@id":"https:\/\/www.uaga.eus\/#\/schema\/person\/48c3cbf0f33d1b788226dbb6518689cf","name":"Blanca S\u00e1nchez","image":{"@type":"ImageObject","inLanguage":"eu","@id":"https:\/\/www.uaga.eus\/#\/schema\/person\/image\/","url":"https:\/\/secure.gravatar.com\/avatar\/0dc91c20648254b1ce84877283f6751b?s=96&d=mm&r=g","contentUrl":"https:\/\/secure.gravatar.com\/avatar\/0dc91c20648254b1ce84877283f6751b?s=96&d=mm&r=g","caption":"Blanca S\u00e1nchez"},"url":"https:\/\/www.uaga.eus\/eu\/author\/bsanchez\/"}]}},"_links":{"self":[{"href":"https:\/\/www.uaga.eus\/eu\/wp-json\/wp\/v2\/posts\/12561"}],"collection":[{"href":"https:\/\/www.uaga.eus\/eu\/wp-json\/wp\/v2\/posts"}],"about":[{"href":"https:\/\/www.uaga.eus\/eu\/wp-json\/wp\/v2\/types\/post"}],"author":[{"embeddable":true,"href":"https:\/\/www.uaga.eus\/eu\/wp-json\/wp\/v2\/users\/4"}],"replies":[{"embeddable":true,"href":"https:\/\/www.uaga.eus\/eu\/wp-json\/wp\/v2\/comments?post=12561"}],"version-history":[{"count":1,"href":"https:\/\/www.uaga.eus\/eu\/wp-json\/wp\/v2\/posts\/12561\/revisions"}],"predecessor-version":[{"id":12562,"href":"https:\/\/www.uaga.eus\/eu\/wp-json\/wp\/v2\/posts\/12561\/revisions\/12562"}],"wp:featuredmedia":[{"embeddable":true,"href":"https:\/\/www.uaga.eus\/eu\/wp-json\/wp\/v2\/media\/7973"}],"wp:attachment":[{"href":"https:\/\/www.uaga.eus\/eu\/wp-json\/wp\/v2\/media?parent=12561"}],"wp:term":[{"taxonomy":"category","embeddable":true,"href":"https:\/\/www.uaga.eus\/eu\/wp-json\/wp\/v2\/categories?post=12561"},{"taxonomy":"post_tag","embeddable":true,"href":"https:\/\/www.uaga.eus\/eu\/wp-json\/wp\/v2\/tags?post=12561"}],"curies":[{"name":"wp","href":"https:\/\/api.w.org\/{rel}","templated":true}]}}