{"id":12489,"date":"2024-04-12T13:04:10","date_gmt":"2024-04-12T13:04:10","guid":{"rendered":"https:\/\/www.uaga.eus\/?p=12489"},"modified":"2024-04-12T13:04:10","modified_gmt":"2024-04-12T13:04:10","slug":"manana-sabado-manifestacion-en-azpetia-en-defensa-del-territorio","status":"publish","type":"post","link":"https:\/\/www.uaga.eus\/eu\/manana-sabado-manifestacion-en-azpetia-en-defensa-del-territorio\/","title":{"rendered":"Bihar, larunbata, Lurraldearen aldeko manifestazioa Azpetian"},"content":{"rendered":"<p>Lurraren defentsan Euskal Herria Bizirik sareak, azpiegitura egitasmo eta proiektu oldarkorren aurka borrokan ari diren mugimendu eta taldeak biltzen dituenak, <a href=\"https:\/\/mcusercontent.com\/498b950ccfc4b8d0e600d7e48\/images\/c6a75f09-acd5-4f31-40c6-95cc83b7cf58.jpg\" target=\"_blank\" rel=\"noopener\" data-cke-saved-href=\"https:\/\/mcusercontent.com\/498b950ccfc4b8d0e600d7e48\/images\/c6a75f09-acd5-4f31-40c6-95cc83b7cf58.jpg\">manifestazio <\/a>handi bat deitu du larunbaterako, apirilak 13, Azpeitian.<\/p>\n<p>Ingurune naturalaren suntsipenak ez du etenik, eta gobernuek makroproiektu eolikoen eta eguzki-proiektuen ezarpenarekin bultzatzen duten trantsizio energetiko korporatiboak krisi ekologiko eta sozialera eraman gaituzten jarraibide desarrollista berberak errepikatzen ditu. Horregatik, manifestaziora deitu dute, naturguneen eta landa-ingurunearen aurka egiten duten makroproiektuekiko gaitzespen sozial handia dagoela erakusteko. Manifestu bat ere egin da, <a href=\"https:\/\/megaproiektumanifestua.blogspot.com\/\" target=\"_blank\" rel=\"noopener\" data-cke-saved-href=\"https:\/\/megaproiektumanifestua.blogspot.com\/\">hemen <\/a>kontsultatu eta sina dezakezuna.<\/p>\n<p>Manifestazioa arratsaldeko 6etan abiatuko da herriko plazatik, baina egun osoan zehar tailerrak, hitzaldiak eta bazkari herrikoia egingo dira. Programa <a href=\"https:\/\/mcusercontent.com\/498b950ccfc4b8d0e600d7e48\/images\/d500106e-f0ec-fc70-202a-a41b593464d9.jpeg\" target=\"_blank\" rel=\"noopener\" data-cke-saved-href=\"https:\/\/mcusercontent.com\/498b950ccfc4b8d0e600d7e48\/images\/d500106e-f0ec-fc70-202a-a41b593464d9.jpeg\">hemen<\/a> kontsulta\u00a0dezakezu.<\/p>","protected":false},"excerpt":{"rendered":"<p>Lurraren defentsan Euskal Herria Bizirik sareak, azpiegitura egitasmo eta proiektu oldarkorren aurka borrokan ari diren mugimendu eta taldeak biltzen dituenak, manifestazio handi bat deitu du larunbaterako, apirilak 13, Azpeitian. Ingurune naturalaren suntsipenak ez du etenik, eta gobernuek makroproiektu eolikoen eta eguzki-proiektuen ezarpenarekin bultzatzen duten trantsizio energetiko korporatiboak krisi ekologiko eta sozialera eraman gaituzten jarraibide desarrollista [&hellip;]<\/p>\n","protected":false},"author":4,"featured_media":12490,"comment_status":"closed","ping_status":"closed","sticky":false,"template":"","format":"standard","meta":{"footnotes":""},"categories":[11,3],"tags":[],"yoast_head":"<!-- This site is optimized with the Yoast SEO plugin v21.5 - https:\/\/yoast.com\/wordpress\/plugins\/seo\/ -->\n<title>Bihar, larunbata, Lurraldearen aldeko manifestazioa Azpetian - UAGA<\/title>\n<meta name=\"robots\" content=\"index, follow, max-snippet:-1, max-image-preview:large, max-video-preview:-1\" \/>\n<link rel=\"canonical\" href=\"https:\/\/www.uaga.eus\/manana-sabado-manifestacion-en-azpetia-en-defensa-del-territorio\/\" \/>\n<meta property=\"og:locale\" content=\"en_US\" \/>\n<meta property=\"og:type\" content=\"article\" \/>\n<meta property=\"og:title\" content=\"Bihar, larunbata, Lurraldearen aldeko manifestazioa Azpetian - UAGA\" \/>\n<meta property=\"og:description\" content=\"Lurraren defentsan Euskal Herria Bizirik sareak, azpiegitura egitasmo eta proiektu oldarkorren aurka borrokan ari diren mugimendu eta taldeak biltzen dituenak, manifestazio handi bat deitu du larunbaterako, apirilak 13, Azpeitian. Ingurune naturalaren suntsipenak ez du etenik, eta gobernuek makroproiektu eolikoen eta eguzki-proiektuen ezarpenarekin bultzatzen duten trantsizio energetiko korporatiboak krisi ekologiko eta sozialera eraman gaituzten jarraibide desarrollista [&hellip;]\" \/>\n<meta property=\"og:url\" content=\"https:\/\/www.uaga.eus\/manana-sabado-manifestacion-en-azpetia-en-defensa-del-territorio\/\" \/>\n<meta property=\"og:site_name\" content=\"UAGA\" \/>\n<meta property=\"article:published_time\" content=\"2024-04-12T13:04:10+00:00\" \/>\n<meta property=\"og:image\" content=\"https:\/\/www.uaga.eus\/wp-content\/uploads\/2024\/04\/Kartela-Manifestazioa.jpg\" \/>\n\t<meta property=\"og:image:width\" content=\"650\" \/>\n\t<meta property=\"og:image:height\" content=\"363\" \/>\n\t<meta property=\"og:image:type\" content=\"image\/jpeg\" \/>\n<meta name=\"author\" content=\"Blanca S\u00e1nchez\" \/>\n<meta name=\"twitter:card\" content=\"summary_large_image\" \/>\n<meta name=\"twitter:label1\" content=\"Written by\" \/>\n\t<meta name=\"twitter:data1\" content=\"Blanca S\u00e1nchez\" \/>\n\t<meta name=\"twitter:label2\" content=\"Est. reading time\" \/>\n\t<meta name=\"twitter:data2\" content=\"1 minutua\" \/>\n<script type=\"application\/ld+json\" class=\"yoast-schema-graph\">{\"@context\":\"https:\/\/schema.org\",\"@graph\":[{\"@type\":\"WebPage\",\"@id\":\"https:\/\/www.uaga.eus\/manana-sabado-manifestacion-en-azpetia-en-defensa-del-territorio\/\",\"url\":\"https:\/\/www.uaga.eus\/manana-sabado-manifestacion-en-azpetia-en-defensa-del-territorio\/\",\"name\":\"Bihar, larunbata, Lurraldearen aldeko manifestazioa Azpetian - UAGA\",\"isPartOf\":{\"@id\":\"https:\/\/www.uaga.eus\/#website\"},\"datePublished\":\"2024-04-12T13:04:10+00:00\",\"dateModified\":\"2024-04-12T13:04:10+00:00\",\"author\":{\"@id\":\"https:\/\/www.uaga.eus\/#\/schema\/person\/48c3cbf0f33d1b788226dbb6518689cf\"},\"breadcrumb\":{\"@id\":\"https:\/\/www.uaga.eus\/manana-sabado-manifestacion-en-azpetia-en-defensa-del-territorio\/#breadcrumb\"},\"inLanguage\":\"eu\",\"potentialAction\":[{\"@type\":\"ReadAction\",\"target\":[\"https:\/\/www.uaga.eus\/manana-sabado-manifestacion-en-azpetia-en-defensa-del-territorio\/\"]}]},{\"@type\":\"BreadcrumbList\",\"@id\":\"https:\/\/www.uaga.eus\/manana-sabado-manifestacion-en-azpetia-en-defensa-del-territorio\/#breadcrumb\",\"itemListElement\":[{\"@type\":\"ListItem\",\"position\":1,\"name\":\"Inicio\",\"item\":\"https:\/\/www.uaga.eus\/\"},{\"@type\":\"ListItem\",\"position\":2,\"name\":\"Ma\u00f1ana s\u00e1bado, manifestaci\u00f3n en Azpetia en defensa del Territorio\"}]},{\"@type\":\"WebSite\",\"@id\":\"https:\/\/www.uaga.eus\/#website\",\"url\":\"https:\/\/www.uaga.eus\/\",\"name\":\"UAGA\",\"description\":\"Uni\u00f3n Agroganadera de \u00c1lava - Araba Nekazarien Elkartea\",\"potentialAction\":[{\"@type\":\"SearchAction\",\"target\":{\"@type\":\"EntryPoint\",\"urlTemplate\":\"https:\/\/www.uaga.eus\/?s={search_term_string}\"},\"query-input\":\"required name=search_term_string\"}],\"inLanguage\":\"eu\"},{\"@type\":\"Person\",\"@id\":\"https:\/\/www.uaga.eus\/#\/schema\/person\/48c3cbf0f33d1b788226dbb6518689cf\",\"name\":\"Blanca S\u00e1nchez\",\"image\":{\"@type\":\"ImageObject\",\"inLanguage\":\"eu\",\"@id\":\"https:\/\/www.uaga.eus\/#\/schema\/person\/image\/\",\"url\":\"https:\/\/secure.gravatar.com\/avatar\/0dc91c20648254b1ce84877283f6751b?s=96&d=mm&r=g\",\"contentUrl\":\"https:\/\/secure.gravatar.com\/avatar\/0dc91c20648254b1ce84877283f6751b?s=96&d=mm&r=g\",\"caption\":\"Blanca S\u00e1nchez\"},\"url\":\"https:\/\/www.uaga.eus\/eu\/author\/bsanchez\/\"}]}<\/script>\n<!-- \/ Yoast SEO plugin. -->","yoast_head_json":{"title":"Bihar, larunbata, Lurraldearen aldeko manifestazioa Azpetian - UAGA","robots":{"index":"index","follow":"follow","max-snippet":"max-snippet:-1","max-image-preview":"max-image-preview:large","max-video-preview":"max-video-preview:-1"},"canonical":"https:\/\/www.uaga.eus\/manana-sabado-manifestacion-en-azpetia-en-defensa-del-territorio\/","og_locale":"en_US","og_type":"article","og_title":"Bihar, larunbata, Lurraldearen aldeko manifestazioa Azpetian - UAGA","og_description":"Lurraren defentsan Euskal Herria Bizirik sareak, azpiegitura egitasmo eta proiektu oldarkorren aurka borrokan ari diren mugimendu eta taldeak biltzen dituenak, manifestazio handi bat deitu du larunbaterako, apirilak 13, Azpeitian. Ingurune naturalaren suntsipenak ez du etenik, eta gobernuek makroproiektu eolikoen eta eguzki-proiektuen ezarpenarekin bultzatzen duten trantsizio energetiko korporatiboak krisi ekologiko eta sozialera eraman gaituzten jarraibide desarrollista [&hellip;]","og_url":"https:\/\/www.uaga.eus\/manana-sabado-manifestacion-en-azpetia-en-defensa-del-territorio\/","og_site_name":"UAGA","article_published_time":"2024-04-12T13:04:10+00:00","og_image":[{"width":650,"height":363,"url":"https:\/\/www.uaga.eus\/wp-content\/uploads\/2024\/04\/Kartela-Manifestazioa.jpg","type":"image\/jpeg"}],"author":"Blanca S\u00e1nchez","twitter_card":"summary_large_image","twitter_misc":{"Written by":"Blanca S\u00e1nchez","Est. reading time":"1 minutua"},"schema":{"@context":"https:\/\/schema.org","@graph":[{"@type":"WebPage","@id":"https:\/\/www.uaga.eus\/manana-sabado-manifestacion-en-azpetia-en-defensa-del-territorio\/","url":"https:\/\/www.uaga.eus\/manana-sabado-manifestacion-en-azpetia-en-defensa-del-territorio\/","name":"Bihar, larunbata, Lurraldearen aldeko manifestazioa Azpetian - UAGA","isPartOf":{"@id":"https:\/\/www.uaga.eus\/#website"},"datePublished":"2024-04-12T13:04:10+00:00","dateModified":"2024-04-12T13:04:10+00:00","author":{"@id":"https:\/\/www.uaga.eus\/#\/schema\/person\/48c3cbf0f33d1b788226dbb6518689cf"},"breadcrumb":{"@id":"https:\/\/www.uaga.eus\/manana-sabado-manifestacion-en-azpetia-en-defensa-del-territorio\/#breadcrumb"},"inLanguage":"eu","potentialAction":[{"@type":"ReadAction","target":["https:\/\/www.uaga.eus\/manana-sabado-manifestacion-en-azpetia-en-defensa-del-territorio\/"]}]},{"@type":"BreadcrumbList","@id":"https:\/\/www.uaga.eus\/manana-sabado-manifestacion-en-azpetia-en-defensa-del-territorio\/#breadcrumb","itemListElement":[{"@type":"ListItem","position":1,"name":"Inicio","item":"https:\/\/www.uaga.eus\/"},{"@type":"ListItem","position":2,"name":"Ma\u00f1ana s\u00e1bado, manifestaci\u00f3n en Azpetia en defensa del Territorio"}]},{"@type":"WebSite","@id":"https:\/\/www.uaga.eus\/#website","url":"https:\/\/www.uaga.eus\/","name":"UAGA","description":"Uni\u00f3n Agroganadera de \u00c1lava - Araba Nekazarien Elkartea","potentialAction":[{"@type":"SearchAction","target":{"@type":"EntryPoint","urlTemplate":"https:\/\/www.uaga.eus\/?s={search_term_string}"},"query-input":"required name=search_term_string"}],"inLanguage":"eu"},{"@type":"Person","@id":"https:\/\/www.uaga.eus\/#\/schema\/person\/48c3cbf0f33d1b788226dbb6518689cf","name":"Blanca S\u00e1nchez","image":{"@type":"ImageObject","inLanguage":"eu","@id":"https:\/\/www.uaga.eus\/#\/schema\/person\/image\/","url":"https:\/\/secure.gravatar.com\/avatar\/0dc91c20648254b1ce84877283f6751b?s=96&d=mm&r=g","contentUrl":"https:\/\/secure.gravatar.com\/avatar\/0dc91c20648254b1ce84877283f6751b?s=96&d=mm&r=g","caption":"Blanca S\u00e1nchez"},"url":"https:\/\/www.uaga.eus\/eu\/author\/bsanchez\/"}]}},"_links":{"self":[{"href":"https:\/\/www.uaga.eus\/eu\/wp-json\/wp\/v2\/posts\/12489"}],"collection":[{"href":"https:\/\/www.uaga.eus\/eu\/wp-json\/wp\/v2\/posts"}],"about":[{"href":"https:\/\/www.uaga.eus\/eu\/wp-json\/wp\/v2\/types\/post"}],"author":[{"embeddable":true,"href":"https:\/\/www.uaga.eus\/eu\/wp-json\/wp\/v2\/users\/4"}],"replies":[{"embeddable":true,"href":"https:\/\/www.uaga.eus\/eu\/wp-json\/wp\/v2\/comments?post=12489"}],"version-history":[{"count":1,"href":"https:\/\/www.uaga.eus\/eu\/wp-json\/wp\/v2\/posts\/12489\/revisions"}],"predecessor-version":[{"id":12491,"href":"https:\/\/www.uaga.eus\/eu\/wp-json\/wp\/v2\/posts\/12489\/revisions\/12491"}],"wp:featuredmedia":[{"embeddable":true,"href":"https:\/\/www.uaga.eus\/eu\/wp-json\/wp\/v2\/media\/12490"}],"wp:attachment":[{"href":"https:\/\/www.uaga.eus\/eu\/wp-json\/wp\/v2\/media?parent=12489"}],"wp:term":[{"taxonomy":"category","embeddable":true,"href":"https:\/\/www.uaga.eus\/eu\/wp-json\/wp\/v2\/categories?post=12489"},{"taxonomy":"post_tag","embeddable":true,"href":"https:\/\/www.uaga.eus\/eu\/wp-json\/wp\/v2\/tags?post=12489"}],"curies":[{"name":"wp","href":"https:\/\/api.w.org\/{rel}","templated":true}]}}