{"id":12469,"date":"2024-03-27T12:55:23","date_gmt":"2024-03-27T12:55:23","guid":{"rendered":"https:\/\/www.uaga.eus\/?p=12469"},"modified":"2024-03-27T13:22:38","modified_gmt":"2024-03-27T13:22:38","slug":"tav-comunicacion-de-ocupacion-temporal-de-fincas-en-el-tramo-manzanos-iruna-de-oca","status":"publish","type":"post","link":"https:\/\/www.uaga.eus\/eu\/tav-comunicacion-de-ocupacion-temporal-de-fincas-en-el-tramo-manzanos-iruna-de-oca\/","title":{"rendered":"AHT: Manzanos-Iru\u00f1a Oka tartean lursailak aldi baterako okupazioaren komunikazioa"},"content":{"rendered":"<p>Azken egunotan, ADIF jakinarazpenak bidaltzen ari zaie Manzanos-Iru\u00f1a Oka tartean Abiadura Handiko Trenaren ibilbideak eragindako lursailen jabeei. Lursailen aldi baterako okupazioaren berri eman dute, informazio-azterlan baten esparruan aldez aurreko lanak egiteko.<\/p>\n<p>Garrantzitsua da eragindako lursailen egoera berrikustea, lanak proiektuan aurreikusitakoaren arabera egiten direla ziurtatzea, ikasketak egiten diren bitartean gehiegikeriarik ez egotea edo okupazio-denboran aparteko kalterik edo gehiegizko kalterik ez eragitea, besteak beste.<\/p>\n<p>UAGA-AGAk planteamendu bateratua egingo du interesa duten kaltetu guztientzat. Informazio gehiago nahi izanez gero, jarri harremanetan UAGArekin (Sugoi) edo AGArekin (Mikel\u00a0&#8211;\u00a0Silvana).<\/p>","protected":false},"excerpt":{"rendered":"<p>Azken egunotan, ADIF jakinarazpenak bidaltzen ari zaie Manzanos-Iru\u00f1a Oka tartean Abiadura Handiko Trenaren ibilbideak eragindako lursailen jabeei. Lursailen aldi baterako okupazioaren berri eman dute, informazio-azterlan baten esparruan aldez aurreko lanak egiteko. Garrantzitsua da eragindako lursailen egoera berrikustea, lanak proiektuan aurreikusitakoaren arabera egiten direla ziurtatzea, ikasketak egiten diren bitartean gehiegikeriarik ez egotea edo okupazio-denboran aparteko kalterik [&hellip;]<\/p>\n","protected":false},"author":4,"featured_media":2164,"comment_status":"closed","ping_status":"closed","sticky":false,"template":"","format":"standard","meta":{"footnotes":""},"categories":[11],"tags":[],"yoast_head":"<!-- This site is optimized with the Yoast SEO plugin v21.5 - https:\/\/yoast.com\/wordpress\/plugins\/seo\/ -->\n<title>AHT: Manzanos-Iru\u00f1a Oka tartean lursailak aldi baterako okupazioaren komunikazioa - UAGA<\/title>\n<meta name=\"robots\" content=\"index, follow, max-snippet:-1, max-image-preview:large, max-video-preview:-1\" \/>\n<link rel=\"canonical\" href=\"https:\/\/www.uaga.eus\/tav-comunicacion-de-ocupacion-temporal-de-fincas-en-el-tramo-manzanos-iruna-de-oca\/\" \/>\n<meta property=\"og:locale\" content=\"en_US\" \/>\n<meta property=\"og:type\" content=\"article\" \/>\n<meta property=\"og:title\" content=\"AHT: Manzanos-Iru\u00f1a Oka tartean lursailak aldi baterako okupazioaren komunikazioa - UAGA\" \/>\n<meta property=\"og:description\" content=\"Azken egunotan, ADIF jakinarazpenak bidaltzen ari zaie Manzanos-Iru\u00f1a Oka tartean Abiadura Handiko Trenaren ibilbideak eragindako lursailen jabeei. Lursailen aldi baterako okupazioaren berri eman dute, informazio-azterlan baten esparruan aldez aurreko lanak egiteko. Garrantzitsua da eragindako lursailen egoera berrikustea, lanak proiektuan aurreikusitakoaren arabera egiten direla ziurtatzea, ikasketak egiten diren bitartean gehiegikeriarik ez egotea edo okupazio-denboran aparteko kalterik [&hellip;]\" \/>\n<meta property=\"og:url\" content=\"https:\/\/www.uaga.eus\/tav-comunicacion-de-ocupacion-temporal-de-fincas-en-el-tramo-manzanos-iruna-de-oca\/\" \/>\n<meta property=\"og:site_name\" content=\"UAGA\" \/>\n<meta property=\"article:published_time\" content=\"2024-03-27T12:55:23+00:00\" \/>\n<meta property=\"article:modified_time\" content=\"2024-03-27T13:22:38+00:00\" \/>\n<meta property=\"og:image\" content=\"https:\/\/www.uaga.eus\/wp-content\/uploads\/2018\/03\/AVE_Tarragona-Madrid-e1521034270546.jpg\" \/>\n\t<meta property=\"og:image:width\" content=\"700\" \/>\n\t<meta property=\"og:image:height\" content=\"525\" \/>\n\t<meta property=\"og:image:type\" content=\"image\/jpeg\" \/>\n<meta name=\"author\" content=\"Blanca S\u00e1nchez\" \/>\n<meta name=\"twitter:card\" content=\"summary_large_image\" \/>\n<meta name=\"twitter:label1\" content=\"Written by\" \/>\n\t<meta name=\"twitter:data1\" content=\"Blanca S\u00e1nchez\" \/>\n\t<meta name=\"twitter:label2\" content=\"Est. reading time\" \/>\n\t<meta name=\"twitter:data2\" content=\"1 minutua\" \/>\n<script type=\"application\/ld+json\" class=\"yoast-schema-graph\">{\"@context\":\"https:\/\/schema.org\",\"@graph\":[{\"@type\":\"WebPage\",\"@id\":\"https:\/\/www.uaga.eus\/tav-comunicacion-de-ocupacion-temporal-de-fincas-en-el-tramo-manzanos-iruna-de-oca\/\",\"url\":\"https:\/\/www.uaga.eus\/tav-comunicacion-de-ocupacion-temporal-de-fincas-en-el-tramo-manzanos-iruna-de-oca\/\",\"name\":\"AHT: Manzanos-Iru\u00f1a Oka tartean lursailak aldi baterako okupazioaren komunikazioa - UAGA\",\"isPartOf\":{\"@id\":\"https:\/\/www.uaga.eus\/#website\"},\"datePublished\":\"2024-03-27T12:55:23+00:00\",\"dateModified\":\"2024-03-27T13:22:38+00:00\",\"author\":{\"@id\":\"https:\/\/www.uaga.eus\/#\/schema\/person\/48c3cbf0f33d1b788226dbb6518689cf\"},\"breadcrumb\":{\"@id\":\"https:\/\/www.uaga.eus\/tav-comunicacion-de-ocupacion-temporal-de-fincas-en-el-tramo-manzanos-iruna-de-oca\/#breadcrumb\"},\"inLanguage\":\"eu\",\"potentialAction\":[{\"@type\":\"ReadAction\",\"target\":[\"https:\/\/www.uaga.eus\/tav-comunicacion-de-ocupacion-temporal-de-fincas-en-el-tramo-manzanos-iruna-de-oca\/\"]}]},{\"@type\":\"BreadcrumbList\",\"@id\":\"https:\/\/www.uaga.eus\/tav-comunicacion-de-ocupacion-temporal-de-fincas-en-el-tramo-manzanos-iruna-de-oca\/#breadcrumb\",\"itemListElement\":[{\"@type\":\"ListItem\",\"position\":1,\"name\":\"Inicio\",\"item\":\"https:\/\/www.uaga.eus\/\"},{\"@type\":\"ListItem\",\"position\":2,\"name\":\"TAV: comunicaci\u00f3n de ocupaci\u00f3n temporal de fincas en el tramo Manzanos-Iru\u00f1a de Oca\"}]},{\"@type\":\"WebSite\",\"@id\":\"https:\/\/www.uaga.eus\/#website\",\"url\":\"https:\/\/www.uaga.eus\/\",\"name\":\"UAGA\",\"description\":\"Uni\u00f3n Agroganadera de \u00c1lava - Araba Nekazarien Elkartea\",\"potentialAction\":[{\"@type\":\"SearchAction\",\"target\":{\"@type\":\"EntryPoint\",\"urlTemplate\":\"https:\/\/www.uaga.eus\/?s={search_term_string}\"},\"query-input\":\"required name=search_term_string\"}],\"inLanguage\":\"eu\"},{\"@type\":\"Person\",\"@id\":\"https:\/\/www.uaga.eus\/#\/schema\/person\/48c3cbf0f33d1b788226dbb6518689cf\",\"name\":\"Blanca S\u00e1nchez\",\"image\":{\"@type\":\"ImageObject\",\"inLanguage\":\"eu\",\"@id\":\"https:\/\/www.uaga.eus\/#\/schema\/person\/image\/\",\"url\":\"https:\/\/secure.gravatar.com\/avatar\/0dc91c20648254b1ce84877283f6751b?s=96&d=mm&r=g\",\"contentUrl\":\"https:\/\/secure.gravatar.com\/avatar\/0dc91c20648254b1ce84877283f6751b?s=96&d=mm&r=g\",\"caption\":\"Blanca S\u00e1nchez\"},\"url\":\"https:\/\/www.uaga.eus\/eu\/author\/bsanchez\/\"}]}<\/script>\n<!-- \/ Yoast SEO plugin. -->","yoast_head_json":{"title":"AHT: Manzanos-Iru\u00f1a Oka tartean lursailak aldi baterako okupazioaren komunikazioa - UAGA","robots":{"index":"index","follow":"follow","max-snippet":"max-snippet:-1","max-image-preview":"max-image-preview:large","max-video-preview":"max-video-preview:-1"},"canonical":"https:\/\/www.uaga.eus\/tav-comunicacion-de-ocupacion-temporal-de-fincas-en-el-tramo-manzanos-iruna-de-oca\/","og_locale":"en_US","og_type":"article","og_title":"AHT: Manzanos-Iru\u00f1a Oka tartean lursailak aldi baterako okupazioaren komunikazioa - UAGA","og_description":"Azken egunotan, ADIF jakinarazpenak bidaltzen ari zaie Manzanos-Iru\u00f1a Oka tartean Abiadura Handiko Trenaren ibilbideak eragindako lursailen jabeei. Lursailen aldi baterako okupazioaren berri eman dute, informazio-azterlan baten esparruan aldez aurreko lanak egiteko. Garrantzitsua da eragindako lursailen egoera berrikustea, lanak proiektuan aurreikusitakoaren arabera egiten direla ziurtatzea, ikasketak egiten diren bitartean gehiegikeriarik ez egotea edo okupazio-denboran aparteko kalterik [&hellip;]","og_url":"https:\/\/www.uaga.eus\/tav-comunicacion-de-ocupacion-temporal-de-fincas-en-el-tramo-manzanos-iruna-de-oca\/","og_site_name":"UAGA","article_published_time":"2024-03-27T12:55:23+00:00","article_modified_time":"2024-03-27T13:22:38+00:00","og_image":[{"width":700,"height":525,"url":"https:\/\/www.uaga.eus\/wp-content\/uploads\/2018\/03\/AVE_Tarragona-Madrid-e1521034270546.jpg","type":"image\/jpeg"}],"author":"Blanca S\u00e1nchez","twitter_card":"summary_large_image","twitter_misc":{"Written by":"Blanca S\u00e1nchez","Est. reading time":"1 minutua"},"schema":{"@context":"https:\/\/schema.org","@graph":[{"@type":"WebPage","@id":"https:\/\/www.uaga.eus\/tav-comunicacion-de-ocupacion-temporal-de-fincas-en-el-tramo-manzanos-iruna-de-oca\/","url":"https:\/\/www.uaga.eus\/tav-comunicacion-de-ocupacion-temporal-de-fincas-en-el-tramo-manzanos-iruna-de-oca\/","name":"AHT: Manzanos-Iru\u00f1a Oka tartean lursailak aldi baterako okupazioaren komunikazioa - UAGA","isPartOf":{"@id":"https:\/\/www.uaga.eus\/#website"},"datePublished":"2024-03-27T12:55:23+00:00","dateModified":"2024-03-27T13:22:38+00:00","author":{"@id":"https:\/\/www.uaga.eus\/#\/schema\/person\/48c3cbf0f33d1b788226dbb6518689cf"},"breadcrumb":{"@id":"https:\/\/www.uaga.eus\/tav-comunicacion-de-ocupacion-temporal-de-fincas-en-el-tramo-manzanos-iruna-de-oca\/#breadcrumb"},"inLanguage":"eu","potentialAction":[{"@type":"ReadAction","target":["https:\/\/www.uaga.eus\/tav-comunicacion-de-ocupacion-temporal-de-fincas-en-el-tramo-manzanos-iruna-de-oca\/"]}]},{"@type":"BreadcrumbList","@id":"https:\/\/www.uaga.eus\/tav-comunicacion-de-ocupacion-temporal-de-fincas-en-el-tramo-manzanos-iruna-de-oca\/#breadcrumb","itemListElement":[{"@type":"ListItem","position":1,"name":"Inicio","item":"https:\/\/www.uaga.eus\/"},{"@type":"ListItem","position":2,"name":"TAV: comunicaci\u00f3n de ocupaci\u00f3n temporal de fincas en el tramo Manzanos-Iru\u00f1a de Oca"}]},{"@type":"WebSite","@id":"https:\/\/www.uaga.eus\/#website","url":"https:\/\/www.uaga.eus\/","name":"UAGA","description":"Uni\u00f3n Agroganadera de \u00c1lava - Araba Nekazarien Elkartea","potentialAction":[{"@type":"SearchAction","target":{"@type":"EntryPoint","urlTemplate":"https:\/\/www.uaga.eus\/?s={search_term_string}"},"query-input":"required name=search_term_string"}],"inLanguage":"eu"},{"@type":"Person","@id":"https:\/\/www.uaga.eus\/#\/schema\/person\/48c3cbf0f33d1b788226dbb6518689cf","name":"Blanca S\u00e1nchez","image":{"@type":"ImageObject","inLanguage":"eu","@id":"https:\/\/www.uaga.eus\/#\/schema\/person\/image\/","url":"https:\/\/secure.gravatar.com\/avatar\/0dc91c20648254b1ce84877283f6751b?s=96&d=mm&r=g","contentUrl":"https:\/\/secure.gravatar.com\/avatar\/0dc91c20648254b1ce84877283f6751b?s=96&d=mm&r=g","caption":"Blanca S\u00e1nchez"},"url":"https:\/\/www.uaga.eus\/eu\/author\/bsanchez\/"}]}},"_links":{"self":[{"href":"https:\/\/www.uaga.eus\/eu\/wp-json\/wp\/v2\/posts\/12469"}],"collection":[{"href":"https:\/\/www.uaga.eus\/eu\/wp-json\/wp\/v2\/posts"}],"about":[{"href":"https:\/\/www.uaga.eus\/eu\/wp-json\/wp\/v2\/types\/post"}],"author":[{"embeddable":true,"href":"https:\/\/www.uaga.eus\/eu\/wp-json\/wp\/v2\/users\/4"}],"replies":[{"embeddable":true,"href":"https:\/\/www.uaga.eus\/eu\/wp-json\/wp\/v2\/comments?post=12469"}],"version-history":[{"count":1,"href":"https:\/\/www.uaga.eus\/eu\/wp-json\/wp\/v2\/posts\/12469\/revisions"}],"predecessor-version":[{"id":12471,"href":"https:\/\/www.uaga.eus\/eu\/wp-json\/wp\/v2\/posts\/12469\/revisions\/12471"}],"wp:featuredmedia":[{"embeddable":true,"href":"https:\/\/www.uaga.eus\/eu\/wp-json\/wp\/v2\/media\/2164"}],"wp:attachment":[{"href":"https:\/\/www.uaga.eus\/eu\/wp-json\/wp\/v2\/media?parent=12469"}],"wp:term":[{"taxonomy":"category","embeddable":true,"href":"https:\/\/www.uaga.eus\/eu\/wp-json\/wp\/v2\/categories?post=12469"},{"taxonomy":"post_tag","embeddable":true,"href":"https:\/\/www.uaga.eus\/eu\/wp-json\/wp\/v2\/tags?post=12469"}],"curies":[{"name":"wp","href":"https:\/\/api.w.org\/{rel}","templated":true}]}}