{"id":12449,"date":"2024-04-19T11:40:30","date_gmt":"2024-04-19T11:40:30","guid":{"rendered":"https:\/\/www.uaga.eus\/?p=12449"},"modified":"2024-04-19T11:55:23","modified_gmt":"2024-04-19T11:55:23","slug":"como-veo-mi-pueblo-concurso-artistico-para-ninos-y-jovenes-para-el-dia-del-mundo-rural","status":"publish","type":"post","link":"https:\/\/www.uaga.eus\/eu\/como-veo-mi-pueblo-concurso-artistico-para-ninos-y-jovenes-para-el-dia-del-mundo-rural\/","title":{"rendered":"\u00abNola ikusten dut nire herria\u00bb, Landa Munduaren Egunerako haur eta gazteentzako lehiaketa artistikoa"},"content":{"rendered":"<p>Landa Munduaren Eguna dela eta, Caritasek, ACOArekin, Arabako Landa Eremuko Kristauekin, Gure Soroarekin, Landa Inguruneko Emakumeen Sarearekin eta UAGArekin batera, 4 eta 16 urte bitarteko haurrei zuzendutako lehiaketa antolatu dugu, belaunaldi berriek beren herrietako bizitza nola ikusten duten jakiteko.<\/p>\n<p>Artearen bidez egitea nahi dugu eta, horregatik, marrazketa, kontaketa, argazki eta bideo modalitateak proposatzen dizkizuegu, bakoitzaren adinari dagokion kategoriaren arabera.<\/p>\n<p>Lehiaketan parte hartzeko ezinbestekoa da landa eremuan bizitzea eta lanak 2024ko apirilaren 26a baino lehen aurkeztea. Lehiaketaren erabakia maiatzaren bigarren astean izango da, eta sari-banaketa, maiatzaren 17an. <a href=\"https:\/\/mcusercontent.com\/498b950ccfc4b8d0e600d7e48\/files\/8eb3244a-13c3-9f2a-ac8a-25a66a3a3596\/Tr_iacute_ptico_DMR2024_digital_baja.pdf\" target=\"_blank\" rel=\"noopener\" data-cke-saved-href=\"https:\/\/mcusercontent.com\/498b950ccfc4b8d0e600d7e48\/files\/8eb3244a-13c3-9f2a-ac8a-25a66a3a3596\/Tr_iacute_ptico_DMR2024_digital_baja.pdf\">Triptiko informatiboa<\/a> eta <a href=\"https:\/\/mcusercontent.com\/498b950ccfc4b8d0e600d7e48\/files\/fbc01a85-4062-6e0f-0a0f-7a47e2024db3\/Bases_DMRA_2024_compressed.pdf\" target=\"_blank\" rel=\"noopener\" data-cke-saved-href=\"https:\/\/mcusercontent.com\/498b950ccfc4b8d0e600d7e48\/files\/fbc01a85-4062-6e0f-0a0f-7a47e2024db3\/Bases_DMRA_2024_compressed.pdf\">lehiaketaren oinarriak<\/a> hemen deskarga ditzakezu.<\/p>","protected":false},"excerpt":{"rendered":"<p>Landa Munduaren Eguna dela eta, Caritasek, ACOArekin, Arabako Landa Eremuko Kristauekin, Gure Soroarekin, Landa Inguruneko Emakumeen Sarearekin eta UAGArekin batera, 4 eta 16 urte bitarteko haurrei zuzendutako lehiaketa antolatu dugu, belaunaldi berriek beren herrietako bizitza nola ikusten duten jakiteko. Artearen bidez egitea nahi dugu eta, horregatik, marrazketa, kontaketa, argazki eta bideo modalitateak proposatzen dizkizuegu, bakoitzaren [&hellip;]<\/p>\n","protected":false},"author":4,"featured_media":12451,"comment_status":"closed","ping_status":"closed","sticky":false,"template":"","format":"standard","meta":{"footnotes":""},"categories":[37],"tags":[],"yoast_head":"<!-- This site is optimized with the Yoast SEO plugin v21.5 - https:\/\/yoast.com\/wordpress\/plugins\/seo\/ -->\n<title>\u00abNola ikusten dut nire herria\u00bb, Landa Munduaren Egunerako haur eta gazteentzako lehiaketa artistikoa - UAGA<\/title>\n<meta name=\"robots\" content=\"index, follow, max-snippet:-1, max-image-preview:large, max-video-preview:-1\" \/>\n<link rel=\"canonical\" href=\"https:\/\/www.uaga.eus\/como-veo-mi-pueblo-concurso-artistico-para-ninos-y-jovenes-para-el-dia-del-mundo-rural\/\" \/>\n<meta property=\"og:locale\" content=\"en_US\" \/>\n<meta property=\"og:type\" content=\"article\" \/>\n<meta property=\"og:title\" content=\"\u00abNola ikusten dut nire herria\u00bb, Landa Munduaren Egunerako haur eta gazteentzako lehiaketa artistikoa - UAGA\" \/>\n<meta property=\"og:description\" content=\"Landa Munduaren Eguna dela eta, Caritasek, ACOArekin, Arabako Landa Eremuko Kristauekin, Gure Soroarekin, Landa Inguruneko Emakumeen Sarearekin eta UAGArekin batera, 4 eta 16 urte bitarteko haurrei zuzendutako lehiaketa antolatu dugu, belaunaldi berriek beren herrietako bizitza nola ikusten duten jakiteko. Artearen bidez egitea nahi dugu eta, horregatik, marrazketa, kontaketa, argazki eta bideo modalitateak proposatzen dizkizuegu, bakoitzaren [&hellip;]\" \/>\n<meta property=\"og:url\" content=\"https:\/\/www.uaga.eus\/como-veo-mi-pueblo-concurso-artistico-para-ninos-y-jovenes-para-el-dia-del-mundo-rural\/\" \/>\n<meta property=\"og:site_name\" content=\"UAGA\" \/>\n<meta property=\"article:published_time\" content=\"2024-04-19T11:40:30+00:00\" \/>\n<meta property=\"article:modified_time\" content=\"2024-04-19T11:55:23+00:00\" \/>\n<meta property=\"og:image\" content=\"https:\/\/www.uaga.eus\/wp-content\/uploads\/2024\/03\/Cartel-DMR24.jpg\" \/>\n\t<meta property=\"og:image:width\" content=\"650\" \/>\n\t<meta property=\"og:image:height\" content=\"366\" \/>\n\t<meta property=\"og:image:type\" content=\"image\/jpeg\" \/>\n<meta name=\"author\" content=\"Blanca S\u00e1nchez\" \/>\n<meta name=\"twitter:card\" content=\"summary_large_image\" \/>\n<meta name=\"twitter:label1\" content=\"Written by\" \/>\n\t<meta name=\"twitter:data1\" content=\"Blanca S\u00e1nchez\" \/>\n\t<meta name=\"twitter:label2\" content=\"Est. reading time\" \/>\n\t<meta name=\"twitter:data2\" content=\"2 minutua\" \/>\n<script type=\"application\/ld+json\" class=\"yoast-schema-graph\">{\"@context\":\"https:\/\/schema.org\",\"@graph\":[{\"@type\":\"WebPage\",\"@id\":\"https:\/\/www.uaga.eus\/como-veo-mi-pueblo-concurso-artistico-para-ninos-y-jovenes-para-el-dia-del-mundo-rural\/\",\"url\":\"https:\/\/www.uaga.eus\/como-veo-mi-pueblo-concurso-artistico-para-ninos-y-jovenes-para-el-dia-del-mundo-rural\/\",\"name\":\"\u00abNola ikusten dut nire herria\u00bb, Landa Munduaren Egunerako haur eta gazteentzako lehiaketa artistikoa - UAGA\",\"isPartOf\":{\"@id\":\"https:\/\/www.uaga.eus\/#website\"},\"datePublished\":\"2024-04-19T11:40:30+00:00\",\"dateModified\":\"2024-04-19T11:55:23+00:00\",\"author\":{\"@id\":\"https:\/\/www.uaga.eus\/#\/schema\/person\/48c3cbf0f33d1b788226dbb6518689cf\"},\"breadcrumb\":{\"@id\":\"https:\/\/www.uaga.eus\/como-veo-mi-pueblo-concurso-artistico-para-ninos-y-jovenes-para-el-dia-del-mundo-rural\/#breadcrumb\"},\"inLanguage\":\"eu\",\"potentialAction\":[{\"@type\":\"ReadAction\",\"target\":[\"https:\/\/www.uaga.eus\/como-veo-mi-pueblo-concurso-artistico-para-ninos-y-jovenes-para-el-dia-del-mundo-rural\/\"]}]},{\"@type\":\"BreadcrumbList\",\"@id\":\"https:\/\/www.uaga.eus\/como-veo-mi-pueblo-concurso-artistico-para-ninos-y-jovenes-para-el-dia-del-mundo-rural\/#breadcrumb\",\"itemListElement\":[{\"@type\":\"ListItem\",\"position\":1,\"name\":\"Inicio\",\"item\":\"https:\/\/www.uaga.eus\/\"},{\"@type\":\"ListItem\",\"position\":2,\"name\":\"\u00abC\u00f3mo veo mi pueblo\u00bb, concurso art\u00edstico para ni\u00f1os y j\u00f3venes para el\u00a0D\u00eda del Mundo Rural\"}]},{\"@type\":\"WebSite\",\"@id\":\"https:\/\/www.uaga.eus\/#website\",\"url\":\"https:\/\/www.uaga.eus\/\",\"name\":\"UAGA\",\"description\":\"Uni\u00f3n Agroganadera de \u00c1lava - Araba Nekazarien Elkartea\",\"potentialAction\":[{\"@type\":\"SearchAction\",\"target\":{\"@type\":\"EntryPoint\",\"urlTemplate\":\"https:\/\/www.uaga.eus\/?s={search_term_string}\"},\"query-input\":\"required name=search_term_string\"}],\"inLanguage\":\"eu\"},{\"@type\":\"Person\",\"@id\":\"https:\/\/www.uaga.eus\/#\/schema\/person\/48c3cbf0f33d1b788226dbb6518689cf\",\"name\":\"Blanca S\u00e1nchez\",\"image\":{\"@type\":\"ImageObject\",\"inLanguage\":\"eu\",\"@id\":\"https:\/\/www.uaga.eus\/#\/schema\/person\/image\/\",\"url\":\"https:\/\/secure.gravatar.com\/avatar\/0dc91c20648254b1ce84877283f6751b?s=96&d=mm&r=g\",\"contentUrl\":\"https:\/\/secure.gravatar.com\/avatar\/0dc91c20648254b1ce84877283f6751b?s=96&d=mm&r=g\",\"caption\":\"Blanca S\u00e1nchez\"},\"url\":\"https:\/\/www.uaga.eus\/eu\/author\/bsanchez\/\"}]}<\/script>\n<!-- \/ Yoast SEO plugin. -->","yoast_head_json":{"title":"\u00abNola ikusten dut nire herria\u00bb, Landa Munduaren Egunerako haur eta gazteentzako lehiaketa artistikoa - UAGA","robots":{"index":"index","follow":"follow","max-snippet":"max-snippet:-1","max-image-preview":"max-image-preview:large","max-video-preview":"max-video-preview:-1"},"canonical":"https:\/\/www.uaga.eus\/como-veo-mi-pueblo-concurso-artistico-para-ninos-y-jovenes-para-el-dia-del-mundo-rural\/","og_locale":"en_US","og_type":"article","og_title":"\u00abNola ikusten dut nire herria\u00bb, Landa Munduaren Egunerako haur eta gazteentzako lehiaketa artistikoa - UAGA","og_description":"Landa Munduaren Eguna dela eta, Caritasek, ACOArekin, Arabako Landa Eremuko Kristauekin, Gure Soroarekin, Landa Inguruneko Emakumeen Sarearekin eta UAGArekin batera, 4 eta 16 urte bitarteko haurrei zuzendutako lehiaketa antolatu dugu, belaunaldi berriek beren herrietako bizitza nola ikusten duten jakiteko. Artearen bidez egitea nahi dugu eta, horregatik, marrazketa, kontaketa, argazki eta bideo modalitateak proposatzen dizkizuegu, bakoitzaren [&hellip;]","og_url":"https:\/\/www.uaga.eus\/como-veo-mi-pueblo-concurso-artistico-para-ninos-y-jovenes-para-el-dia-del-mundo-rural\/","og_site_name":"UAGA","article_published_time":"2024-04-19T11:40:30+00:00","article_modified_time":"2024-04-19T11:55:23+00:00","og_image":[{"width":650,"height":366,"url":"https:\/\/www.uaga.eus\/wp-content\/uploads\/2024\/03\/Cartel-DMR24.jpg","type":"image\/jpeg"}],"author":"Blanca S\u00e1nchez","twitter_card":"summary_large_image","twitter_misc":{"Written by":"Blanca S\u00e1nchez","Est. reading time":"2 minutua"},"schema":{"@context":"https:\/\/schema.org","@graph":[{"@type":"WebPage","@id":"https:\/\/www.uaga.eus\/como-veo-mi-pueblo-concurso-artistico-para-ninos-y-jovenes-para-el-dia-del-mundo-rural\/","url":"https:\/\/www.uaga.eus\/como-veo-mi-pueblo-concurso-artistico-para-ninos-y-jovenes-para-el-dia-del-mundo-rural\/","name":"\u00abNola ikusten dut nire herria\u00bb, Landa Munduaren Egunerako haur eta gazteentzako lehiaketa artistikoa - UAGA","isPartOf":{"@id":"https:\/\/www.uaga.eus\/#website"},"datePublished":"2024-04-19T11:40:30+00:00","dateModified":"2024-04-19T11:55:23+00:00","author":{"@id":"https:\/\/www.uaga.eus\/#\/schema\/person\/48c3cbf0f33d1b788226dbb6518689cf"},"breadcrumb":{"@id":"https:\/\/www.uaga.eus\/como-veo-mi-pueblo-concurso-artistico-para-ninos-y-jovenes-para-el-dia-del-mundo-rural\/#breadcrumb"},"inLanguage":"eu","potentialAction":[{"@type":"ReadAction","target":["https:\/\/www.uaga.eus\/como-veo-mi-pueblo-concurso-artistico-para-ninos-y-jovenes-para-el-dia-del-mundo-rural\/"]}]},{"@type":"BreadcrumbList","@id":"https:\/\/www.uaga.eus\/como-veo-mi-pueblo-concurso-artistico-para-ninos-y-jovenes-para-el-dia-del-mundo-rural\/#breadcrumb","itemListElement":[{"@type":"ListItem","position":1,"name":"Inicio","item":"https:\/\/www.uaga.eus\/"},{"@type":"ListItem","position":2,"name":"\u00abC\u00f3mo veo mi pueblo\u00bb, concurso art\u00edstico para ni\u00f1os y j\u00f3venes para el\u00a0D\u00eda del Mundo Rural"}]},{"@type":"WebSite","@id":"https:\/\/www.uaga.eus\/#website","url":"https:\/\/www.uaga.eus\/","name":"UAGA","description":"Uni\u00f3n Agroganadera de \u00c1lava - Araba Nekazarien Elkartea","potentialAction":[{"@type":"SearchAction","target":{"@type":"EntryPoint","urlTemplate":"https:\/\/www.uaga.eus\/?s={search_term_string}"},"query-input":"required name=search_term_string"}],"inLanguage":"eu"},{"@type":"Person","@id":"https:\/\/www.uaga.eus\/#\/schema\/person\/48c3cbf0f33d1b788226dbb6518689cf","name":"Blanca S\u00e1nchez","image":{"@type":"ImageObject","inLanguage":"eu","@id":"https:\/\/www.uaga.eus\/#\/schema\/person\/image\/","url":"https:\/\/secure.gravatar.com\/avatar\/0dc91c20648254b1ce84877283f6751b?s=96&d=mm&r=g","contentUrl":"https:\/\/secure.gravatar.com\/avatar\/0dc91c20648254b1ce84877283f6751b?s=96&d=mm&r=g","caption":"Blanca S\u00e1nchez"},"url":"https:\/\/www.uaga.eus\/eu\/author\/bsanchez\/"}]}},"_links":{"self":[{"href":"https:\/\/www.uaga.eus\/eu\/wp-json\/wp\/v2\/posts\/12449"}],"collection":[{"href":"https:\/\/www.uaga.eus\/eu\/wp-json\/wp\/v2\/posts"}],"about":[{"href":"https:\/\/www.uaga.eus\/eu\/wp-json\/wp\/v2\/types\/post"}],"author":[{"embeddable":true,"href":"https:\/\/www.uaga.eus\/eu\/wp-json\/wp\/v2\/users\/4"}],"replies":[{"embeddable":true,"href":"https:\/\/www.uaga.eus\/eu\/wp-json\/wp\/v2\/comments?post=12449"}],"version-history":[{"count":1,"href":"https:\/\/www.uaga.eus\/eu\/wp-json\/wp\/v2\/posts\/12449\/revisions"}],"predecessor-version":[{"id":12452,"href":"https:\/\/www.uaga.eus\/eu\/wp-json\/wp\/v2\/posts\/12449\/revisions\/12452"}],"wp:featuredmedia":[{"embeddable":true,"href":"https:\/\/www.uaga.eus\/eu\/wp-json\/wp\/v2\/media\/12451"}],"wp:attachment":[{"href":"https:\/\/www.uaga.eus\/eu\/wp-json\/wp\/v2\/media?parent=12449"}],"wp:term":[{"taxonomy":"category","embeddable":true,"href":"https:\/\/www.uaga.eus\/eu\/wp-json\/wp\/v2\/categories?post=12449"},{"taxonomy":"post_tag","embeddable":true,"href":"https:\/\/www.uaga.eus\/eu\/wp-json\/wp\/v2\/tags?post=12449"}],"curies":[{"name":"wp","href":"https:\/\/api.w.org\/{rel}","templated":true}]}}