{"id":12432,"date":"2024-03-21T20:12:16","date_gmt":"2024-03-21T20:12:16","guid":{"rendered":"https:\/\/www.uaga.eus\/?p=12432"},"modified":"2024-03-22T10:07:30","modified_gmt":"2024-03-22T10:07:30","slug":"tractorada-hasta-solaria-contra-la-industrializacion-del-campo-este-sabado-concentracion-y-tractorada-txiki","status":"publish","type":"post","link":"https:\/\/www.uaga.eus\/eu\/tractorada-hasta-solaria-contra-la-industrializacion-del-campo-este-sabado-concentracion-y-tractorada-txiki\/","title":{"rendered":"Lurraren industrializazioaren aurka Solariaraino traktorada. Larunbat honetan, kontzentrazioa eta traktorada txikia"},"content":{"rendered":"<p>Asteazkenean, UAGAk, Araba Bizirik, Bionekazaritza eta ATACArekin batera, Eusko Jaurlaritzatik abiatu eta Mi\u00f1aoko Solaria enpresaraino iritsi zen traktorada berri batean parte hartu genuen, energia jasangarriago baten aitzakiarekin landa-ingurunearen industrializazioak dakarren arriskuaz ohartarazteko, , gure lurraldearen merkantilizazioa ezkutatzen duten makroproiektu energetikoen bidez.<\/p>\n<p>Berriro gogoratu genuen ez gaudela energia berriztagarriaren aurka. Energia hori nola gauzatzen ari den kontra gaude, izan ere, energia konpainia handien onura ekonomikoa lehenetsi egiten da lehen sektorearen kontura. Eusko Jaurlaritzaren atarian irakurri zen <a href=\"https:\/\/mcusercontent.com\/498b950ccfc4b8d0e600d7e48\/files\/84214840-094d-abb3-105f-c3f574cae8e1\/240320_manifiesto_tractorada_mi_ntilde_ano.pdf\" target=\"_blank\" rel=\"noopener\" data-cke-saved-href=\"https:\/\/mcusercontent.com\/498b950ccfc4b8d0e600d7e48\/files\/84214840-094d-abb3-105f-c3f574cae8e1\/240320_manifiesto_tractorada_mi_ntilde_ano.pdf\">manifestua <\/a>hemen kontsulta dezakezu.<\/p>\n<p>Egoera hau are gehiago ikusarazteko eta haurrak eta adinekoak arazo honen partaide bihurtzeko, larunbatean traktorada txiki bat antolatu da. 11:30etan Andre Maria Zuriaren plazatik abiatuko da Aldundira arte iristeko. Han, elkarretaratzea egingo dugu 13:00etan. Parte hartzera gonbidatuta zaudete, etxeko txikien zain gaude bereziki. ANIMATU ETA PARTE HARTU!<\/p>","protected":false},"excerpt":{"rendered":"<p>Asteazkenean, UAGAk, Araba Bizirik, Bionekazaritza eta ATACArekin batera, Eusko Jaurlaritzatik abiatu eta Mi\u00f1aoko Solaria enpresaraino iritsi zen traktorada berri batean parte hartu genuen, energia jasangarriago baten aitzakiarekin landa-ingurunearen industrializazioak dakarren arriskuaz ohartarazteko, , gure lurraldearen merkantilizazioa ezkutatzen duten makroproiektu energetikoen bidez. Berriro gogoratu genuen ez gaudela energia berriztagarriaren aurka. Energia hori nola gauzatzen ari den [&hellip;]<\/p>\n","protected":false},"author":4,"featured_media":12433,"comment_status":"closed","ping_status":"closed","sticky":false,"template":"","format":"standard","meta":{"footnotes":""},"categories":[11,3],"tags":[],"yoast_head":"<!-- This site is optimized with the Yoast SEO plugin v21.5 - https:\/\/yoast.com\/wordpress\/plugins\/seo\/ -->\n<title>Lurraren industrializazioaren aurka Solariaraino traktorada. Larunbat honetan, kontzentrazioa eta traktorada txikia - UAGA<\/title>\n<meta name=\"robots\" content=\"index, follow, max-snippet:-1, max-image-preview:large, max-video-preview:-1\" \/>\n<link rel=\"canonical\" href=\"https:\/\/www.uaga.eus\/tractorada-hasta-solaria-contra-la-industrializacion-del-campo-este-sabado-concentracion-y-tractorada-txiki\/\" \/>\n<meta property=\"og:locale\" content=\"en_US\" \/>\n<meta property=\"og:type\" content=\"article\" \/>\n<meta property=\"og:title\" content=\"Lurraren industrializazioaren aurka Solariaraino traktorada. Larunbat honetan, kontzentrazioa eta traktorada txikia - UAGA\" \/>\n<meta property=\"og:description\" content=\"Asteazkenean, UAGAk, Araba Bizirik, Bionekazaritza eta ATACArekin batera, Eusko Jaurlaritzatik abiatu eta Mi\u00f1aoko Solaria enpresaraino iritsi zen traktorada berri batean parte hartu genuen, energia jasangarriago baten aitzakiarekin landa-ingurunearen industrializazioak dakarren arriskuaz ohartarazteko, , gure lurraldearen merkantilizazioa ezkutatzen duten makroproiektu energetikoen bidez. Berriro gogoratu genuen ez gaudela energia berriztagarriaren aurka. Energia hori nola gauzatzen ari den [&hellip;]\" \/>\n<meta property=\"og:url\" content=\"https:\/\/www.uaga.eus\/tractorada-hasta-solaria-contra-la-industrializacion-del-campo-este-sabado-concentracion-y-tractorada-txiki\/\" \/>\n<meta property=\"og:site_name\" content=\"UAGA\" \/>\n<meta property=\"article:published_time\" content=\"2024-03-21T20:12:16+00:00\" \/>\n<meta property=\"article:modified_time\" content=\"2024-03-22T10:07:30+00:00\" \/>\n<meta property=\"og:image\" content=\"https:\/\/www.uaga.eus\/wp-content\/uploads\/2024\/03\/tractorada-a-solaria.jpg\" \/>\n\t<meta property=\"og:image:width\" content=\"650\" \/>\n\t<meta property=\"og:image:height\" content=\"366\" \/>\n\t<meta property=\"og:image:type\" content=\"image\/jpeg\" \/>\n<meta name=\"author\" content=\"Blanca S\u00e1nchez\" \/>\n<meta name=\"twitter:card\" content=\"summary_large_image\" \/>\n<meta name=\"twitter:label1\" content=\"Written by\" \/>\n\t<meta name=\"twitter:data1\" content=\"Blanca S\u00e1nchez\" \/>\n\t<meta name=\"twitter:label2\" content=\"Est. reading time\" \/>\n\t<meta name=\"twitter:data2\" content=\"1 minutua\" \/>\n<script type=\"application\/ld+json\" class=\"yoast-schema-graph\">{\"@context\":\"https:\/\/schema.org\",\"@graph\":[{\"@type\":\"WebPage\",\"@id\":\"https:\/\/www.uaga.eus\/tractorada-hasta-solaria-contra-la-industrializacion-del-campo-este-sabado-concentracion-y-tractorada-txiki\/\",\"url\":\"https:\/\/www.uaga.eus\/tractorada-hasta-solaria-contra-la-industrializacion-del-campo-este-sabado-concentracion-y-tractorada-txiki\/\",\"name\":\"Lurraren industrializazioaren aurka Solariaraino traktorada. Larunbat honetan, kontzentrazioa eta traktorada txikia - UAGA\",\"isPartOf\":{\"@id\":\"https:\/\/www.uaga.eus\/#website\"},\"datePublished\":\"2024-03-21T20:12:16+00:00\",\"dateModified\":\"2024-03-22T10:07:30+00:00\",\"author\":{\"@id\":\"https:\/\/www.uaga.eus\/#\/schema\/person\/48c3cbf0f33d1b788226dbb6518689cf\"},\"breadcrumb\":{\"@id\":\"https:\/\/www.uaga.eus\/tractorada-hasta-solaria-contra-la-industrializacion-del-campo-este-sabado-concentracion-y-tractorada-txiki\/#breadcrumb\"},\"inLanguage\":\"eu\",\"potentialAction\":[{\"@type\":\"ReadAction\",\"target\":[\"https:\/\/www.uaga.eus\/tractorada-hasta-solaria-contra-la-industrializacion-del-campo-este-sabado-concentracion-y-tractorada-txiki\/\"]}]},{\"@type\":\"BreadcrumbList\",\"@id\":\"https:\/\/www.uaga.eus\/tractorada-hasta-solaria-contra-la-industrializacion-del-campo-este-sabado-concentracion-y-tractorada-txiki\/#breadcrumb\",\"itemListElement\":[{\"@type\":\"ListItem\",\"position\":1,\"name\":\"Inicio\",\"item\":\"https:\/\/www.uaga.eus\/\"},{\"@type\":\"ListItem\",\"position\":2,\"name\":\"Tractorada hasta Solaria contra la industrializaci\u00f3n del campo. Este s\u00e1bado, concentraci\u00f3n y tractorada txiki\"}]},{\"@type\":\"WebSite\",\"@id\":\"https:\/\/www.uaga.eus\/#website\",\"url\":\"https:\/\/www.uaga.eus\/\",\"name\":\"UAGA\",\"description\":\"Uni\u00f3n Agroganadera de \u00c1lava - Araba Nekazarien Elkartea\",\"potentialAction\":[{\"@type\":\"SearchAction\",\"target\":{\"@type\":\"EntryPoint\",\"urlTemplate\":\"https:\/\/www.uaga.eus\/?s={search_term_string}\"},\"query-input\":\"required name=search_term_string\"}],\"inLanguage\":\"eu\"},{\"@type\":\"Person\",\"@id\":\"https:\/\/www.uaga.eus\/#\/schema\/person\/48c3cbf0f33d1b788226dbb6518689cf\",\"name\":\"Blanca S\u00e1nchez\",\"image\":{\"@type\":\"ImageObject\",\"inLanguage\":\"eu\",\"@id\":\"https:\/\/www.uaga.eus\/#\/schema\/person\/image\/\",\"url\":\"https:\/\/secure.gravatar.com\/avatar\/0dc91c20648254b1ce84877283f6751b?s=96&d=mm&r=g\",\"contentUrl\":\"https:\/\/secure.gravatar.com\/avatar\/0dc91c20648254b1ce84877283f6751b?s=96&d=mm&r=g\",\"caption\":\"Blanca S\u00e1nchez\"},\"url\":\"https:\/\/www.uaga.eus\/eu\/author\/bsanchez\/\"}]}<\/script>\n<!-- \/ Yoast SEO plugin. -->","yoast_head_json":{"title":"Lurraren industrializazioaren aurka Solariaraino traktorada. Larunbat honetan, kontzentrazioa eta traktorada txikia - UAGA","robots":{"index":"index","follow":"follow","max-snippet":"max-snippet:-1","max-image-preview":"max-image-preview:large","max-video-preview":"max-video-preview:-1"},"canonical":"https:\/\/www.uaga.eus\/tractorada-hasta-solaria-contra-la-industrializacion-del-campo-este-sabado-concentracion-y-tractorada-txiki\/","og_locale":"en_US","og_type":"article","og_title":"Lurraren industrializazioaren aurka Solariaraino traktorada. Larunbat honetan, kontzentrazioa eta traktorada txikia - UAGA","og_description":"Asteazkenean, UAGAk, Araba Bizirik, Bionekazaritza eta ATACArekin batera, Eusko Jaurlaritzatik abiatu eta Mi\u00f1aoko Solaria enpresaraino iritsi zen traktorada berri batean parte hartu genuen, energia jasangarriago baten aitzakiarekin landa-ingurunearen industrializazioak dakarren arriskuaz ohartarazteko, , gure lurraldearen merkantilizazioa ezkutatzen duten makroproiektu energetikoen bidez. Berriro gogoratu genuen ez gaudela energia berriztagarriaren aurka. Energia hori nola gauzatzen ari den [&hellip;]","og_url":"https:\/\/www.uaga.eus\/tractorada-hasta-solaria-contra-la-industrializacion-del-campo-este-sabado-concentracion-y-tractorada-txiki\/","og_site_name":"UAGA","article_published_time":"2024-03-21T20:12:16+00:00","article_modified_time":"2024-03-22T10:07:30+00:00","og_image":[{"width":650,"height":366,"url":"https:\/\/www.uaga.eus\/wp-content\/uploads\/2024\/03\/tractorada-a-solaria.jpg","type":"image\/jpeg"}],"author":"Blanca S\u00e1nchez","twitter_card":"summary_large_image","twitter_misc":{"Written by":"Blanca S\u00e1nchez","Est. reading time":"1 minutua"},"schema":{"@context":"https:\/\/schema.org","@graph":[{"@type":"WebPage","@id":"https:\/\/www.uaga.eus\/tractorada-hasta-solaria-contra-la-industrializacion-del-campo-este-sabado-concentracion-y-tractorada-txiki\/","url":"https:\/\/www.uaga.eus\/tractorada-hasta-solaria-contra-la-industrializacion-del-campo-este-sabado-concentracion-y-tractorada-txiki\/","name":"Lurraren industrializazioaren aurka Solariaraino traktorada. Larunbat honetan, kontzentrazioa eta traktorada txikia - UAGA","isPartOf":{"@id":"https:\/\/www.uaga.eus\/#website"},"datePublished":"2024-03-21T20:12:16+00:00","dateModified":"2024-03-22T10:07:30+00:00","author":{"@id":"https:\/\/www.uaga.eus\/#\/schema\/person\/48c3cbf0f33d1b788226dbb6518689cf"},"breadcrumb":{"@id":"https:\/\/www.uaga.eus\/tractorada-hasta-solaria-contra-la-industrializacion-del-campo-este-sabado-concentracion-y-tractorada-txiki\/#breadcrumb"},"inLanguage":"eu","potentialAction":[{"@type":"ReadAction","target":["https:\/\/www.uaga.eus\/tractorada-hasta-solaria-contra-la-industrializacion-del-campo-este-sabado-concentracion-y-tractorada-txiki\/"]}]},{"@type":"BreadcrumbList","@id":"https:\/\/www.uaga.eus\/tractorada-hasta-solaria-contra-la-industrializacion-del-campo-este-sabado-concentracion-y-tractorada-txiki\/#breadcrumb","itemListElement":[{"@type":"ListItem","position":1,"name":"Inicio","item":"https:\/\/www.uaga.eus\/"},{"@type":"ListItem","position":2,"name":"Tractorada hasta Solaria contra la industrializaci\u00f3n del campo. Este s\u00e1bado, concentraci\u00f3n y tractorada txiki"}]},{"@type":"WebSite","@id":"https:\/\/www.uaga.eus\/#website","url":"https:\/\/www.uaga.eus\/","name":"UAGA","description":"Uni\u00f3n Agroganadera de \u00c1lava - Araba Nekazarien Elkartea","potentialAction":[{"@type":"SearchAction","target":{"@type":"EntryPoint","urlTemplate":"https:\/\/www.uaga.eus\/?s={search_term_string}"},"query-input":"required name=search_term_string"}],"inLanguage":"eu"},{"@type":"Person","@id":"https:\/\/www.uaga.eus\/#\/schema\/person\/48c3cbf0f33d1b788226dbb6518689cf","name":"Blanca S\u00e1nchez","image":{"@type":"ImageObject","inLanguage":"eu","@id":"https:\/\/www.uaga.eus\/#\/schema\/person\/image\/","url":"https:\/\/secure.gravatar.com\/avatar\/0dc91c20648254b1ce84877283f6751b?s=96&d=mm&r=g","contentUrl":"https:\/\/secure.gravatar.com\/avatar\/0dc91c20648254b1ce84877283f6751b?s=96&d=mm&r=g","caption":"Blanca S\u00e1nchez"},"url":"https:\/\/www.uaga.eus\/eu\/author\/bsanchez\/"}]}},"_links":{"self":[{"href":"https:\/\/www.uaga.eus\/eu\/wp-json\/wp\/v2\/posts\/12432"}],"collection":[{"href":"https:\/\/www.uaga.eus\/eu\/wp-json\/wp\/v2\/posts"}],"about":[{"href":"https:\/\/www.uaga.eus\/eu\/wp-json\/wp\/v2\/types\/post"}],"author":[{"embeddable":true,"href":"https:\/\/www.uaga.eus\/eu\/wp-json\/wp\/v2\/users\/4"}],"replies":[{"embeddable":true,"href":"https:\/\/www.uaga.eus\/eu\/wp-json\/wp\/v2\/comments?post=12432"}],"version-history":[{"count":2,"href":"https:\/\/www.uaga.eus\/eu\/wp-json\/wp\/v2\/posts\/12432\/revisions"}],"predecessor-version":[{"id":12440,"href":"https:\/\/www.uaga.eus\/eu\/wp-json\/wp\/v2\/posts\/12432\/revisions\/12440"}],"wp:featuredmedia":[{"embeddable":true,"href":"https:\/\/www.uaga.eus\/eu\/wp-json\/wp\/v2\/media\/12433"}],"wp:attachment":[{"href":"https:\/\/www.uaga.eus\/eu\/wp-json\/wp\/v2\/media?parent=12432"}],"wp:term":[{"taxonomy":"category","embeddable":true,"href":"https:\/\/www.uaga.eus\/eu\/wp-json\/wp\/v2\/categories?post=12432"},{"taxonomy":"post_tag","embeddable":true,"href":"https:\/\/www.uaga.eus\/eu\/wp-json\/wp\/v2\/tags?post=12432"}],"curies":[{"name":"wp","href":"https:\/\/api.w.org\/{rel}","templated":true}]}}