{"id":12418,"date":"2024-03-15T15:25:01","date_gmt":"2024-03-15T15:25:01","guid":{"rendered":"https:\/\/www.uaga.eus\/?p=12418"},"modified":"2024-03-15T15:32:33","modified_gmt":"2024-03-15T15:32:33","slug":"la-comision-europea-lanza-una-encuesta-para-recabar-la-opinion-del-sector-sobre-la-carga-burcratica-de-la-pac","status":"publish","type":"post","link":"https:\/\/www.uaga.eus\/eu\/la-comision-europea-lanza-una-encuesta-para-recabar-la-opinion-del-sector-sobre-la-carga-burcratica-de-la-pac\/","title":{"rendered":"Europako Batzordeak inkesta bat abiarazi du NPBren karga burkratikoari buruz sektorearen iritzia jasotzeko"},"content":{"rendered":"<p>Europako Batzordeak online bidezko inkesta bat egin du EBko nekazarien eta abeltzainen iritzia zuzenean jasotzeko. Helburua NPBren finantza-laguntzekin lotutako prozedurek eta arauek eta EBko elikadura- eta nekazaritza-arloko beste arau batzuek dakarten zamari buruz iritzia jasotzea da.<\/p>\n<p>Galdesorta, galdera labur batzuez osatua, EBko hizkuntza guztietan dago eskuragarri (aukeratu hizkuntza goian eskuinean agertzen den menu txikian), <a href=\"https:\/\/ec.europa.eu\/eusurvey\/runner\/Public_Consultation_EU_Simplification_2024rs_point_of_view_2024\" target=\"_blank\" rel=\"noopener\" data-cke-saved-href=\"https:\/\/ec.europa.eu\/eusurvey\/runner\/Public_Consultation_EU_Simplification_2024rs_point_of_view_2024\">esteka honetan<\/a>. Emaitzekin nekazaritzaren sektoreak aurre egin behar dien zailtasunen eta konplexutasunen azterketa egingo da, eta NPBren sinplifikazioari buruzko egungo eta etorkizuneko eztabaiden eta lanen oinarri izan daiteke. Hori dela eta, inkesta egitera eta zabaltzera animatzen\u00a0zaituztegu.<\/p>","protected":false},"excerpt":{"rendered":"<p>Europako Batzordeak online bidezko inkesta bat egin du EBko nekazarien eta abeltzainen iritzia zuzenean jasotzeko. Helburua NPBren finantza-laguntzekin lotutako prozedurek eta arauek eta EBko elikadura- eta nekazaritza-arloko beste arau batzuek dakarten zamari buruz iritzia jasotzea da. Galdesorta, galdera labur batzuez osatua, EBko hizkuntza guztietan dago eskuragarri (aukeratu hizkuntza goian eskuinean agertzen den menu txikian), esteka [&hellip;]<\/p>\n","protected":false},"author":4,"featured_media":11930,"comment_status":"closed","ping_status":"closed","sticky":false,"template":"","format":"standard","meta":{"footnotes":""},"categories":[4],"tags":[],"yoast_head":"<!-- This site is optimized with the Yoast SEO plugin v21.5 - https:\/\/yoast.com\/wordpress\/plugins\/seo\/ -->\n<title>Europako Batzordeak inkesta bat abiarazi du NPBren karga burkratikoari buruz sektorearen iritzia jasotzeko - UAGA<\/title>\n<meta name=\"robots\" content=\"index, follow, max-snippet:-1, max-image-preview:large, max-video-preview:-1\" \/>\n<link rel=\"canonical\" href=\"https:\/\/www.uaga.eus\/la-comision-europea-lanza-una-encuesta-para-recabar-la-opinion-del-sector-sobre-la-carga-burcratica-de-la-pac\/\" \/>\n<meta property=\"og:locale\" content=\"en_US\" \/>\n<meta property=\"og:type\" content=\"article\" \/>\n<meta property=\"og:title\" content=\"Europako Batzordeak inkesta bat abiarazi du NPBren karga burkratikoari buruz sektorearen iritzia jasotzeko - UAGA\" \/>\n<meta property=\"og:description\" content=\"Europako Batzordeak online bidezko inkesta bat egin du EBko nekazarien eta abeltzainen iritzia zuzenean jasotzeko. Helburua NPBren finantza-laguntzekin lotutako prozedurek eta arauek eta EBko elikadura- eta nekazaritza-arloko beste arau batzuek dakarten zamari buruz iritzia jasotzea da. Galdesorta, galdera labur batzuez osatua, EBko hizkuntza guztietan dago eskuragarri (aukeratu hizkuntza goian eskuinean agertzen den menu txikian), esteka [&hellip;]\" \/>\n<meta property=\"og:url\" content=\"https:\/\/www.uaga.eus\/la-comision-europea-lanza-una-encuesta-para-recabar-la-opinion-del-sector-sobre-la-carga-burcratica-de-la-pac\/\" \/>\n<meta property=\"og:site_name\" content=\"UAGA\" \/>\n<meta property=\"article:published_time\" content=\"2024-03-15T15:25:01+00:00\" \/>\n<meta property=\"article:modified_time\" content=\"2024-03-15T15:32:33+00:00\" \/>\n<meta property=\"og:image\" content=\"https:\/\/www.uaga.eus\/wp-content\/uploads\/2023\/10\/foto-trebi\u00f1o.jpg\" \/>\n\t<meta property=\"og:image:width\" content=\"990\" \/>\n\t<meta property=\"og:image:height\" content=\"557\" \/>\n\t<meta property=\"og:image:type\" content=\"image\/jpeg\" \/>\n<meta name=\"author\" content=\"Blanca S\u00e1nchez\" \/>\n<meta name=\"twitter:card\" content=\"summary_large_image\" \/>\n<meta name=\"twitter:label1\" content=\"Written by\" \/>\n\t<meta name=\"twitter:data1\" content=\"Blanca S\u00e1nchez\" \/>\n\t<meta name=\"twitter:label2\" content=\"Est. reading time\" \/>\n\t<meta name=\"twitter:data2\" content=\"2 minutua\" \/>\n<script type=\"application\/ld+json\" class=\"yoast-schema-graph\">{\"@context\":\"https:\/\/schema.org\",\"@graph\":[{\"@type\":\"WebPage\",\"@id\":\"https:\/\/www.uaga.eus\/la-comision-europea-lanza-una-encuesta-para-recabar-la-opinion-del-sector-sobre-la-carga-burcratica-de-la-pac\/\",\"url\":\"https:\/\/www.uaga.eus\/la-comision-europea-lanza-una-encuesta-para-recabar-la-opinion-del-sector-sobre-la-carga-burcratica-de-la-pac\/\",\"name\":\"Europako Batzordeak inkesta bat abiarazi du NPBren karga burkratikoari buruz sektorearen iritzia jasotzeko - UAGA\",\"isPartOf\":{\"@id\":\"https:\/\/www.uaga.eus\/#website\"},\"datePublished\":\"2024-03-15T15:25:01+00:00\",\"dateModified\":\"2024-03-15T15:32:33+00:00\",\"author\":{\"@id\":\"https:\/\/www.uaga.eus\/#\/schema\/person\/48c3cbf0f33d1b788226dbb6518689cf\"},\"breadcrumb\":{\"@id\":\"https:\/\/www.uaga.eus\/la-comision-europea-lanza-una-encuesta-para-recabar-la-opinion-del-sector-sobre-la-carga-burcratica-de-la-pac\/#breadcrumb\"},\"inLanguage\":\"eu\",\"potentialAction\":[{\"@type\":\"ReadAction\",\"target\":[\"https:\/\/www.uaga.eus\/la-comision-europea-lanza-una-encuesta-para-recabar-la-opinion-del-sector-sobre-la-carga-burcratica-de-la-pac\/\"]}]},{\"@type\":\"BreadcrumbList\",\"@id\":\"https:\/\/www.uaga.eus\/la-comision-europea-lanza-una-encuesta-para-recabar-la-opinion-del-sector-sobre-la-carga-burcratica-de-la-pac\/#breadcrumb\",\"itemListElement\":[{\"@type\":\"ListItem\",\"position\":1,\"name\":\"Inicio\",\"item\":\"https:\/\/www.uaga.eus\/\"},{\"@type\":\"ListItem\",\"position\":2,\"name\":\"La Comisi\u00f3n Europea lanza una encuesta para recabar la opini\u00f3n del sector sobre la carga burcr\u00e1tica de la PAC\"}]},{\"@type\":\"WebSite\",\"@id\":\"https:\/\/www.uaga.eus\/#website\",\"url\":\"https:\/\/www.uaga.eus\/\",\"name\":\"UAGA\",\"description\":\"Uni\u00f3n Agroganadera de \u00c1lava - Araba Nekazarien Elkartea\",\"potentialAction\":[{\"@type\":\"SearchAction\",\"target\":{\"@type\":\"EntryPoint\",\"urlTemplate\":\"https:\/\/www.uaga.eus\/?s={search_term_string}\"},\"query-input\":\"required name=search_term_string\"}],\"inLanguage\":\"eu\"},{\"@type\":\"Person\",\"@id\":\"https:\/\/www.uaga.eus\/#\/schema\/person\/48c3cbf0f33d1b788226dbb6518689cf\",\"name\":\"Blanca S\u00e1nchez\",\"image\":{\"@type\":\"ImageObject\",\"inLanguage\":\"eu\",\"@id\":\"https:\/\/www.uaga.eus\/#\/schema\/person\/image\/\",\"url\":\"https:\/\/secure.gravatar.com\/avatar\/0dc91c20648254b1ce84877283f6751b?s=96&d=mm&r=g\",\"contentUrl\":\"https:\/\/secure.gravatar.com\/avatar\/0dc91c20648254b1ce84877283f6751b?s=96&d=mm&r=g\",\"caption\":\"Blanca S\u00e1nchez\"},\"url\":\"https:\/\/www.uaga.eus\/eu\/author\/bsanchez\/\"}]}<\/script>\n<!-- \/ Yoast SEO plugin. -->","yoast_head_json":{"title":"Europako Batzordeak inkesta bat abiarazi du NPBren karga burkratikoari buruz sektorearen iritzia jasotzeko - UAGA","robots":{"index":"index","follow":"follow","max-snippet":"max-snippet:-1","max-image-preview":"max-image-preview:large","max-video-preview":"max-video-preview:-1"},"canonical":"https:\/\/www.uaga.eus\/la-comision-europea-lanza-una-encuesta-para-recabar-la-opinion-del-sector-sobre-la-carga-burcratica-de-la-pac\/","og_locale":"en_US","og_type":"article","og_title":"Europako Batzordeak inkesta bat abiarazi du NPBren karga burkratikoari buruz sektorearen iritzia jasotzeko - UAGA","og_description":"Europako Batzordeak online bidezko inkesta bat egin du EBko nekazarien eta abeltzainen iritzia zuzenean jasotzeko. Helburua NPBren finantza-laguntzekin lotutako prozedurek eta arauek eta EBko elikadura- eta nekazaritza-arloko beste arau batzuek dakarten zamari buruz iritzia jasotzea da. Galdesorta, galdera labur batzuez osatua, EBko hizkuntza guztietan dago eskuragarri (aukeratu hizkuntza goian eskuinean agertzen den menu txikian), esteka [&hellip;]","og_url":"https:\/\/www.uaga.eus\/la-comision-europea-lanza-una-encuesta-para-recabar-la-opinion-del-sector-sobre-la-carga-burcratica-de-la-pac\/","og_site_name":"UAGA","article_published_time":"2024-03-15T15:25:01+00:00","article_modified_time":"2024-03-15T15:32:33+00:00","og_image":[{"width":990,"height":557,"url":"https:\/\/www.uaga.eus\/wp-content\/uploads\/2023\/10\/foto-trebi\u00f1o.jpg","type":"image\/jpeg"}],"author":"Blanca S\u00e1nchez","twitter_card":"summary_large_image","twitter_misc":{"Written by":"Blanca S\u00e1nchez","Est. reading time":"2 minutua"},"schema":{"@context":"https:\/\/schema.org","@graph":[{"@type":"WebPage","@id":"https:\/\/www.uaga.eus\/la-comision-europea-lanza-una-encuesta-para-recabar-la-opinion-del-sector-sobre-la-carga-burcratica-de-la-pac\/","url":"https:\/\/www.uaga.eus\/la-comision-europea-lanza-una-encuesta-para-recabar-la-opinion-del-sector-sobre-la-carga-burcratica-de-la-pac\/","name":"Europako Batzordeak inkesta bat abiarazi du NPBren karga burkratikoari buruz sektorearen iritzia jasotzeko - UAGA","isPartOf":{"@id":"https:\/\/www.uaga.eus\/#website"},"datePublished":"2024-03-15T15:25:01+00:00","dateModified":"2024-03-15T15:32:33+00:00","author":{"@id":"https:\/\/www.uaga.eus\/#\/schema\/person\/48c3cbf0f33d1b788226dbb6518689cf"},"breadcrumb":{"@id":"https:\/\/www.uaga.eus\/la-comision-europea-lanza-una-encuesta-para-recabar-la-opinion-del-sector-sobre-la-carga-burcratica-de-la-pac\/#breadcrumb"},"inLanguage":"eu","potentialAction":[{"@type":"ReadAction","target":["https:\/\/www.uaga.eus\/la-comision-europea-lanza-una-encuesta-para-recabar-la-opinion-del-sector-sobre-la-carga-burcratica-de-la-pac\/"]}]},{"@type":"BreadcrumbList","@id":"https:\/\/www.uaga.eus\/la-comision-europea-lanza-una-encuesta-para-recabar-la-opinion-del-sector-sobre-la-carga-burcratica-de-la-pac\/#breadcrumb","itemListElement":[{"@type":"ListItem","position":1,"name":"Inicio","item":"https:\/\/www.uaga.eus\/"},{"@type":"ListItem","position":2,"name":"La Comisi\u00f3n Europea lanza una encuesta para recabar la opini\u00f3n del sector sobre la carga burcr\u00e1tica de la PAC"}]},{"@type":"WebSite","@id":"https:\/\/www.uaga.eus\/#website","url":"https:\/\/www.uaga.eus\/","name":"UAGA","description":"Uni\u00f3n Agroganadera de \u00c1lava - Araba Nekazarien Elkartea","potentialAction":[{"@type":"SearchAction","target":{"@type":"EntryPoint","urlTemplate":"https:\/\/www.uaga.eus\/?s={search_term_string}"},"query-input":"required name=search_term_string"}],"inLanguage":"eu"},{"@type":"Person","@id":"https:\/\/www.uaga.eus\/#\/schema\/person\/48c3cbf0f33d1b788226dbb6518689cf","name":"Blanca S\u00e1nchez","image":{"@type":"ImageObject","inLanguage":"eu","@id":"https:\/\/www.uaga.eus\/#\/schema\/person\/image\/","url":"https:\/\/secure.gravatar.com\/avatar\/0dc91c20648254b1ce84877283f6751b?s=96&d=mm&r=g","contentUrl":"https:\/\/secure.gravatar.com\/avatar\/0dc91c20648254b1ce84877283f6751b?s=96&d=mm&r=g","caption":"Blanca S\u00e1nchez"},"url":"https:\/\/www.uaga.eus\/eu\/author\/bsanchez\/"}]}},"_links":{"self":[{"href":"https:\/\/www.uaga.eus\/eu\/wp-json\/wp\/v2\/posts\/12418"}],"collection":[{"href":"https:\/\/www.uaga.eus\/eu\/wp-json\/wp\/v2\/posts"}],"about":[{"href":"https:\/\/www.uaga.eus\/eu\/wp-json\/wp\/v2\/types\/post"}],"author":[{"embeddable":true,"href":"https:\/\/www.uaga.eus\/eu\/wp-json\/wp\/v2\/users\/4"}],"replies":[{"embeddable":true,"href":"https:\/\/www.uaga.eus\/eu\/wp-json\/wp\/v2\/comments?post=12418"}],"version-history":[{"count":1,"href":"https:\/\/www.uaga.eus\/eu\/wp-json\/wp\/v2\/posts\/12418\/revisions"}],"predecessor-version":[{"id":12419,"href":"https:\/\/www.uaga.eus\/eu\/wp-json\/wp\/v2\/posts\/12418\/revisions\/12419"}],"wp:featuredmedia":[{"embeddable":true,"href":"https:\/\/www.uaga.eus\/eu\/wp-json\/wp\/v2\/media\/11930"}],"wp:attachment":[{"href":"https:\/\/www.uaga.eus\/eu\/wp-json\/wp\/v2\/media?parent=12418"}],"wp:term":[{"taxonomy":"category","embeddable":true,"href":"https:\/\/www.uaga.eus\/eu\/wp-json\/wp\/v2\/categories?post=12418"},{"taxonomy":"post_tag","embeddable":true,"href":"https:\/\/www.uaga.eus\/eu\/wp-json\/wp\/v2\/tags?post=12418"}],"curies":[{"name":"wp","href":"https:\/\/api.w.org\/{rel}","templated":true}]}}