{"id":12350,"date":"2024-03-01T13:13:30","date_gmt":"2024-03-01T13:13:30","guid":{"rendered":"https:\/\/www.uaga.eus\/?p=12350"},"modified":"2024-03-01T13:14:19","modified_gmt":"2024-03-01T13:14:19","slug":"la-busqueda-de-personal-principal-handicap-del-area-de-temporerismo-de-uaga","status":"publish","type":"post","link":"https:\/\/www.uaga.eus\/eu\/la-busqueda-de-personal-principal-handicap-del-area-de-temporerismo-de-uaga\/","title":{"rendered":"Langileen bilaketa, UAGAko Sasoikako Lanaren Arloko handicap nagusia"},"content":{"rendered":"<p>UAGAren sasoikako lanaren arloa otsailaren erdialdean bildu zen 2023an sasoikako lanari buruzko jarduera baloratzeko. 2023an 780 sasoikako langilek eta 240 nekazaritza-ustiategik parte hartu zuten programan, aurreko urtearen antzeko kopuruak, baina lan egindako lanaldiak % 15a murriztu ziren.<\/p>\n<p>Gainera, Arloak kalkulu bat egin du gure programaren bidez langileak kontratatzeko kostuari buruz. Horretarako, soldata-gastuak, kotizazioak, joan-etorriak, norbera babesteko ekipamenduak, ostatua eta kudeaketa-kostua hartu ditu kontuan. Lortutako datuen arabera, mahats-bilketan UAGAren bidez kontratatzeak 66,72 \u20ac\/t batez besteko kostua dakar, ostatu-kostua kontuan hartu gabe. Ostatu-kostua sartuz gero, 69,38 \u20ac\/t. Espergura-kanpainarako orduko kostua 11,81 \u20ac-koa izan da; 12,20 \u20ac-koa ostatua barne hartzen bada. Parte hartzen duen ustiategi bakoitzaren datuak UAGAn daude eskuragarri.<\/p>\n<p>Gehien kezkatzen duten gaietako bat espergura, mahats-bilketa eta patataren nekazaritza-kanpainetan lan egiteko interesa duten pertsonen murrizketa da. Egoera hori arintzeko, UAGAk langileak bilatzeko saiakerak egin ditu hainbat kanalen bidez, hala nola gure lurraldeko beste eskualde eta gizarte-erakunde batzuetako nekazaritza-erakundeekin harremanak izatea kanpainetan lan egiten duten sasoikako langileen kolektiboa zabaldu eta dibertsifikatu ahal izateko. Ekimen hauek ez dira nahikoak izan sasoikako lanaren programan parte hartu duten ustiategien beharrak asetzeko. Gaur egun, sustapen-kanpaina batean lan egiten ari da, bideo baten bitartez beste esparru batzuetan pertsonak bilatzen saiatzeko.<\/p>","protected":false},"excerpt":{"rendered":"<p>UAGAren sasoikako lanaren arloa otsailaren erdialdean bildu zen 2023an sasoikako lanari buruzko jarduera baloratzeko. 2023an 780 sasoikako langilek eta 240 nekazaritza-ustiategik parte hartu zuten programan, aurreko urtearen antzeko kopuruak, baina lan egindako lanaldiak % 15a murriztu ziren. Gainera, Arloak kalkulu bat egin du gure programaren bidez langileak kontratatzeko kostuari buruz. Horretarako, soldata-gastuak, kotizazioak, joan-etorriak, norbera [&hellip;]<\/p>\n","protected":false},"author":4,"featured_media":12351,"comment_status":"closed","ping_status":"closed","sticky":false,"template":"","format":"standard","meta":{"footnotes":""},"categories":[7,3,9],"tags":[],"yoast_head":"<!-- This site is optimized with the Yoast SEO plugin v21.5 - https:\/\/yoast.com\/wordpress\/plugins\/seo\/ -->\n<title>Langileen bilaketa, UAGAko Sasoikako Lanaren Arloko handicap nagusia - UAGA<\/title>\n<meta name=\"robots\" content=\"index, follow, max-snippet:-1, max-image-preview:large, max-video-preview:-1\" \/>\n<link rel=\"canonical\" href=\"https:\/\/www.uaga.eus\/la-busqueda-de-personal-principal-handicap-del-area-de-temporerismo-de-uaga\/\" \/>\n<meta property=\"og:locale\" content=\"en_US\" \/>\n<meta property=\"og:type\" content=\"article\" \/>\n<meta property=\"og:title\" content=\"Langileen bilaketa, UAGAko Sasoikako Lanaren Arloko handicap nagusia - UAGA\" \/>\n<meta property=\"og:description\" content=\"UAGAren sasoikako lanaren arloa otsailaren erdialdean bildu zen 2023an sasoikako lanari buruzko jarduera baloratzeko. 2023an 780 sasoikako langilek eta 240 nekazaritza-ustiategik parte hartu zuten programan, aurreko urtearen antzeko kopuruak, baina lan egindako lanaldiak % 15a murriztu ziren. Gainera, Arloak kalkulu bat egin du gure programaren bidez langileak kontratatzeko kostuari buruz. Horretarako, soldata-gastuak, kotizazioak, joan-etorriak, norbera [&hellip;]\" \/>\n<meta property=\"og:url\" content=\"https:\/\/www.uaga.eus\/la-busqueda-de-personal-principal-handicap-del-area-de-temporerismo-de-uaga\/\" \/>\n<meta property=\"og:site_name\" content=\"UAGA\" \/>\n<meta property=\"article:published_time\" content=\"2024-03-01T13:13:30+00:00\" \/>\n<meta property=\"article:modified_time\" content=\"2024-03-01T13:14:19+00:00\" \/>\n<meta property=\"og:image\" content=\"https:\/\/www.uaga.eus\/wp-content\/uploads\/2024\/03\/temporeros-espergura.jpg\" \/>\n\t<meta property=\"og:image:width\" content=\"1600\" \/>\n\t<meta property=\"og:image:height\" content=\"900\" \/>\n\t<meta property=\"og:image:type\" content=\"image\/jpeg\" \/>\n<meta name=\"author\" content=\"Blanca S\u00e1nchez\" \/>\n<meta name=\"twitter:card\" content=\"summary_large_image\" \/>\n<meta name=\"twitter:label1\" content=\"Written by\" \/>\n\t<meta name=\"twitter:data1\" content=\"Blanca S\u00e1nchez\" \/>\n\t<meta name=\"twitter:label2\" content=\"Est. reading time\" \/>\n\t<meta name=\"twitter:data2\" content=\"1 minutua\" \/>\n<script type=\"application\/ld+json\" class=\"yoast-schema-graph\">{\"@context\":\"https:\/\/schema.org\",\"@graph\":[{\"@type\":\"WebPage\",\"@id\":\"https:\/\/www.uaga.eus\/la-busqueda-de-personal-principal-handicap-del-area-de-temporerismo-de-uaga\/\",\"url\":\"https:\/\/www.uaga.eus\/la-busqueda-de-personal-principal-handicap-del-area-de-temporerismo-de-uaga\/\",\"name\":\"Langileen bilaketa, UAGAko Sasoikako Lanaren Arloko handicap nagusia - UAGA\",\"isPartOf\":{\"@id\":\"https:\/\/www.uaga.eus\/#website\"},\"datePublished\":\"2024-03-01T13:13:30+00:00\",\"dateModified\":\"2024-03-01T13:14:19+00:00\",\"author\":{\"@id\":\"https:\/\/www.uaga.eus\/#\/schema\/person\/48c3cbf0f33d1b788226dbb6518689cf\"},\"breadcrumb\":{\"@id\":\"https:\/\/www.uaga.eus\/la-busqueda-de-personal-principal-handicap-del-area-de-temporerismo-de-uaga\/#breadcrumb\"},\"inLanguage\":\"eu\",\"potentialAction\":[{\"@type\":\"ReadAction\",\"target\":[\"https:\/\/www.uaga.eus\/la-busqueda-de-personal-principal-handicap-del-area-de-temporerismo-de-uaga\/\"]}]},{\"@type\":\"BreadcrumbList\",\"@id\":\"https:\/\/www.uaga.eus\/la-busqueda-de-personal-principal-handicap-del-area-de-temporerismo-de-uaga\/#breadcrumb\",\"itemListElement\":[{\"@type\":\"ListItem\",\"position\":1,\"name\":\"Inicio\",\"item\":\"https:\/\/www.uaga.eus\/\"},{\"@type\":\"ListItem\",\"position\":2,\"name\":\"La b\u00fasqueda de personal, principal h\u00e1ndicap del \u00c1rea de Temporerismo de UAGA\"}]},{\"@type\":\"WebSite\",\"@id\":\"https:\/\/www.uaga.eus\/#website\",\"url\":\"https:\/\/www.uaga.eus\/\",\"name\":\"UAGA\",\"description\":\"Uni\u00f3n Agroganadera de \u00c1lava - Araba Nekazarien Elkartea\",\"potentialAction\":[{\"@type\":\"SearchAction\",\"target\":{\"@type\":\"EntryPoint\",\"urlTemplate\":\"https:\/\/www.uaga.eus\/?s={search_term_string}\"},\"query-input\":\"required name=search_term_string\"}],\"inLanguage\":\"eu\"},{\"@type\":\"Person\",\"@id\":\"https:\/\/www.uaga.eus\/#\/schema\/person\/48c3cbf0f33d1b788226dbb6518689cf\",\"name\":\"Blanca S\u00e1nchez\",\"image\":{\"@type\":\"ImageObject\",\"inLanguage\":\"eu\",\"@id\":\"https:\/\/www.uaga.eus\/#\/schema\/person\/image\/\",\"url\":\"https:\/\/secure.gravatar.com\/avatar\/0dc91c20648254b1ce84877283f6751b?s=96&d=mm&r=g\",\"contentUrl\":\"https:\/\/secure.gravatar.com\/avatar\/0dc91c20648254b1ce84877283f6751b?s=96&d=mm&r=g\",\"caption\":\"Blanca S\u00e1nchez\"},\"url\":\"https:\/\/www.uaga.eus\/eu\/author\/bsanchez\/\"}]}<\/script>\n<!-- \/ Yoast SEO plugin. -->","yoast_head_json":{"title":"Langileen bilaketa, UAGAko Sasoikako Lanaren Arloko handicap nagusia - UAGA","robots":{"index":"index","follow":"follow","max-snippet":"max-snippet:-1","max-image-preview":"max-image-preview:large","max-video-preview":"max-video-preview:-1"},"canonical":"https:\/\/www.uaga.eus\/la-busqueda-de-personal-principal-handicap-del-area-de-temporerismo-de-uaga\/","og_locale":"en_US","og_type":"article","og_title":"Langileen bilaketa, UAGAko Sasoikako Lanaren Arloko handicap nagusia - UAGA","og_description":"UAGAren sasoikako lanaren arloa otsailaren erdialdean bildu zen 2023an sasoikako lanari buruzko jarduera baloratzeko. 2023an 780 sasoikako langilek eta 240 nekazaritza-ustiategik parte hartu zuten programan, aurreko urtearen antzeko kopuruak, baina lan egindako lanaldiak % 15a murriztu ziren. Gainera, Arloak kalkulu bat egin du gure programaren bidez langileak kontratatzeko kostuari buruz. Horretarako, soldata-gastuak, kotizazioak, joan-etorriak, norbera [&hellip;]","og_url":"https:\/\/www.uaga.eus\/la-busqueda-de-personal-principal-handicap-del-area-de-temporerismo-de-uaga\/","og_site_name":"UAGA","article_published_time":"2024-03-01T13:13:30+00:00","article_modified_time":"2024-03-01T13:14:19+00:00","og_image":[{"width":1600,"height":900,"url":"https:\/\/www.uaga.eus\/wp-content\/uploads\/2024\/03\/temporeros-espergura.jpg","type":"image\/jpeg"}],"author":"Blanca S\u00e1nchez","twitter_card":"summary_large_image","twitter_misc":{"Written by":"Blanca S\u00e1nchez","Est. reading time":"1 minutua"},"schema":{"@context":"https:\/\/schema.org","@graph":[{"@type":"WebPage","@id":"https:\/\/www.uaga.eus\/la-busqueda-de-personal-principal-handicap-del-area-de-temporerismo-de-uaga\/","url":"https:\/\/www.uaga.eus\/la-busqueda-de-personal-principal-handicap-del-area-de-temporerismo-de-uaga\/","name":"Langileen bilaketa, UAGAko Sasoikako Lanaren Arloko handicap nagusia - UAGA","isPartOf":{"@id":"https:\/\/www.uaga.eus\/#website"},"datePublished":"2024-03-01T13:13:30+00:00","dateModified":"2024-03-01T13:14:19+00:00","author":{"@id":"https:\/\/www.uaga.eus\/#\/schema\/person\/48c3cbf0f33d1b788226dbb6518689cf"},"breadcrumb":{"@id":"https:\/\/www.uaga.eus\/la-busqueda-de-personal-principal-handicap-del-area-de-temporerismo-de-uaga\/#breadcrumb"},"inLanguage":"eu","potentialAction":[{"@type":"ReadAction","target":["https:\/\/www.uaga.eus\/la-busqueda-de-personal-principal-handicap-del-area-de-temporerismo-de-uaga\/"]}]},{"@type":"BreadcrumbList","@id":"https:\/\/www.uaga.eus\/la-busqueda-de-personal-principal-handicap-del-area-de-temporerismo-de-uaga\/#breadcrumb","itemListElement":[{"@type":"ListItem","position":1,"name":"Inicio","item":"https:\/\/www.uaga.eus\/"},{"@type":"ListItem","position":2,"name":"La b\u00fasqueda de personal, principal h\u00e1ndicap del \u00c1rea de Temporerismo de UAGA"}]},{"@type":"WebSite","@id":"https:\/\/www.uaga.eus\/#website","url":"https:\/\/www.uaga.eus\/","name":"UAGA","description":"Uni\u00f3n Agroganadera de \u00c1lava - Araba Nekazarien Elkartea","potentialAction":[{"@type":"SearchAction","target":{"@type":"EntryPoint","urlTemplate":"https:\/\/www.uaga.eus\/?s={search_term_string}"},"query-input":"required name=search_term_string"}],"inLanguage":"eu"},{"@type":"Person","@id":"https:\/\/www.uaga.eus\/#\/schema\/person\/48c3cbf0f33d1b788226dbb6518689cf","name":"Blanca S\u00e1nchez","image":{"@type":"ImageObject","inLanguage":"eu","@id":"https:\/\/www.uaga.eus\/#\/schema\/person\/image\/","url":"https:\/\/secure.gravatar.com\/avatar\/0dc91c20648254b1ce84877283f6751b?s=96&d=mm&r=g","contentUrl":"https:\/\/secure.gravatar.com\/avatar\/0dc91c20648254b1ce84877283f6751b?s=96&d=mm&r=g","caption":"Blanca S\u00e1nchez"},"url":"https:\/\/www.uaga.eus\/eu\/author\/bsanchez\/"}]}},"_links":{"self":[{"href":"https:\/\/www.uaga.eus\/eu\/wp-json\/wp\/v2\/posts\/12350"}],"collection":[{"href":"https:\/\/www.uaga.eus\/eu\/wp-json\/wp\/v2\/posts"}],"about":[{"href":"https:\/\/www.uaga.eus\/eu\/wp-json\/wp\/v2\/types\/post"}],"author":[{"embeddable":true,"href":"https:\/\/www.uaga.eus\/eu\/wp-json\/wp\/v2\/users\/4"}],"replies":[{"embeddable":true,"href":"https:\/\/www.uaga.eus\/eu\/wp-json\/wp\/v2\/comments?post=12350"}],"version-history":[{"count":1,"href":"https:\/\/www.uaga.eus\/eu\/wp-json\/wp\/v2\/posts\/12350\/revisions"}],"predecessor-version":[{"id":12352,"href":"https:\/\/www.uaga.eus\/eu\/wp-json\/wp\/v2\/posts\/12350\/revisions\/12352"}],"wp:featuredmedia":[{"embeddable":true,"href":"https:\/\/www.uaga.eus\/eu\/wp-json\/wp\/v2\/media\/12351"}],"wp:attachment":[{"href":"https:\/\/www.uaga.eus\/eu\/wp-json\/wp\/v2\/media?parent=12350"}],"wp:term":[{"taxonomy":"category","embeddable":true,"href":"https:\/\/www.uaga.eus\/eu\/wp-json\/wp\/v2\/categories?post=12350"},{"taxonomy":"post_tag","embeddable":true,"href":"https:\/\/www.uaga.eus\/eu\/wp-json\/wp\/v2\/tags?post=12350"}],"curies":[{"name":"wp","href":"https:\/\/api.w.org\/{rel}","templated":true}]}}