{"id":11366,"date":"2023-04-14T11:22:36","date_gmt":"2023-04-14T11:22:36","guid":{"rendered":"https:\/\/www.uaga.eus\/?p=11366"},"modified":"2023-04-14T11:22:36","modified_gmt":"2023-04-14T11:22:36","slug":"diputacion-declara-rioja-alavesa-como-area-de-emergencia-cinegetica-temporal-para-hacer-frente-a-la-plaga-de-conejos","status":"publish","type":"post","link":"https:\/\/www.uaga.eus\/eu\/diputacion-declara-rioja-alavesa-como-area-de-emergencia-cinegetica-temporal-para-hacer-frente-a-la-plaga-de-conejos\/","title":{"rendered":"Diputaci\u00f3n declara Rioja Alavesa como \u00e1rea de emergencia cineg\u00e9tica temporal para hacer frente a la plaga de conejos"},"content":{"rendered":"<p>La Diputaci\u00f3n alavesa public\u00f3 la semana pasada en el BOTHA la declaraci\u00f3n de \u00e1rea de emergencia cineg\u00e9tica temporal\u00a0por\u00a0perjuicios ocasionados por el conejo\u00a0para la agricultura, ganader\u00eda y\u00a0montes en todos los municipios de Rioja Alavesa.<\/p>\n<p>El objetivo principal de esta declaraci\u00f3n es minimizar los da\u00f1os, dotando de medios suficientes\u00a0a las personas titulares o gestoras de los terrenos cineg\u00e9ticos,\u00a0cazadores o\u00a0agricultores para lograr\u00a0una mayor eficacia\u00a0en el control preventivo de los da\u00f1os que esta especie viene produciendo de forma reiterada\u00a0en determinadas zonas agrarias, y que\u00a0 principalmente afecta a los vi\u00f1edos.<\/p>\n<p>Esto posibilita la ejecuci\u00f3n\u00a0de un control m\u00e1s \u00e1gil y eficaz, pudiendo actuar preventivamente para reducir el tama\u00f1o de\u00a0estas poblaciones a niveles de equilibrio, sin consecuencias negativas para el resto de especies silvestres.<\/p>\n<p>Por su parte, COAG se ha reunido esta semana con el Ministerio de Agricultura para trasladar la preocupaci\u00f3n existente por esta plaga\u00a0de conejos, que\u00a0 afecta ya a 1.400 municipios de 10 Comunidades Aut\u00f3nomas. M\u00e1s de un mill\u00f3n de hect\u00e1reas han sufrido da\u00f1os y las p\u00e9rdidas se elevan por encima de los 800 millones de euros.<\/p>\n<p>El Ministerio se ha comprometido a\u00a0crear una estrategia nacional sobre el control poblacional de esta especie.\u00a0Mientras tanto, desde COAG se han reclamado indemnizaciones para los profesionales agrarios cuyas explotaciones se vean afectadas por la presencia de conejos. Puedes consultar la nota de prensa de COAG <a href=\"http:\/\/coag.chil.me\/post\/el-ministerio-de-agricultura-se-compromete-con-coag-a-crear-una-estrategia-nacio-437259\" target=\"_blank\" rel=\"noopener\" data-cke-saved-href=\"http:\/\/coag.chil.me\/post\/el-ministerio-de-agricultura-se-compromete-con-coag-a-crear-una-estrategia-nacio-437259\">aqu\u00ed<\/a>.<\/p>\n","protected":false},"excerpt":{"rendered":"<p>La Diputaci\u00f3n alavesa public\u00f3 la semana pasada en el BOTHA la declaraci\u00f3n de \u00e1rea de emergencia cineg\u00e9tica temporal\u00a0por\u00a0perjuicios ocasionados por el conejo\u00a0para la agricultura, ganader\u00eda y\u00a0montes en todos los municipios de Rioja Alavesa. El objetivo principal de esta declaraci\u00f3n es minimizar los da\u00f1os, dotando de medios suficientes\u00a0a las personas titulares o gestoras de los terrenos [&hellip;]<\/p>\n","protected":false},"author":4,"featured_media":7303,"comment_status":"closed","ping_status":"closed","sticky":false,"template":"","format":"standard","meta":{"footnotes":""},"categories":[7,11],"tags":[],"yoast_head":"<!-- This site is optimized with the Yoast SEO plugin v21.5 - https:\/\/yoast.com\/wordpress\/plugins\/seo\/ -->\n<title>Diputaci\u00f3n declara Rioja Alavesa como \u00e1rea de emergencia cineg\u00e9tica temporal para hacer frente a la plaga de conejos - UAGA<\/title>\n<meta name=\"robots\" content=\"index, follow, max-snippet:-1, max-image-preview:large, max-video-preview:-1\" \/>\n<link rel=\"canonical\" href=\"https:\/\/www.uaga.eus\/eu\/diputacion-declara-rioja-alavesa-como-area-de-emergencia-cinegetica-temporal-para-hacer-frente-a-la-plaga-de-conejos\/\" \/>\n<meta property=\"og:locale\" content=\"en_US\" \/>\n<meta property=\"og:type\" content=\"article\" \/>\n<meta property=\"og:title\" content=\"Diputaci\u00f3n declara Rioja Alavesa como \u00e1rea de emergencia cineg\u00e9tica temporal para hacer frente a la plaga de conejos - UAGA\" \/>\n<meta property=\"og:description\" content=\"La Diputaci\u00f3n alavesa public\u00f3 la semana pasada en el BOTHA la declaraci\u00f3n de \u00e1rea de emergencia cineg\u00e9tica temporal\u00a0por\u00a0perjuicios ocasionados por el conejo\u00a0para la agricultura, ganader\u00eda y\u00a0montes en todos los municipios de Rioja Alavesa. El objetivo principal de esta declaraci\u00f3n es minimizar los da\u00f1os, dotando de medios suficientes\u00a0a las personas titulares o gestoras de los terrenos [&hellip;]\" \/>\n<meta property=\"og:url\" content=\"https:\/\/www.uaga.eus\/eu\/diputacion-declara-rioja-alavesa-como-area-de-emergencia-cinegetica-temporal-para-hacer-frente-a-la-plaga-de-conejos\/\" \/>\n<meta property=\"og:site_name\" content=\"UAGA\" \/>\n<meta property=\"article:published_time\" content=\"2023-04-14T11:22:36+00:00\" \/>\n<meta property=\"og:image\" content=\"https:\/\/www.uaga.eus\/wp-content\/uploads\/2020\/04\/conejo-e1587990005222.jpg\" \/>\n\t<meta property=\"og:image:width\" content=\"698\" \/>\n\t<meta property=\"og:image:height\" content=\"281\" \/>\n\t<meta property=\"og:image:type\" content=\"image\/jpeg\" \/>\n<meta name=\"author\" content=\"Blanca S\u00e1nchez\" \/>\n<meta name=\"twitter:card\" content=\"summary_large_image\" \/>\n<meta name=\"twitter:label1\" content=\"Written by\" \/>\n\t<meta name=\"twitter:data1\" content=\"Blanca S\u00e1nchez\" \/>\n\t<meta name=\"twitter:label2\" content=\"Est. reading time\" \/>\n\t<meta name=\"twitter:data2\" content=\"1 minutua\" \/>\n<script type=\"application\/ld+json\" class=\"yoast-schema-graph\">{\"@context\":\"https:\/\/schema.org\",\"@graph\":[{\"@type\":\"WebPage\",\"@id\":\"https:\/\/www.uaga.eus\/eu\/diputacion-declara-rioja-alavesa-como-area-de-emergencia-cinegetica-temporal-para-hacer-frente-a-la-plaga-de-conejos\/\",\"url\":\"https:\/\/www.uaga.eus\/eu\/diputacion-declara-rioja-alavesa-como-area-de-emergencia-cinegetica-temporal-para-hacer-frente-a-la-plaga-de-conejos\/\",\"name\":\"Diputaci\u00f3n declara Rioja Alavesa como \u00e1rea de emergencia cineg\u00e9tica temporal para hacer frente a la plaga de conejos - UAGA\",\"isPartOf\":{\"@id\":\"https:\/\/www.uaga.eus\/#website\"},\"datePublished\":\"2023-04-14T11:22:36+00:00\",\"dateModified\":\"2023-04-14T11:22:36+00:00\",\"author\":{\"@id\":\"https:\/\/www.uaga.eus\/#\/schema\/person\/48c3cbf0f33d1b788226dbb6518689cf\"},\"breadcrumb\":{\"@id\":\"https:\/\/www.uaga.eus\/eu\/diputacion-declara-rioja-alavesa-como-area-de-emergencia-cinegetica-temporal-para-hacer-frente-a-la-plaga-de-conejos\/#breadcrumb\"},\"inLanguage\":\"eu\",\"potentialAction\":[{\"@type\":\"ReadAction\",\"target\":[\"https:\/\/www.uaga.eus\/eu\/diputacion-declara-rioja-alavesa-como-area-de-emergencia-cinegetica-temporal-para-hacer-frente-a-la-plaga-de-conejos\/\"]}]},{\"@type\":\"BreadcrumbList\",\"@id\":\"https:\/\/www.uaga.eus\/eu\/diputacion-declara-rioja-alavesa-como-area-de-emergencia-cinegetica-temporal-para-hacer-frente-a-la-plaga-de-conejos\/#breadcrumb\",\"itemListElement\":[{\"@type\":\"ListItem\",\"position\":1,\"name\":\"Inicio\",\"item\":\"https:\/\/www.uaga.eus\/\"},{\"@type\":\"ListItem\",\"position\":2,\"name\":\"Diputaci\u00f3n declara Rioja Alavesa como \u00e1rea de emergencia cineg\u00e9tica temporal para hacer frente a la plaga de conejos\"}]},{\"@type\":\"WebSite\",\"@id\":\"https:\/\/www.uaga.eus\/#website\",\"url\":\"https:\/\/www.uaga.eus\/\",\"name\":\"UAGA\",\"description\":\"Uni\u00f3n Agroganadera de \u00c1lava - Araba Nekazarien Elkartea\",\"potentialAction\":[{\"@type\":\"SearchAction\",\"target\":{\"@type\":\"EntryPoint\",\"urlTemplate\":\"https:\/\/www.uaga.eus\/?s={search_term_string}\"},\"query-input\":\"required name=search_term_string\"}],\"inLanguage\":\"eu\"},{\"@type\":\"Person\",\"@id\":\"https:\/\/www.uaga.eus\/#\/schema\/person\/48c3cbf0f33d1b788226dbb6518689cf\",\"name\":\"Blanca S\u00e1nchez\",\"image\":{\"@type\":\"ImageObject\",\"inLanguage\":\"eu\",\"@id\":\"https:\/\/www.uaga.eus\/#\/schema\/person\/image\/\",\"url\":\"https:\/\/secure.gravatar.com\/avatar\/0dc91c20648254b1ce84877283f6751b?s=96&d=mm&r=g\",\"contentUrl\":\"https:\/\/secure.gravatar.com\/avatar\/0dc91c20648254b1ce84877283f6751b?s=96&d=mm&r=g\",\"caption\":\"Blanca S\u00e1nchez\"},\"url\":\"https:\/\/www.uaga.eus\/eu\/author\/bsanchez\/\"}]}<\/script>\n<!-- \/ Yoast SEO plugin. -->","yoast_head_json":{"title":"Diputaci\u00f3n declara Rioja Alavesa como \u00e1rea de emergencia cineg\u00e9tica temporal para hacer frente a la plaga de conejos - UAGA","robots":{"index":"index","follow":"follow","max-snippet":"max-snippet:-1","max-image-preview":"max-image-preview:large","max-video-preview":"max-video-preview:-1"},"canonical":"https:\/\/www.uaga.eus\/eu\/diputacion-declara-rioja-alavesa-como-area-de-emergencia-cinegetica-temporal-para-hacer-frente-a-la-plaga-de-conejos\/","og_locale":"en_US","og_type":"article","og_title":"Diputaci\u00f3n declara Rioja Alavesa como \u00e1rea de emergencia cineg\u00e9tica temporal para hacer frente a la plaga de conejos - UAGA","og_description":"La Diputaci\u00f3n alavesa public\u00f3 la semana pasada en el BOTHA la declaraci\u00f3n de \u00e1rea de emergencia cineg\u00e9tica temporal\u00a0por\u00a0perjuicios ocasionados por el conejo\u00a0para la agricultura, ganader\u00eda y\u00a0montes en todos los municipios de Rioja Alavesa. El objetivo principal de esta declaraci\u00f3n es minimizar los da\u00f1os, dotando de medios suficientes\u00a0a las personas titulares o gestoras de los terrenos [&hellip;]","og_url":"https:\/\/www.uaga.eus\/eu\/diputacion-declara-rioja-alavesa-como-area-de-emergencia-cinegetica-temporal-para-hacer-frente-a-la-plaga-de-conejos\/","og_site_name":"UAGA","article_published_time":"2023-04-14T11:22:36+00:00","og_image":[{"width":698,"height":281,"url":"https:\/\/www.uaga.eus\/wp-content\/uploads\/2020\/04\/conejo-e1587990005222.jpg","type":"image\/jpeg"}],"author":"Blanca S\u00e1nchez","twitter_card":"summary_large_image","twitter_misc":{"Written by":"Blanca S\u00e1nchez","Est. reading time":"1 minutua"},"schema":{"@context":"https:\/\/schema.org","@graph":[{"@type":"WebPage","@id":"https:\/\/www.uaga.eus\/eu\/diputacion-declara-rioja-alavesa-como-area-de-emergencia-cinegetica-temporal-para-hacer-frente-a-la-plaga-de-conejos\/","url":"https:\/\/www.uaga.eus\/eu\/diputacion-declara-rioja-alavesa-como-area-de-emergencia-cinegetica-temporal-para-hacer-frente-a-la-plaga-de-conejos\/","name":"Diputaci\u00f3n declara Rioja Alavesa como \u00e1rea de emergencia cineg\u00e9tica temporal para hacer frente a la plaga de conejos - UAGA","isPartOf":{"@id":"https:\/\/www.uaga.eus\/#website"},"datePublished":"2023-04-14T11:22:36+00:00","dateModified":"2023-04-14T11:22:36+00:00","author":{"@id":"https:\/\/www.uaga.eus\/#\/schema\/person\/48c3cbf0f33d1b788226dbb6518689cf"},"breadcrumb":{"@id":"https:\/\/www.uaga.eus\/eu\/diputacion-declara-rioja-alavesa-como-area-de-emergencia-cinegetica-temporal-para-hacer-frente-a-la-plaga-de-conejos\/#breadcrumb"},"inLanguage":"eu","potentialAction":[{"@type":"ReadAction","target":["https:\/\/www.uaga.eus\/eu\/diputacion-declara-rioja-alavesa-como-area-de-emergencia-cinegetica-temporal-para-hacer-frente-a-la-plaga-de-conejos\/"]}]},{"@type":"BreadcrumbList","@id":"https:\/\/www.uaga.eus\/eu\/diputacion-declara-rioja-alavesa-como-area-de-emergencia-cinegetica-temporal-para-hacer-frente-a-la-plaga-de-conejos\/#breadcrumb","itemListElement":[{"@type":"ListItem","position":1,"name":"Inicio","item":"https:\/\/www.uaga.eus\/"},{"@type":"ListItem","position":2,"name":"Diputaci\u00f3n declara Rioja Alavesa como \u00e1rea de emergencia cineg\u00e9tica temporal para hacer frente a la plaga de conejos"}]},{"@type":"WebSite","@id":"https:\/\/www.uaga.eus\/#website","url":"https:\/\/www.uaga.eus\/","name":"UAGA","description":"Uni\u00f3n Agroganadera de \u00c1lava - Araba Nekazarien Elkartea","potentialAction":[{"@type":"SearchAction","target":{"@type":"EntryPoint","urlTemplate":"https:\/\/www.uaga.eus\/?s={search_term_string}"},"query-input":"required name=search_term_string"}],"inLanguage":"eu"},{"@type":"Person","@id":"https:\/\/www.uaga.eus\/#\/schema\/person\/48c3cbf0f33d1b788226dbb6518689cf","name":"Blanca S\u00e1nchez","image":{"@type":"ImageObject","inLanguage":"eu","@id":"https:\/\/www.uaga.eus\/#\/schema\/person\/image\/","url":"https:\/\/secure.gravatar.com\/avatar\/0dc91c20648254b1ce84877283f6751b?s=96&d=mm&r=g","contentUrl":"https:\/\/secure.gravatar.com\/avatar\/0dc91c20648254b1ce84877283f6751b?s=96&d=mm&r=g","caption":"Blanca S\u00e1nchez"},"url":"https:\/\/www.uaga.eus\/eu\/author\/bsanchez\/"}]}},"_links":{"self":[{"href":"https:\/\/www.uaga.eus\/eu\/wp-json\/wp\/v2\/posts\/11366"}],"collection":[{"href":"https:\/\/www.uaga.eus\/eu\/wp-json\/wp\/v2\/posts"}],"about":[{"href":"https:\/\/www.uaga.eus\/eu\/wp-json\/wp\/v2\/types\/post"}],"author":[{"embeddable":true,"href":"https:\/\/www.uaga.eus\/eu\/wp-json\/wp\/v2\/users\/4"}],"replies":[{"embeddable":true,"href":"https:\/\/www.uaga.eus\/eu\/wp-json\/wp\/v2\/comments?post=11366"}],"version-history":[{"count":1,"href":"https:\/\/www.uaga.eus\/eu\/wp-json\/wp\/v2\/posts\/11366\/revisions"}],"predecessor-version":[{"id":11367,"href":"https:\/\/www.uaga.eus\/eu\/wp-json\/wp\/v2\/posts\/11366\/revisions\/11367"}],"wp:featuredmedia":[{"embeddable":true,"href":"https:\/\/www.uaga.eus\/eu\/wp-json\/wp\/v2\/media\/7303"}],"wp:attachment":[{"href":"https:\/\/www.uaga.eus\/eu\/wp-json\/wp\/v2\/media?parent=11366"}],"wp:term":[{"taxonomy":"category","embeddable":true,"href":"https:\/\/www.uaga.eus\/eu\/wp-json\/wp\/v2\/categories?post=11366"},{"taxonomy":"post_tag","embeddable":true,"href":"https:\/\/www.uaga.eus\/eu\/wp-json\/wp\/v2\/tags?post=11366"}],"curies":[{"name":"wp","href":"https:\/\/api.w.org\/{rel}","templated":true}]}}