{"id":11263,"date":"2023-03-10T13:24:47","date_gmt":"2023-03-10T13:24:47","guid":{"rendered":"https:\/\/www.uaga.eus\/?p=11263"},"modified":"2023-03-10T13:24:47","modified_gmt":"2023-03-10T13:24:47","slug":"las-ayudas-para-la-contratacion-de-seguros-de-vinedo-podran-solicitarse-a-partir-del-3-de-abril","status":"publish","type":"post","link":"https:\/\/www.uaga.eus\/eu\/las-ayudas-para-la-contratacion-de-seguros-de-vinedo-podran-solicitarse-a-partir-del-3-de-abril\/","title":{"rendered":"Las ayudas para la contrataci\u00f3n de seguros de\u00a0 vi\u00f1edo podr\u00e1n solicitarse a partir del 3 de abril"},"content":{"rendered":"<p>La Diputaci\u00f3n de \u00c1lava ha aprobado la convocatoria de ayudas destinadas a la contrataci\u00f3n de seguros de vi\u00f1edo para el a\u00f1o 2023 con un presupuesto de 240.000 euros<\/p>\n<p>El plazo para solicitar las ayudas estar\u00e1 abierto <strong>desde el d\u00eda 3 de abril hasta el 31 de mayo de 2023, ambos inclusive.<\/strong><\/p>\n<p>Ser\u00e1n subvencionables los seguros recogidos dentro de las l\u00edneas y m\u00f3dulos del Plan Nacional de Seguros Agrarios Combinados vigente en el a\u00f1o 2022\u00a0y de aplicaci\u00f3n en el Territorio Hist\u00f3rico de \u00c1lava para la uva de vinificaci\u00f3n.<\/p>\n<p>Para acceder a las ayudas es necesario ser mayor de 18 a\u00f1os y menor de la edad oficial de jubilaci\u00f3n en el momento de finalizaci\u00f3n del plazo de presentaci\u00f3n de solicitudes de ayuda.(la edad oficial de jubilaci\u00f3n establecida para 2023 es de 66 a\u00f1os y 4 meses).<\/p>\n<p>Se recuerda que, las <strong>personas jur\u00eddicas<\/strong>\u00a0est\u00e1n <strong>obligadas a realizar dicho tr\u00e1mite por v\u00eda telem\u00e1tica<\/strong>, a trav\u00e9s de la sede electr\u00f3nica, a la que puedes acceder mediante el siguiente <a href=\"https:\/\/egoitza.araba.eus\/es\/-\/ayudas-seguro-vinedos\" target=\"_blank\" rel=\"noopener\" data-cke-saved-href=\"https:\/\/egoitza.araba.eus\/es\/-\/ayudas-seguro-vinedos\">enlace<\/a>.<\/p>\n<p>Puedes consultar la convocatoria en el siguiente <a href=\"https:\/\/www.araba.eus\/botha\/Boletines\/2023\/029\/2023_029_00670_C.pdf\" data-cke-saved-href=\"https:\/\/www.araba.eus\/botha\/Boletines\/2023\/029\/2023_029_00670_C.pdf\">enlace<\/a>.<\/p>\n<p>+INFO H\u00c9CTOR: 618 670 869<\/p>\n","protected":false},"excerpt":{"rendered":"<p>La Diputaci\u00f3n de \u00c1lava ha aprobado la convocatoria de ayudas destinadas a la contrataci\u00f3n de seguros de vi\u00f1edo para el a\u00f1o 2023 con un presupuesto de 240.000 euros El plazo para solicitar las ayudas estar\u00e1 abierto desde el d\u00eda 3 de abril hasta el 31 de mayo de 2023, ambos inclusive. Ser\u00e1n subvencionables los seguros [&hellip;]<\/p>\n","protected":false},"author":4,"featured_media":2615,"comment_status":"closed","ping_status":"closed","sticky":false,"template":"","format":"standard","meta":{"footnotes":""},"categories":[7,6],"tags":[],"yoast_head":"<!-- This site is optimized with the Yoast SEO plugin v21.5 - https:\/\/yoast.com\/wordpress\/plugins\/seo\/ -->\n<title>Las ayudas para la contrataci\u00f3n de seguros de\u00a0 vi\u00f1edo podr\u00e1n solicitarse a partir del 3 de abril - UAGA<\/title>\n<meta name=\"robots\" content=\"index, follow, max-snippet:-1, max-image-preview:large, max-video-preview:-1\" \/>\n<link rel=\"canonical\" href=\"https:\/\/www.uaga.eus\/las-ayudas-para-la-contratacion-de-seguros-de-vinedo-podran-solicitarse-a-partir-del-3-de-abril\/\" \/>\n<meta property=\"og:locale\" content=\"en_US\" \/>\n<meta property=\"og:type\" content=\"article\" \/>\n<meta property=\"og:title\" content=\"Las ayudas para la contrataci\u00f3n de seguros de\u00a0 vi\u00f1edo podr\u00e1n solicitarse a partir del 3 de abril - UAGA\" \/>\n<meta property=\"og:description\" content=\"La Diputaci\u00f3n de \u00c1lava ha aprobado la convocatoria de ayudas destinadas a la contrataci\u00f3n de seguros de vi\u00f1edo para el a\u00f1o 2023 con un presupuesto de 240.000 euros El plazo para solicitar las ayudas estar\u00e1 abierto desde el d\u00eda 3 de abril hasta el 31 de mayo de 2023, ambos inclusive. Ser\u00e1n subvencionables los seguros [&hellip;]\" \/>\n<meta property=\"og:url\" content=\"https:\/\/www.uaga.eus\/las-ayudas-para-la-contratacion-de-seguros-de-vinedo-podran-solicitarse-a-partir-del-3-de-abril\/\" \/>\n<meta property=\"og:site_name\" content=\"UAGA\" \/>\n<meta property=\"article:published_time\" content=\"2023-03-10T13:24:47+00:00\" \/>\n<meta property=\"og:image\" content=\"https:\/\/www.uaga.eus\/wp-content\/uploads\/2018\/04\/vi\u00f1a-helada.jpg\" \/>\n\t<meta property=\"og:image:width\" content=\"650\" \/>\n\t<meta property=\"og:image:height\" content=\"330\" \/>\n\t<meta property=\"og:image:type\" content=\"image\/jpeg\" \/>\n<meta name=\"author\" content=\"Blanca S\u00e1nchez\" \/>\n<meta name=\"twitter:card\" content=\"summary_large_image\" \/>\n<meta name=\"twitter:label1\" content=\"Written by\" \/>\n\t<meta name=\"twitter:data1\" content=\"Blanca S\u00e1nchez\" \/>\n\t<meta name=\"twitter:label2\" content=\"Est. reading time\" \/>\n\t<meta name=\"twitter:data2\" content=\"1 minutua\" \/>\n<script type=\"application\/ld+json\" class=\"yoast-schema-graph\">{\"@context\":\"https:\/\/schema.org\",\"@graph\":[{\"@type\":\"WebPage\",\"@id\":\"https:\/\/www.uaga.eus\/las-ayudas-para-la-contratacion-de-seguros-de-vinedo-podran-solicitarse-a-partir-del-3-de-abril\/\",\"url\":\"https:\/\/www.uaga.eus\/las-ayudas-para-la-contratacion-de-seguros-de-vinedo-podran-solicitarse-a-partir-del-3-de-abril\/\",\"name\":\"Las ayudas para la contrataci\u00f3n de seguros de\u00a0 vi\u00f1edo podr\u00e1n solicitarse a partir del 3 de abril - UAGA\",\"isPartOf\":{\"@id\":\"https:\/\/www.uaga.eus\/#website\"},\"datePublished\":\"2023-03-10T13:24:47+00:00\",\"dateModified\":\"2023-03-10T13:24:47+00:00\",\"author\":{\"@id\":\"https:\/\/www.uaga.eus\/#\/schema\/person\/48c3cbf0f33d1b788226dbb6518689cf\"},\"breadcrumb\":{\"@id\":\"https:\/\/www.uaga.eus\/las-ayudas-para-la-contratacion-de-seguros-de-vinedo-podran-solicitarse-a-partir-del-3-de-abril\/#breadcrumb\"},\"inLanguage\":\"eu\",\"potentialAction\":[{\"@type\":\"ReadAction\",\"target\":[\"https:\/\/www.uaga.eus\/las-ayudas-para-la-contratacion-de-seguros-de-vinedo-podran-solicitarse-a-partir-del-3-de-abril\/\"]}]},{\"@type\":\"BreadcrumbList\",\"@id\":\"https:\/\/www.uaga.eus\/las-ayudas-para-la-contratacion-de-seguros-de-vinedo-podran-solicitarse-a-partir-del-3-de-abril\/#breadcrumb\",\"itemListElement\":[{\"@type\":\"ListItem\",\"position\":1,\"name\":\"Inicio\",\"item\":\"https:\/\/www.uaga.eus\/\"},{\"@type\":\"ListItem\",\"position\":2,\"name\":\"Las ayudas para la contrataci\u00f3n de seguros de\u00a0 vi\u00f1edo podr\u00e1n solicitarse a partir del 3 de abril\"}]},{\"@type\":\"WebSite\",\"@id\":\"https:\/\/www.uaga.eus\/#website\",\"url\":\"https:\/\/www.uaga.eus\/\",\"name\":\"UAGA\",\"description\":\"Uni\u00f3n Agroganadera de \u00c1lava - Araba Nekazarien Elkartea\",\"potentialAction\":[{\"@type\":\"SearchAction\",\"target\":{\"@type\":\"EntryPoint\",\"urlTemplate\":\"https:\/\/www.uaga.eus\/?s={search_term_string}\"},\"query-input\":\"required name=search_term_string\"}],\"inLanguage\":\"eu\"},{\"@type\":\"Person\",\"@id\":\"https:\/\/www.uaga.eus\/#\/schema\/person\/48c3cbf0f33d1b788226dbb6518689cf\",\"name\":\"Blanca S\u00e1nchez\",\"image\":{\"@type\":\"ImageObject\",\"inLanguage\":\"eu\",\"@id\":\"https:\/\/www.uaga.eus\/#\/schema\/person\/image\/\",\"url\":\"https:\/\/secure.gravatar.com\/avatar\/0dc91c20648254b1ce84877283f6751b?s=96&d=mm&r=g\",\"contentUrl\":\"https:\/\/secure.gravatar.com\/avatar\/0dc91c20648254b1ce84877283f6751b?s=96&d=mm&r=g\",\"caption\":\"Blanca S\u00e1nchez\"},\"url\":\"https:\/\/www.uaga.eus\/eu\/author\/bsanchez\/\"}]}<\/script>\n<!-- \/ Yoast SEO plugin. -->","yoast_head_json":{"title":"Las ayudas para la contrataci\u00f3n de seguros de\u00a0 vi\u00f1edo podr\u00e1n solicitarse a partir del 3 de abril - UAGA","robots":{"index":"index","follow":"follow","max-snippet":"max-snippet:-1","max-image-preview":"max-image-preview:large","max-video-preview":"max-video-preview:-1"},"canonical":"https:\/\/www.uaga.eus\/las-ayudas-para-la-contratacion-de-seguros-de-vinedo-podran-solicitarse-a-partir-del-3-de-abril\/","og_locale":"en_US","og_type":"article","og_title":"Las ayudas para la contrataci\u00f3n de seguros de\u00a0 vi\u00f1edo podr\u00e1n solicitarse a partir del 3 de abril - UAGA","og_description":"La Diputaci\u00f3n de \u00c1lava ha aprobado la convocatoria de ayudas destinadas a la contrataci\u00f3n de seguros de vi\u00f1edo para el a\u00f1o 2023 con un presupuesto de 240.000 euros El plazo para solicitar las ayudas estar\u00e1 abierto desde el d\u00eda 3 de abril hasta el 31 de mayo de 2023, ambos inclusive. Ser\u00e1n subvencionables los seguros [&hellip;]","og_url":"https:\/\/www.uaga.eus\/las-ayudas-para-la-contratacion-de-seguros-de-vinedo-podran-solicitarse-a-partir-del-3-de-abril\/","og_site_name":"UAGA","article_published_time":"2023-03-10T13:24:47+00:00","og_image":[{"width":650,"height":330,"url":"https:\/\/www.uaga.eus\/wp-content\/uploads\/2018\/04\/vi\u00f1a-helada.jpg","type":"image\/jpeg"}],"author":"Blanca S\u00e1nchez","twitter_card":"summary_large_image","twitter_misc":{"Written by":"Blanca S\u00e1nchez","Est. reading time":"1 minutua"},"schema":{"@context":"https:\/\/schema.org","@graph":[{"@type":"WebPage","@id":"https:\/\/www.uaga.eus\/las-ayudas-para-la-contratacion-de-seguros-de-vinedo-podran-solicitarse-a-partir-del-3-de-abril\/","url":"https:\/\/www.uaga.eus\/las-ayudas-para-la-contratacion-de-seguros-de-vinedo-podran-solicitarse-a-partir-del-3-de-abril\/","name":"Las ayudas para la contrataci\u00f3n de seguros de\u00a0 vi\u00f1edo podr\u00e1n solicitarse a partir del 3 de abril - UAGA","isPartOf":{"@id":"https:\/\/www.uaga.eus\/#website"},"datePublished":"2023-03-10T13:24:47+00:00","dateModified":"2023-03-10T13:24:47+00:00","author":{"@id":"https:\/\/www.uaga.eus\/#\/schema\/person\/48c3cbf0f33d1b788226dbb6518689cf"},"breadcrumb":{"@id":"https:\/\/www.uaga.eus\/las-ayudas-para-la-contratacion-de-seguros-de-vinedo-podran-solicitarse-a-partir-del-3-de-abril\/#breadcrumb"},"inLanguage":"eu","potentialAction":[{"@type":"ReadAction","target":["https:\/\/www.uaga.eus\/las-ayudas-para-la-contratacion-de-seguros-de-vinedo-podran-solicitarse-a-partir-del-3-de-abril\/"]}]},{"@type":"BreadcrumbList","@id":"https:\/\/www.uaga.eus\/las-ayudas-para-la-contratacion-de-seguros-de-vinedo-podran-solicitarse-a-partir-del-3-de-abril\/#breadcrumb","itemListElement":[{"@type":"ListItem","position":1,"name":"Inicio","item":"https:\/\/www.uaga.eus\/"},{"@type":"ListItem","position":2,"name":"Las ayudas para la contrataci\u00f3n de seguros de\u00a0 vi\u00f1edo podr\u00e1n solicitarse a partir del 3 de abril"}]},{"@type":"WebSite","@id":"https:\/\/www.uaga.eus\/#website","url":"https:\/\/www.uaga.eus\/","name":"UAGA","description":"Uni\u00f3n Agroganadera de \u00c1lava - Araba Nekazarien Elkartea","potentialAction":[{"@type":"SearchAction","target":{"@type":"EntryPoint","urlTemplate":"https:\/\/www.uaga.eus\/?s={search_term_string}"},"query-input":"required name=search_term_string"}],"inLanguage":"eu"},{"@type":"Person","@id":"https:\/\/www.uaga.eus\/#\/schema\/person\/48c3cbf0f33d1b788226dbb6518689cf","name":"Blanca S\u00e1nchez","image":{"@type":"ImageObject","inLanguage":"eu","@id":"https:\/\/www.uaga.eus\/#\/schema\/person\/image\/","url":"https:\/\/secure.gravatar.com\/avatar\/0dc91c20648254b1ce84877283f6751b?s=96&d=mm&r=g","contentUrl":"https:\/\/secure.gravatar.com\/avatar\/0dc91c20648254b1ce84877283f6751b?s=96&d=mm&r=g","caption":"Blanca S\u00e1nchez"},"url":"https:\/\/www.uaga.eus\/eu\/author\/bsanchez\/"}]}},"_links":{"self":[{"href":"https:\/\/www.uaga.eus\/eu\/wp-json\/wp\/v2\/posts\/11263"}],"collection":[{"href":"https:\/\/www.uaga.eus\/eu\/wp-json\/wp\/v2\/posts"}],"about":[{"href":"https:\/\/www.uaga.eus\/eu\/wp-json\/wp\/v2\/types\/post"}],"author":[{"embeddable":true,"href":"https:\/\/www.uaga.eus\/eu\/wp-json\/wp\/v2\/users\/4"}],"replies":[{"embeddable":true,"href":"https:\/\/www.uaga.eus\/eu\/wp-json\/wp\/v2\/comments?post=11263"}],"version-history":[{"count":1,"href":"https:\/\/www.uaga.eus\/eu\/wp-json\/wp\/v2\/posts\/11263\/revisions"}],"predecessor-version":[{"id":11264,"href":"https:\/\/www.uaga.eus\/eu\/wp-json\/wp\/v2\/posts\/11263\/revisions\/11264"}],"wp:featuredmedia":[{"embeddable":true,"href":"https:\/\/www.uaga.eus\/eu\/wp-json\/wp\/v2\/media\/2615"}],"wp:attachment":[{"href":"https:\/\/www.uaga.eus\/eu\/wp-json\/wp\/v2\/media?parent=11263"}],"wp:term":[{"taxonomy":"category","embeddable":true,"href":"https:\/\/www.uaga.eus\/eu\/wp-json\/wp\/v2\/categories?post=11263"},{"taxonomy":"post_tag","embeddable":true,"href":"https:\/\/www.uaga.eus\/eu\/wp-json\/wp\/v2\/tags?post=11263"}],"curies":[{"name":"wp","href":"https:\/\/api.w.org\/{rel}","templated":true}]}}