{"id":11024,"date":"2023-02-17T13:00:39","date_gmt":"2023-02-17T13:00:39","guid":{"rendered":"https:\/\/www.uaga.eus\/?p=11024"},"modified":"2023-02-17T13:01:26","modified_gmt":"2023-02-17T13:01:26","slug":"numerosa-participacion-en-la-jornada-sobre-la-nueva-pac-organizada-por-uaga","status":"publish","type":"post","link":"https:\/\/www.uaga.eus\/eu\/numerosa-participacion-en-la-jornada-sobre-la-nueva-pac-organizada-por-uaga\/","title":{"rendered":"Numerosa participaci\u00f3n en la jornada sobre la nueva PAC organizada por UAGA"},"content":{"rendered":"<p>Esta semana ha tenido lugar la jornada informativa sobre la nueva PAC 2023-2027 organizada por UAGA, con la colaboraci\u00f3n de la Diputaci\u00f3n Foral de \u00c1lava, Gobierno Vasco y Neiker y a la que han asistido m\u00e1s de 230 participantes.<\/p>\n<p>La jornada ha servido para concretar cuestiones importantes sobre las novedades de la normativa que entra en vigor este a\u00f1o, entre las que se encuentran:<\/p>\n<p>&#8211;\u00a0<strong>Consideraci\u00f3n de parcelas de regad\u00edo para los Eco Reg\u00edmenes<\/strong>: se considerar\u00e1n de regad\u00edo todas las parcelas que se van a regar en 2023 o se hayan regado en el periodo 2020-2022, independientemente de su categor\u00eda para los derechos (ABRS).<br \/>\n<em>Atenci\u00f3n a esta nueva consideraci\u00f3n, ya que puede suponer cambios para acogerse a los Eco Regimenes en base a la programaci\u00f3n de cultivos inicial, por lo que es importante revisar la nueva situaci\u00f3n de cada parcela para poder acogerse a los\u00a0 <\/em><em>Eco Regimenes en el\u00a0<\/em><em>al m\u00e1ximo de parcelas de la explotaci\u00f3n.<\/em><\/p>\n<p>&#8211; <strong>Franjas de protecci\u00f3n en los m\u00e1rgenes de los cursos de agua<\/strong> establecidos en el SIGPAC: se van a considerar como superficie admisible y elegible para el cobro de las ayudas. Se deben comprobar las superficies de las parcelas.<\/p>\n<p>&#8211; <strong>Eco Reg\u00edmenes Trevi\u00f1o<\/strong>: toda la comarca ser\u00e1 considerada como secano h\u00famedo<\/p>\n<p>&#8211; <strong>Eco R\u00e9gimen de rotaci\u00f3n<\/strong>: para la superficie m\u00ednima de los cultivos mejorantes (10%), se toma como referencia la superficie acogida a este Eco R\u00e9gimen exclusivamente, no al total de la superficie.<\/p>\n<p>Puedes ampliar la informaci\u00f3n sobre las novedades PAC recogidas en la presentaci\u00f3n de Alfredo S\u00e1ez del Castillo de Diputaci\u00f3n en siguiente <a href=\"https:\/\/mcusercontent.com\/498b950ccfc4b8d0e600d7e48\/files\/8086bccb-456e-1e10-2016-23a026f56a45\/Charla_PAC_UAGA_Alfredo_Sz_Castillo.pdf\" target=\"_blank\" rel=\"noopener\" data-cke-saved-href=\"https:\/\/mcusercontent.com\/498b950ccfc4b8d0e600d7e48\/files\/8086bccb-456e-1e10-2016-23a026f56a45\/Charla_PAC_UAGA_Alfredo_Sz_Castillo.pdf\">enlace<\/a>.<\/p>\n<p>+INFO SUGOI: 675 707 696<\/p>\n","protected":false},"excerpt":{"rendered":"<p>Esta semana ha tenido lugar la jornada informativa sobre la nueva PAC 2023-2027 organizada por UAGA, con la colaboraci\u00f3n de la Diputaci\u00f3n Foral de \u00c1lava, Gobierno Vasco y Neiker y a la que han asistido m\u00e1s de 230 participantes. La jornada ha servido para concretar cuestiones importantes sobre las novedades de la normativa que entra [&hellip;]<\/p>\n","protected":false},"author":4,"featured_media":10999,"comment_status":"closed","ping_status":"closed","sticky":false,"template":"","format":"standard","meta":{"footnotes":""},"categories":[7,8,3,4],"tags":[],"yoast_head":"<!-- This site is optimized with the Yoast SEO plugin v21.5 - https:\/\/yoast.com\/wordpress\/plugins\/seo\/ -->\n<title>Numerosa participaci\u00f3n en la jornada sobre la nueva PAC organizada por UAGA - UAGA<\/title>\n<meta name=\"robots\" content=\"index, follow, max-snippet:-1, max-image-preview:large, max-video-preview:-1\" \/>\n<link rel=\"canonical\" href=\"https:\/\/www.uaga.eus\/eu\/numerosa-participacion-en-la-jornada-sobre-la-nueva-pac-organizada-por-uaga\/\" \/>\n<meta property=\"og:locale\" content=\"en_US\" \/>\n<meta property=\"og:type\" content=\"article\" \/>\n<meta property=\"og:title\" content=\"Numerosa participaci\u00f3n en la jornada sobre la nueva PAC organizada por UAGA - UAGA\" \/>\n<meta property=\"og:description\" content=\"Esta semana ha tenido lugar la jornada informativa sobre la nueva PAC 2023-2027 organizada por UAGA, con la colaboraci\u00f3n de la Diputaci\u00f3n Foral de \u00c1lava, Gobierno Vasco y Neiker y a la que han asistido m\u00e1s de 230 participantes. La jornada ha servido para concretar cuestiones importantes sobre las novedades de la normativa que entra [&hellip;]\" \/>\n<meta property=\"og:url\" content=\"https:\/\/www.uaga.eus\/eu\/numerosa-participacion-en-la-jornada-sobre-la-nueva-pac-organizada-por-uaga\/\" \/>\n<meta property=\"og:site_name\" content=\"UAGA\" \/>\n<meta property=\"article:published_time\" content=\"2023-02-17T13:00:39+00:00\" \/>\n<meta property=\"article:modified_time\" content=\"2023-02-17T13:01:26+00:00\" \/>\n<meta property=\"og:image\" content=\"https:\/\/www.uaga.eus\/wp-content\/uploads\/2023\/02\/230114-jornada-pac-e1676638823293.jpeg\" \/>\n\t<meta property=\"og:image:width\" content=\"700\" \/>\n\t<meta property=\"og:image:height\" content=\"420\" \/>\n\t<meta property=\"og:image:type\" content=\"image\/jpeg\" \/>\n<meta name=\"author\" content=\"Blanca S\u00e1nchez\" \/>\n<meta name=\"twitter:card\" content=\"summary_large_image\" \/>\n<meta name=\"twitter:label1\" content=\"Written by\" \/>\n\t<meta name=\"twitter:data1\" content=\"Blanca S\u00e1nchez\" \/>\n\t<meta name=\"twitter:label2\" content=\"Est. reading time\" \/>\n\t<meta name=\"twitter:data2\" content=\"1 minutua\" \/>\n<script type=\"application\/ld+json\" class=\"yoast-schema-graph\">{\"@context\":\"https:\/\/schema.org\",\"@graph\":[{\"@type\":\"WebPage\",\"@id\":\"https:\/\/www.uaga.eus\/eu\/numerosa-participacion-en-la-jornada-sobre-la-nueva-pac-organizada-por-uaga\/\",\"url\":\"https:\/\/www.uaga.eus\/eu\/numerosa-participacion-en-la-jornada-sobre-la-nueva-pac-organizada-por-uaga\/\",\"name\":\"Numerosa participaci\u00f3n en la jornada sobre la nueva PAC organizada por UAGA - UAGA\",\"isPartOf\":{\"@id\":\"https:\/\/www.uaga.eus\/#website\"},\"datePublished\":\"2023-02-17T13:00:39+00:00\",\"dateModified\":\"2023-02-17T13:01:26+00:00\",\"author\":{\"@id\":\"https:\/\/www.uaga.eus\/#\/schema\/person\/48c3cbf0f33d1b788226dbb6518689cf\"},\"breadcrumb\":{\"@id\":\"https:\/\/www.uaga.eus\/eu\/numerosa-participacion-en-la-jornada-sobre-la-nueva-pac-organizada-por-uaga\/#breadcrumb\"},\"inLanguage\":\"eu\",\"potentialAction\":[{\"@type\":\"ReadAction\",\"target\":[\"https:\/\/www.uaga.eus\/eu\/numerosa-participacion-en-la-jornada-sobre-la-nueva-pac-organizada-por-uaga\/\"]}]},{\"@type\":\"BreadcrumbList\",\"@id\":\"https:\/\/www.uaga.eus\/eu\/numerosa-participacion-en-la-jornada-sobre-la-nueva-pac-organizada-por-uaga\/#breadcrumb\",\"itemListElement\":[{\"@type\":\"ListItem\",\"position\":1,\"name\":\"Inicio\",\"item\":\"https:\/\/www.uaga.eus\/\"},{\"@type\":\"ListItem\",\"position\":2,\"name\":\"Numerosa participaci\u00f3n en la jornada sobre la nueva PAC organizada por UAGA\"}]},{\"@type\":\"WebSite\",\"@id\":\"https:\/\/www.uaga.eus\/#website\",\"url\":\"https:\/\/www.uaga.eus\/\",\"name\":\"UAGA\",\"description\":\"Uni\u00f3n Agroganadera de \u00c1lava - Araba Nekazarien Elkartea\",\"potentialAction\":[{\"@type\":\"SearchAction\",\"target\":{\"@type\":\"EntryPoint\",\"urlTemplate\":\"https:\/\/www.uaga.eus\/?s={search_term_string}\"},\"query-input\":\"required name=search_term_string\"}],\"inLanguage\":\"eu\"},{\"@type\":\"Person\",\"@id\":\"https:\/\/www.uaga.eus\/#\/schema\/person\/48c3cbf0f33d1b788226dbb6518689cf\",\"name\":\"Blanca S\u00e1nchez\",\"image\":{\"@type\":\"ImageObject\",\"inLanguage\":\"eu\",\"@id\":\"https:\/\/www.uaga.eus\/#\/schema\/person\/image\/\",\"url\":\"https:\/\/secure.gravatar.com\/avatar\/0dc91c20648254b1ce84877283f6751b?s=96&d=mm&r=g\",\"contentUrl\":\"https:\/\/secure.gravatar.com\/avatar\/0dc91c20648254b1ce84877283f6751b?s=96&d=mm&r=g\",\"caption\":\"Blanca S\u00e1nchez\"},\"url\":\"https:\/\/www.uaga.eus\/eu\/author\/bsanchez\/\"}]}<\/script>\n<!-- \/ Yoast SEO plugin. -->","yoast_head_json":{"title":"Numerosa participaci\u00f3n en la jornada sobre la nueva PAC organizada por UAGA - UAGA","robots":{"index":"index","follow":"follow","max-snippet":"max-snippet:-1","max-image-preview":"max-image-preview:large","max-video-preview":"max-video-preview:-1"},"canonical":"https:\/\/www.uaga.eus\/eu\/numerosa-participacion-en-la-jornada-sobre-la-nueva-pac-organizada-por-uaga\/","og_locale":"en_US","og_type":"article","og_title":"Numerosa participaci\u00f3n en la jornada sobre la nueva PAC organizada por UAGA - UAGA","og_description":"Esta semana ha tenido lugar la jornada informativa sobre la nueva PAC 2023-2027 organizada por UAGA, con la colaboraci\u00f3n de la Diputaci\u00f3n Foral de \u00c1lava, Gobierno Vasco y Neiker y a la que han asistido m\u00e1s de 230 participantes. La jornada ha servido para concretar cuestiones importantes sobre las novedades de la normativa que entra [&hellip;]","og_url":"https:\/\/www.uaga.eus\/eu\/numerosa-participacion-en-la-jornada-sobre-la-nueva-pac-organizada-por-uaga\/","og_site_name":"UAGA","article_published_time":"2023-02-17T13:00:39+00:00","article_modified_time":"2023-02-17T13:01:26+00:00","og_image":[{"width":700,"height":420,"url":"https:\/\/www.uaga.eus\/wp-content\/uploads\/2023\/02\/230114-jornada-pac-e1676638823293.jpeg","type":"image\/jpeg"}],"author":"Blanca S\u00e1nchez","twitter_card":"summary_large_image","twitter_misc":{"Written by":"Blanca S\u00e1nchez","Est. reading time":"1 minutua"},"schema":{"@context":"https:\/\/schema.org","@graph":[{"@type":"WebPage","@id":"https:\/\/www.uaga.eus\/eu\/numerosa-participacion-en-la-jornada-sobre-la-nueva-pac-organizada-por-uaga\/","url":"https:\/\/www.uaga.eus\/eu\/numerosa-participacion-en-la-jornada-sobre-la-nueva-pac-organizada-por-uaga\/","name":"Numerosa participaci\u00f3n en la jornada sobre la nueva PAC organizada por UAGA - UAGA","isPartOf":{"@id":"https:\/\/www.uaga.eus\/#website"},"datePublished":"2023-02-17T13:00:39+00:00","dateModified":"2023-02-17T13:01:26+00:00","author":{"@id":"https:\/\/www.uaga.eus\/#\/schema\/person\/48c3cbf0f33d1b788226dbb6518689cf"},"breadcrumb":{"@id":"https:\/\/www.uaga.eus\/eu\/numerosa-participacion-en-la-jornada-sobre-la-nueva-pac-organizada-por-uaga\/#breadcrumb"},"inLanguage":"eu","potentialAction":[{"@type":"ReadAction","target":["https:\/\/www.uaga.eus\/eu\/numerosa-participacion-en-la-jornada-sobre-la-nueva-pac-organizada-por-uaga\/"]}]},{"@type":"BreadcrumbList","@id":"https:\/\/www.uaga.eus\/eu\/numerosa-participacion-en-la-jornada-sobre-la-nueva-pac-organizada-por-uaga\/#breadcrumb","itemListElement":[{"@type":"ListItem","position":1,"name":"Inicio","item":"https:\/\/www.uaga.eus\/"},{"@type":"ListItem","position":2,"name":"Numerosa participaci\u00f3n en la jornada sobre la nueva PAC organizada por UAGA"}]},{"@type":"WebSite","@id":"https:\/\/www.uaga.eus\/#website","url":"https:\/\/www.uaga.eus\/","name":"UAGA","description":"Uni\u00f3n Agroganadera de \u00c1lava - Araba Nekazarien Elkartea","potentialAction":[{"@type":"SearchAction","target":{"@type":"EntryPoint","urlTemplate":"https:\/\/www.uaga.eus\/?s={search_term_string}"},"query-input":"required name=search_term_string"}],"inLanguage":"eu"},{"@type":"Person","@id":"https:\/\/www.uaga.eus\/#\/schema\/person\/48c3cbf0f33d1b788226dbb6518689cf","name":"Blanca S\u00e1nchez","image":{"@type":"ImageObject","inLanguage":"eu","@id":"https:\/\/www.uaga.eus\/#\/schema\/person\/image\/","url":"https:\/\/secure.gravatar.com\/avatar\/0dc91c20648254b1ce84877283f6751b?s=96&d=mm&r=g","contentUrl":"https:\/\/secure.gravatar.com\/avatar\/0dc91c20648254b1ce84877283f6751b?s=96&d=mm&r=g","caption":"Blanca S\u00e1nchez"},"url":"https:\/\/www.uaga.eus\/eu\/author\/bsanchez\/"}]}},"_links":{"self":[{"href":"https:\/\/www.uaga.eus\/eu\/wp-json\/wp\/v2\/posts\/11024"}],"collection":[{"href":"https:\/\/www.uaga.eus\/eu\/wp-json\/wp\/v2\/posts"}],"about":[{"href":"https:\/\/www.uaga.eus\/eu\/wp-json\/wp\/v2\/types\/post"}],"author":[{"embeddable":true,"href":"https:\/\/www.uaga.eus\/eu\/wp-json\/wp\/v2\/users\/4"}],"replies":[{"embeddable":true,"href":"https:\/\/www.uaga.eus\/eu\/wp-json\/wp\/v2\/comments?post=11024"}],"version-history":[{"count":1,"href":"https:\/\/www.uaga.eus\/eu\/wp-json\/wp\/v2\/posts\/11024\/revisions"}],"predecessor-version":[{"id":11025,"href":"https:\/\/www.uaga.eus\/eu\/wp-json\/wp\/v2\/posts\/11024\/revisions\/11025"}],"wp:featuredmedia":[{"embeddable":true,"href":"https:\/\/www.uaga.eus\/eu\/wp-json\/wp\/v2\/media\/10999"}],"wp:attachment":[{"href":"https:\/\/www.uaga.eus\/eu\/wp-json\/wp\/v2\/media?parent=11024"}],"wp:term":[{"taxonomy":"category","embeddable":true,"href":"https:\/\/www.uaga.eus\/eu\/wp-json\/wp\/v2\/categories?post=11024"},{"taxonomy":"post_tag","embeddable":true,"href":"https:\/\/www.uaga.eus\/eu\/wp-json\/wp\/v2\/tags?post=11024"}],"curies":[{"name":"wp","href":"https:\/\/api.w.org\/{rel}","templated":true}]}}