{"id":11020,"date":"2023-02-17T12:59:11","date_gmt":"2023-02-17T12:59:11","guid":{"rendered":"https:\/\/www.uaga.eus\/?p=11020"},"modified":"2023-02-17T12:59:11","modified_gmt":"2023-02-17T12:59:11","slug":"preocupacion-en-el-sector-de-remolacha-de-uaga-ante-la-prohibicion-del-uso-de-neonicotinoides-en-semilla","status":"publish","type":"post","link":"https:\/\/www.uaga.eus\/eu\/preocupacion-en-el-sector-de-remolacha-de-uaga-ante-la-prohibicion-del-uso-de-neonicotinoides-en-semilla\/","title":{"rendered":"Preocupaci\u00f3n en el sector de remolacha de UAGA ante la prohibici\u00f3n del uso de neonicotinoides en semilla\u00a0"},"content":{"rendered":"<p>El Ministerio ha informado que proh\u00edbe el uso de neonicotinoides en semilla de remolacha, siguiendo la sentencia del Tribunal de Justicia de la Uni\u00f3n Europea publicada a finales de enero.<\/p>\n<p>Desde UAGA valoramos esta prohibici\u00f3n de forma muy negativa para el sector, ya que supone eliminar una herramienta eficaz en el control de pulguilla y pulgones transmisores de graves enfermedades como la amarillez.<\/p>\n<p>Esta prohibici\u00f3n se suma a la compleja situaci\u00f3n actual con Azucarera, que ha eliminado la interlocuci\u00f3n con los colectivos y que a escasos d\u00edas del periodo de siembra, todav\u00eda sigue sin facilitar a los productores las condiciones y detalles del contrato para esta campa\u00f1a.<\/p>\n<p>Esta situaci\u00f3n genera un nuevo retroceso para el sector de la remolacha, que va a suponer un incremento de los costes de producci\u00f3n y una menor rentabilidad del cultivo para las personas productoras. Es necesario activar medidas compensatorias ante posibles da\u00f1os por no disponer herramientas eficaces para controlar las plagas, as\u00ed como poner en marcha alternativas fitosanitarias que sirvan para minimizar los da\u00f1os.<\/p>\n<p>+INFO SUGOI: 675 707 696<\/p>\n","protected":false},"excerpt":{"rendered":"<p>El Ministerio ha informado que proh\u00edbe el uso de neonicotinoides en semilla de remolacha, siguiendo la sentencia del Tribunal de Justicia de la Uni\u00f3n Europea publicada a finales de enero. Desde UAGA valoramos esta prohibici\u00f3n de forma muy negativa para el sector, ya que supone eliminar una herramienta eficaz en el control de pulguilla y [&hellip;]<\/p>\n","protected":false},"author":4,"featured_media":1964,"comment_status":"closed","ping_status":"closed","sticky":false,"template":"","format":"standard","meta":{"footnotes":""},"categories":[7],"tags":[],"yoast_head":"<!-- This site is optimized with the Yoast SEO plugin v21.5 - https:\/\/yoast.com\/wordpress\/plugins\/seo\/ -->\n<title>Preocupaci\u00f3n en el sector de remolacha de UAGA ante la prohibici\u00f3n del uso de neonicotinoides en semilla\u00a0 - UAGA<\/title>\n<meta name=\"robots\" content=\"index, follow, max-snippet:-1, max-image-preview:large, max-video-preview:-1\" \/>\n<link rel=\"canonical\" href=\"https:\/\/www.uaga.eus\/eu\/preocupacion-en-el-sector-de-remolacha-de-uaga-ante-la-prohibicion-del-uso-de-neonicotinoides-en-semilla\/\" \/>\n<meta property=\"og:locale\" content=\"en_US\" \/>\n<meta property=\"og:type\" content=\"article\" \/>\n<meta property=\"og:title\" content=\"Preocupaci\u00f3n en el sector de remolacha de UAGA ante la prohibici\u00f3n del uso de neonicotinoides en semilla\u00a0 - UAGA\" \/>\n<meta property=\"og:description\" content=\"El Ministerio ha informado que proh\u00edbe el uso de neonicotinoides en semilla de remolacha, siguiendo la sentencia del Tribunal de Justicia de la Uni\u00f3n Europea publicada a finales de enero. Desde UAGA valoramos esta prohibici\u00f3n de forma muy negativa para el sector, ya que supone eliminar una herramienta eficaz en el control de pulguilla y [&hellip;]\" \/>\n<meta property=\"og:url\" content=\"https:\/\/www.uaga.eus\/eu\/preocupacion-en-el-sector-de-remolacha-de-uaga-ante-la-prohibicion-del-uso-de-neonicotinoides-en-semilla\/\" \/>\n<meta property=\"og:site_name\" content=\"UAGA\" \/>\n<meta property=\"article:published_time\" content=\"2023-02-17T12:59:11+00:00\" \/>\n<meta property=\"og:image\" content=\"https:\/\/www.uaga.eus\/wp-content\/uploads\/2018\/03\/remolacha-y-tractor.jpg\" \/>\n\t<meta property=\"og:image:width\" content=\"700\" \/>\n\t<meta property=\"og:image:height\" content=\"467\" \/>\n\t<meta property=\"og:image:type\" content=\"image\/jpeg\" \/>\n<meta name=\"author\" content=\"Blanca S\u00e1nchez\" \/>\n<meta name=\"twitter:card\" content=\"summary_large_image\" \/>\n<meta name=\"twitter:label1\" content=\"Written by\" \/>\n\t<meta name=\"twitter:data1\" content=\"Blanca S\u00e1nchez\" \/>\n\t<meta name=\"twitter:label2\" content=\"Est. reading time\" \/>\n\t<meta name=\"twitter:data2\" content=\"1 minutua\" \/>\n<script type=\"application\/ld+json\" class=\"yoast-schema-graph\">{\"@context\":\"https:\/\/schema.org\",\"@graph\":[{\"@type\":\"WebPage\",\"@id\":\"https:\/\/www.uaga.eus\/eu\/preocupacion-en-el-sector-de-remolacha-de-uaga-ante-la-prohibicion-del-uso-de-neonicotinoides-en-semilla\/\",\"url\":\"https:\/\/www.uaga.eus\/eu\/preocupacion-en-el-sector-de-remolacha-de-uaga-ante-la-prohibicion-del-uso-de-neonicotinoides-en-semilla\/\",\"name\":\"Preocupaci\u00f3n en el sector de remolacha de UAGA ante la prohibici\u00f3n del uso de neonicotinoides en semilla\u00a0 - UAGA\",\"isPartOf\":{\"@id\":\"https:\/\/www.uaga.eus\/#website\"},\"datePublished\":\"2023-02-17T12:59:11+00:00\",\"dateModified\":\"2023-02-17T12:59:11+00:00\",\"author\":{\"@id\":\"https:\/\/www.uaga.eus\/#\/schema\/person\/48c3cbf0f33d1b788226dbb6518689cf\"},\"breadcrumb\":{\"@id\":\"https:\/\/www.uaga.eus\/eu\/preocupacion-en-el-sector-de-remolacha-de-uaga-ante-la-prohibicion-del-uso-de-neonicotinoides-en-semilla\/#breadcrumb\"},\"inLanguage\":\"eu\",\"potentialAction\":[{\"@type\":\"ReadAction\",\"target\":[\"https:\/\/www.uaga.eus\/eu\/preocupacion-en-el-sector-de-remolacha-de-uaga-ante-la-prohibicion-del-uso-de-neonicotinoides-en-semilla\/\"]}]},{\"@type\":\"BreadcrumbList\",\"@id\":\"https:\/\/www.uaga.eus\/eu\/preocupacion-en-el-sector-de-remolacha-de-uaga-ante-la-prohibicion-del-uso-de-neonicotinoides-en-semilla\/#breadcrumb\",\"itemListElement\":[{\"@type\":\"ListItem\",\"position\":1,\"name\":\"Inicio\",\"item\":\"https:\/\/www.uaga.eus\/\"},{\"@type\":\"ListItem\",\"position\":2,\"name\":\"Preocupaci\u00f3n en el sector de remolacha de UAGA ante la prohibici\u00f3n del uso de neonicotinoides en semilla\u00a0\"}]},{\"@type\":\"WebSite\",\"@id\":\"https:\/\/www.uaga.eus\/#website\",\"url\":\"https:\/\/www.uaga.eus\/\",\"name\":\"UAGA\",\"description\":\"Uni\u00f3n Agroganadera de \u00c1lava - Araba Nekazarien Elkartea\",\"potentialAction\":[{\"@type\":\"SearchAction\",\"target\":{\"@type\":\"EntryPoint\",\"urlTemplate\":\"https:\/\/www.uaga.eus\/?s={search_term_string}\"},\"query-input\":\"required name=search_term_string\"}],\"inLanguage\":\"eu\"},{\"@type\":\"Person\",\"@id\":\"https:\/\/www.uaga.eus\/#\/schema\/person\/48c3cbf0f33d1b788226dbb6518689cf\",\"name\":\"Blanca S\u00e1nchez\",\"image\":{\"@type\":\"ImageObject\",\"inLanguage\":\"eu\",\"@id\":\"https:\/\/www.uaga.eus\/#\/schema\/person\/image\/\",\"url\":\"https:\/\/secure.gravatar.com\/avatar\/0dc91c20648254b1ce84877283f6751b?s=96&d=mm&r=g\",\"contentUrl\":\"https:\/\/secure.gravatar.com\/avatar\/0dc91c20648254b1ce84877283f6751b?s=96&d=mm&r=g\",\"caption\":\"Blanca S\u00e1nchez\"},\"url\":\"https:\/\/www.uaga.eus\/eu\/author\/bsanchez\/\"}]}<\/script>\n<!-- \/ Yoast SEO plugin. -->","yoast_head_json":{"title":"Preocupaci\u00f3n en el sector de remolacha de UAGA ante la prohibici\u00f3n del uso de neonicotinoides en semilla\u00a0 - UAGA","robots":{"index":"index","follow":"follow","max-snippet":"max-snippet:-1","max-image-preview":"max-image-preview:large","max-video-preview":"max-video-preview:-1"},"canonical":"https:\/\/www.uaga.eus\/eu\/preocupacion-en-el-sector-de-remolacha-de-uaga-ante-la-prohibicion-del-uso-de-neonicotinoides-en-semilla\/","og_locale":"en_US","og_type":"article","og_title":"Preocupaci\u00f3n en el sector de remolacha de UAGA ante la prohibici\u00f3n del uso de neonicotinoides en semilla\u00a0 - UAGA","og_description":"El Ministerio ha informado que proh\u00edbe el uso de neonicotinoides en semilla de remolacha, siguiendo la sentencia del Tribunal de Justicia de la Uni\u00f3n Europea publicada a finales de enero. Desde UAGA valoramos esta prohibici\u00f3n de forma muy negativa para el sector, ya que supone eliminar una herramienta eficaz en el control de pulguilla y [&hellip;]","og_url":"https:\/\/www.uaga.eus\/eu\/preocupacion-en-el-sector-de-remolacha-de-uaga-ante-la-prohibicion-del-uso-de-neonicotinoides-en-semilla\/","og_site_name":"UAGA","article_published_time":"2023-02-17T12:59:11+00:00","og_image":[{"width":700,"height":467,"url":"https:\/\/www.uaga.eus\/wp-content\/uploads\/2018\/03\/remolacha-y-tractor.jpg","type":"image\/jpeg"}],"author":"Blanca S\u00e1nchez","twitter_card":"summary_large_image","twitter_misc":{"Written by":"Blanca S\u00e1nchez","Est. reading time":"1 minutua"},"schema":{"@context":"https:\/\/schema.org","@graph":[{"@type":"WebPage","@id":"https:\/\/www.uaga.eus\/eu\/preocupacion-en-el-sector-de-remolacha-de-uaga-ante-la-prohibicion-del-uso-de-neonicotinoides-en-semilla\/","url":"https:\/\/www.uaga.eus\/eu\/preocupacion-en-el-sector-de-remolacha-de-uaga-ante-la-prohibicion-del-uso-de-neonicotinoides-en-semilla\/","name":"Preocupaci\u00f3n en el sector de remolacha de UAGA ante la prohibici\u00f3n del uso de neonicotinoides en semilla\u00a0 - UAGA","isPartOf":{"@id":"https:\/\/www.uaga.eus\/#website"},"datePublished":"2023-02-17T12:59:11+00:00","dateModified":"2023-02-17T12:59:11+00:00","author":{"@id":"https:\/\/www.uaga.eus\/#\/schema\/person\/48c3cbf0f33d1b788226dbb6518689cf"},"breadcrumb":{"@id":"https:\/\/www.uaga.eus\/eu\/preocupacion-en-el-sector-de-remolacha-de-uaga-ante-la-prohibicion-del-uso-de-neonicotinoides-en-semilla\/#breadcrumb"},"inLanguage":"eu","potentialAction":[{"@type":"ReadAction","target":["https:\/\/www.uaga.eus\/eu\/preocupacion-en-el-sector-de-remolacha-de-uaga-ante-la-prohibicion-del-uso-de-neonicotinoides-en-semilla\/"]}]},{"@type":"BreadcrumbList","@id":"https:\/\/www.uaga.eus\/eu\/preocupacion-en-el-sector-de-remolacha-de-uaga-ante-la-prohibicion-del-uso-de-neonicotinoides-en-semilla\/#breadcrumb","itemListElement":[{"@type":"ListItem","position":1,"name":"Inicio","item":"https:\/\/www.uaga.eus\/"},{"@type":"ListItem","position":2,"name":"Preocupaci\u00f3n en el sector de remolacha de UAGA ante la prohibici\u00f3n del uso de neonicotinoides en semilla\u00a0"}]},{"@type":"WebSite","@id":"https:\/\/www.uaga.eus\/#website","url":"https:\/\/www.uaga.eus\/","name":"UAGA","description":"Uni\u00f3n Agroganadera de \u00c1lava - Araba Nekazarien Elkartea","potentialAction":[{"@type":"SearchAction","target":{"@type":"EntryPoint","urlTemplate":"https:\/\/www.uaga.eus\/?s={search_term_string}"},"query-input":"required name=search_term_string"}],"inLanguage":"eu"},{"@type":"Person","@id":"https:\/\/www.uaga.eus\/#\/schema\/person\/48c3cbf0f33d1b788226dbb6518689cf","name":"Blanca S\u00e1nchez","image":{"@type":"ImageObject","inLanguage":"eu","@id":"https:\/\/www.uaga.eus\/#\/schema\/person\/image\/","url":"https:\/\/secure.gravatar.com\/avatar\/0dc91c20648254b1ce84877283f6751b?s=96&d=mm&r=g","contentUrl":"https:\/\/secure.gravatar.com\/avatar\/0dc91c20648254b1ce84877283f6751b?s=96&d=mm&r=g","caption":"Blanca S\u00e1nchez"},"url":"https:\/\/www.uaga.eus\/eu\/author\/bsanchez\/"}]}},"_links":{"self":[{"href":"https:\/\/www.uaga.eus\/eu\/wp-json\/wp\/v2\/posts\/11020"}],"collection":[{"href":"https:\/\/www.uaga.eus\/eu\/wp-json\/wp\/v2\/posts"}],"about":[{"href":"https:\/\/www.uaga.eus\/eu\/wp-json\/wp\/v2\/types\/post"}],"author":[{"embeddable":true,"href":"https:\/\/www.uaga.eus\/eu\/wp-json\/wp\/v2\/users\/4"}],"replies":[{"embeddable":true,"href":"https:\/\/www.uaga.eus\/eu\/wp-json\/wp\/v2\/comments?post=11020"}],"version-history":[{"count":1,"href":"https:\/\/www.uaga.eus\/eu\/wp-json\/wp\/v2\/posts\/11020\/revisions"}],"predecessor-version":[{"id":11021,"href":"https:\/\/www.uaga.eus\/eu\/wp-json\/wp\/v2\/posts\/11020\/revisions\/11021"}],"wp:featuredmedia":[{"embeddable":true,"href":"https:\/\/www.uaga.eus\/eu\/wp-json\/wp\/v2\/media\/1964"}],"wp:attachment":[{"href":"https:\/\/www.uaga.eus\/eu\/wp-json\/wp\/v2\/media?parent=11020"}],"wp:term":[{"taxonomy":"category","embeddable":true,"href":"https:\/\/www.uaga.eus\/eu\/wp-json\/wp\/v2\/categories?post=11020"},{"taxonomy":"post_tag","embeddable":true,"href":"https:\/\/www.uaga.eus\/eu\/wp-json\/wp\/v2\/tags?post=11020"}],"curies":[{"name":"wp","href":"https:\/\/api.w.org\/{rel}","templated":true}]}}