{"id":11018,"date":"2023-02-17T12:57:25","date_gmt":"2023-02-17T12:57:25","guid":{"rendered":"https:\/\/www.uaga.eus\/?p=11018"},"modified":"2023-02-17T12:57:25","modified_gmt":"2023-02-17T12:57:25","slug":"uaga-solicita-al-gobierno-vasco-una-revision-del-criterio-de-concesion-de-las-ayudas-por-la-guerra-de-ucrania","status":"publish","type":"post","link":"https:\/\/www.uaga.eus\/eu\/uaga-solicita-al-gobierno-vasco-una-revision-del-criterio-de-concesion-de-las-ayudas-por-la-guerra-de-ucrania\/","title":{"rendered":"UAGA solicita al Gobierno Vasco una revisi\u00f3n del criterio de concesi\u00f3n de las ayudas por la guerra de Ucrania"},"content":{"rendered":"<p>UAGA ha trasladado al Gobierno Vasco una solicitud para que revise los\u00a0criterios de concesi\u00f3n de las ayudas por la guerra de Ucrania, con el fin de evitar situaciones discriminatorias y denegaci\u00f3n de ayudas.<\/p>\n<p>Teniendo en cuenta que el conflicto b\u00e9lico de Ucrania se inici\u00f3 en febrero de 2022, todas las explotaciones ganaderas y agr\u00edcolas con actividad durante 2022 han sufrido las consecuencias de la guerra, raz\u00f3n de ser de la convocatoria, por lo que todas ellas deber\u00edan tener cabida como beneficiarias de las ayudas.<\/p>\n<p>Asimismo, se debe poner en valor y tener en cuenta a las explotaciones\u00a0ganaderas que diversifican su actividad mediante el manejo de varias especies ganaderas, considerando su labor de mantenimiento de los montes, del sector y del medio rural. Entendemos que debe estimarse el total de animales de la explotaci\u00f3n de forma conjunta (UGM), en lugar de establecer varemos de forma individualizada para cada especie, generando una discriminaci\u00f3n hacia estas explotaciones.<\/p>\n<p>Por todo ello, hemos solicitado que futuras convocatorias de ayudas de similar \u00edndole se consideren estas cuestiones, de forma que ninguna explotaci\u00f3n quede excluida de las ayudas.<\/p>\n<p>+INFO SUGOI: 675 707 696<\/p>\n","protected":false},"excerpt":{"rendered":"<p>UAGA ha trasladado al Gobierno Vasco una solicitud para que revise los\u00a0criterios de concesi\u00f3n de las ayudas por la guerra de Ucrania, con el fin de evitar situaciones discriminatorias y denegaci\u00f3n de ayudas. Teniendo en cuenta que el conflicto b\u00e9lico de Ucrania se inici\u00f3 en febrero de 2022, todas las explotaciones ganaderas y agr\u00edcolas con [&hellip;]<\/p>\n","protected":false},"author":4,"featured_media":6677,"comment_status":"closed","ping_status":"closed","sticky":false,"template":"","format":"standard","meta":{"footnotes":""},"categories":[7,5,8],"tags":[],"yoast_head":"<!-- This site is optimized with the Yoast SEO plugin v21.5 - https:\/\/yoast.com\/wordpress\/plugins\/seo\/ -->\n<title>UAGA solicita al Gobierno Vasco una revisi\u00f3n del criterio de concesi\u00f3n de las ayudas por la guerra de Ucrania - UAGA<\/title>\n<meta name=\"robots\" content=\"index, follow, max-snippet:-1, max-image-preview:large, max-video-preview:-1\" \/>\n<link rel=\"canonical\" href=\"https:\/\/www.uaga.eus\/uaga-solicita-al-gobierno-vasco-una-revision-del-criterio-de-concesion-de-las-ayudas-por-la-guerra-de-ucrania\/\" \/>\n<meta property=\"og:locale\" content=\"en_US\" \/>\n<meta property=\"og:type\" content=\"article\" \/>\n<meta property=\"og:title\" content=\"UAGA solicita al Gobierno Vasco una revisi\u00f3n del criterio de concesi\u00f3n de las ayudas por la guerra de Ucrania - UAGA\" \/>\n<meta property=\"og:description\" content=\"UAGA ha trasladado al Gobierno Vasco una solicitud para que revise los\u00a0criterios de concesi\u00f3n de las ayudas por la guerra de Ucrania, con el fin de evitar situaciones discriminatorias y denegaci\u00f3n de ayudas. Teniendo en cuenta que el conflicto b\u00e9lico de Ucrania se inici\u00f3 en febrero de 2022, todas las explotaciones ganaderas y agr\u00edcolas con [&hellip;]\" \/>\n<meta property=\"og:url\" content=\"https:\/\/www.uaga.eus\/uaga-solicita-al-gobierno-vasco-una-revision-del-criterio-de-concesion-de-las-ayudas-por-la-guerra-de-ucrania\/\" \/>\n<meta property=\"og:site_name\" content=\"UAGA\" \/>\n<meta property=\"article:published_time\" content=\"2023-02-17T12:57:25+00:00\" \/>\n<meta property=\"og:image\" content=\"https:\/\/www.uaga.eus\/wp-content\/uploads\/2019\/11\/cabra-dando-de-mamar.jpg\" \/>\n\t<meta property=\"og:image:width\" content=\"650\" \/>\n\t<meta property=\"og:image:height\" content=\"447\" \/>\n\t<meta property=\"og:image:type\" content=\"image\/jpeg\" \/>\n<meta name=\"author\" content=\"Blanca S\u00e1nchez\" \/>\n<meta name=\"twitter:card\" content=\"summary_large_image\" \/>\n<meta name=\"twitter:label1\" content=\"Written by\" \/>\n\t<meta name=\"twitter:data1\" content=\"Blanca S\u00e1nchez\" \/>\n\t<meta name=\"twitter:label2\" content=\"Est. reading time\" \/>\n\t<meta name=\"twitter:data2\" content=\"1 minutua\" \/>\n<script type=\"application\/ld+json\" class=\"yoast-schema-graph\">{\"@context\":\"https:\/\/schema.org\",\"@graph\":[{\"@type\":\"WebPage\",\"@id\":\"https:\/\/www.uaga.eus\/uaga-solicita-al-gobierno-vasco-una-revision-del-criterio-de-concesion-de-las-ayudas-por-la-guerra-de-ucrania\/\",\"url\":\"https:\/\/www.uaga.eus\/uaga-solicita-al-gobierno-vasco-una-revision-del-criterio-de-concesion-de-las-ayudas-por-la-guerra-de-ucrania\/\",\"name\":\"UAGA solicita al Gobierno Vasco una revisi\u00f3n del criterio de concesi\u00f3n de las ayudas por la guerra de Ucrania - UAGA\",\"isPartOf\":{\"@id\":\"https:\/\/www.uaga.eus\/#website\"},\"datePublished\":\"2023-02-17T12:57:25+00:00\",\"dateModified\":\"2023-02-17T12:57:25+00:00\",\"author\":{\"@id\":\"https:\/\/www.uaga.eus\/#\/schema\/person\/48c3cbf0f33d1b788226dbb6518689cf\"},\"breadcrumb\":{\"@id\":\"https:\/\/www.uaga.eus\/uaga-solicita-al-gobierno-vasco-una-revision-del-criterio-de-concesion-de-las-ayudas-por-la-guerra-de-ucrania\/#breadcrumb\"},\"inLanguage\":\"eu\",\"potentialAction\":[{\"@type\":\"ReadAction\",\"target\":[\"https:\/\/www.uaga.eus\/uaga-solicita-al-gobierno-vasco-una-revision-del-criterio-de-concesion-de-las-ayudas-por-la-guerra-de-ucrania\/\"]}]},{\"@type\":\"BreadcrumbList\",\"@id\":\"https:\/\/www.uaga.eus\/uaga-solicita-al-gobierno-vasco-una-revision-del-criterio-de-concesion-de-las-ayudas-por-la-guerra-de-ucrania\/#breadcrumb\",\"itemListElement\":[{\"@type\":\"ListItem\",\"position\":1,\"name\":\"Inicio\",\"item\":\"https:\/\/www.uaga.eus\/\"},{\"@type\":\"ListItem\",\"position\":2,\"name\":\"UAGA solicita al Gobierno Vasco una revisi\u00f3n del criterio de concesi\u00f3n de las ayudas por la guerra de Ucrania\"}]},{\"@type\":\"WebSite\",\"@id\":\"https:\/\/www.uaga.eus\/#website\",\"url\":\"https:\/\/www.uaga.eus\/\",\"name\":\"UAGA\",\"description\":\"Uni\u00f3n Agroganadera de \u00c1lava - Araba Nekazarien Elkartea\",\"potentialAction\":[{\"@type\":\"SearchAction\",\"target\":{\"@type\":\"EntryPoint\",\"urlTemplate\":\"https:\/\/www.uaga.eus\/?s={search_term_string}\"},\"query-input\":\"required name=search_term_string\"}],\"inLanguage\":\"eu\"},{\"@type\":\"Person\",\"@id\":\"https:\/\/www.uaga.eus\/#\/schema\/person\/48c3cbf0f33d1b788226dbb6518689cf\",\"name\":\"Blanca S\u00e1nchez\",\"image\":{\"@type\":\"ImageObject\",\"inLanguage\":\"eu\",\"@id\":\"https:\/\/www.uaga.eus\/#\/schema\/person\/image\/\",\"url\":\"https:\/\/secure.gravatar.com\/avatar\/0dc91c20648254b1ce84877283f6751b?s=96&d=mm&r=g\",\"contentUrl\":\"https:\/\/secure.gravatar.com\/avatar\/0dc91c20648254b1ce84877283f6751b?s=96&d=mm&r=g\",\"caption\":\"Blanca S\u00e1nchez\"},\"url\":\"https:\/\/www.uaga.eus\/eu\/author\/bsanchez\/\"}]}<\/script>\n<!-- \/ Yoast SEO plugin. -->","yoast_head_json":{"title":"UAGA solicita al Gobierno Vasco una revisi\u00f3n del criterio de concesi\u00f3n de las ayudas por la guerra de Ucrania - UAGA","robots":{"index":"index","follow":"follow","max-snippet":"max-snippet:-1","max-image-preview":"max-image-preview:large","max-video-preview":"max-video-preview:-1"},"canonical":"https:\/\/www.uaga.eus\/uaga-solicita-al-gobierno-vasco-una-revision-del-criterio-de-concesion-de-las-ayudas-por-la-guerra-de-ucrania\/","og_locale":"en_US","og_type":"article","og_title":"UAGA solicita al Gobierno Vasco una revisi\u00f3n del criterio de concesi\u00f3n de las ayudas por la guerra de Ucrania - UAGA","og_description":"UAGA ha trasladado al Gobierno Vasco una solicitud para que revise los\u00a0criterios de concesi\u00f3n de las ayudas por la guerra de Ucrania, con el fin de evitar situaciones discriminatorias y denegaci\u00f3n de ayudas. Teniendo en cuenta que el conflicto b\u00e9lico de Ucrania se inici\u00f3 en febrero de 2022, todas las explotaciones ganaderas y agr\u00edcolas con [&hellip;]","og_url":"https:\/\/www.uaga.eus\/uaga-solicita-al-gobierno-vasco-una-revision-del-criterio-de-concesion-de-las-ayudas-por-la-guerra-de-ucrania\/","og_site_name":"UAGA","article_published_time":"2023-02-17T12:57:25+00:00","og_image":[{"width":650,"height":447,"url":"https:\/\/www.uaga.eus\/wp-content\/uploads\/2019\/11\/cabra-dando-de-mamar.jpg","type":"image\/jpeg"}],"author":"Blanca S\u00e1nchez","twitter_card":"summary_large_image","twitter_misc":{"Written by":"Blanca S\u00e1nchez","Est. reading time":"1 minutua"},"schema":{"@context":"https:\/\/schema.org","@graph":[{"@type":"WebPage","@id":"https:\/\/www.uaga.eus\/uaga-solicita-al-gobierno-vasco-una-revision-del-criterio-de-concesion-de-las-ayudas-por-la-guerra-de-ucrania\/","url":"https:\/\/www.uaga.eus\/uaga-solicita-al-gobierno-vasco-una-revision-del-criterio-de-concesion-de-las-ayudas-por-la-guerra-de-ucrania\/","name":"UAGA solicita al Gobierno Vasco una revisi\u00f3n del criterio de concesi\u00f3n de las ayudas por la guerra de Ucrania - UAGA","isPartOf":{"@id":"https:\/\/www.uaga.eus\/#website"},"datePublished":"2023-02-17T12:57:25+00:00","dateModified":"2023-02-17T12:57:25+00:00","author":{"@id":"https:\/\/www.uaga.eus\/#\/schema\/person\/48c3cbf0f33d1b788226dbb6518689cf"},"breadcrumb":{"@id":"https:\/\/www.uaga.eus\/uaga-solicita-al-gobierno-vasco-una-revision-del-criterio-de-concesion-de-las-ayudas-por-la-guerra-de-ucrania\/#breadcrumb"},"inLanguage":"eu","potentialAction":[{"@type":"ReadAction","target":["https:\/\/www.uaga.eus\/uaga-solicita-al-gobierno-vasco-una-revision-del-criterio-de-concesion-de-las-ayudas-por-la-guerra-de-ucrania\/"]}]},{"@type":"BreadcrumbList","@id":"https:\/\/www.uaga.eus\/uaga-solicita-al-gobierno-vasco-una-revision-del-criterio-de-concesion-de-las-ayudas-por-la-guerra-de-ucrania\/#breadcrumb","itemListElement":[{"@type":"ListItem","position":1,"name":"Inicio","item":"https:\/\/www.uaga.eus\/"},{"@type":"ListItem","position":2,"name":"UAGA solicita al Gobierno Vasco una revisi\u00f3n del criterio de concesi\u00f3n de las ayudas por la guerra de Ucrania"}]},{"@type":"WebSite","@id":"https:\/\/www.uaga.eus\/#website","url":"https:\/\/www.uaga.eus\/","name":"UAGA","description":"Uni\u00f3n Agroganadera de \u00c1lava - Araba Nekazarien Elkartea","potentialAction":[{"@type":"SearchAction","target":{"@type":"EntryPoint","urlTemplate":"https:\/\/www.uaga.eus\/?s={search_term_string}"},"query-input":"required name=search_term_string"}],"inLanguage":"eu"},{"@type":"Person","@id":"https:\/\/www.uaga.eus\/#\/schema\/person\/48c3cbf0f33d1b788226dbb6518689cf","name":"Blanca S\u00e1nchez","image":{"@type":"ImageObject","inLanguage":"eu","@id":"https:\/\/www.uaga.eus\/#\/schema\/person\/image\/","url":"https:\/\/secure.gravatar.com\/avatar\/0dc91c20648254b1ce84877283f6751b?s=96&d=mm&r=g","contentUrl":"https:\/\/secure.gravatar.com\/avatar\/0dc91c20648254b1ce84877283f6751b?s=96&d=mm&r=g","caption":"Blanca S\u00e1nchez"},"url":"https:\/\/www.uaga.eus\/eu\/author\/bsanchez\/"}]}},"_links":{"self":[{"href":"https:\/\/www.uaga.eus\/eu\/wp-json\/wp\/v2\/posts\/11018"}],"collection":[{"href":"https:\/\/www.uaga.eus\/eu\/wp-json\/wp\/v2\/posts"}],"about":[{"href":"https:\/\/www.uaga.eus\/eu\/wp-json\/wp\/v2\/types\/post"}],"author":[{"embeddable":true,"href":"https:\/\/www.uaga.eus\/eu\/wp-json\/wp\/v2\/users\/4"}],"replies":[{"embeddable":true,"href":"https:\/\/www.uaga.eus\/eu\/wp-json\/wp\/v2\/comments?post=11018"}],"version-history":[{"count":1,"href":"https:\/\/www.uaga.eus\/eu\/wp-json\/wp\/v2\/posts\/11018\/revisions"}],"predecessor-version":[{"id":11019,"href":"https:\/\/www.uaga.eus\/eu\/wp-json\/wp\/v2\/posts\/11018\/revisions\/11019"}],"wp:featuredmedia":[{"embeddable":true,"href":"https:\/\/www.uaga.eus\/eu\/wp-json\/wp\/v2\/media\/6677"}],"wp:attachment":[{"href":"https:\/\/www.uaga.eus\/eu\/wp-json\/wp\/v2\/media?parent=11018"}],"wp:term":[{"taxonomy":"category","embeddable":true,"href":"https:\/\/www.uaga.eus\/eu\/wp-json\/wp\/v2\/categories?post=11018"},{"taxonomy":"post_tag","embeddable":true,"href":"https:\/\/www.uaga.eus\/eu\/wp-json\/wp\/v2\/tags?post=11018"}],"curies":[{"name":"wp","href":"https:\/\/api.w.org\/{rel}","templated":true}]}}