{"id":11014,"date":"2023-02-17T12:55:00","date_gmt":"2023-02-17T12:55:00","guid":{"rendered":"https:\/\/www.uaga.eus\/?p=11014"},"modified":"2023-02-17T12:55:00","modified_gmt":"2023-02-17T12:55:00","slug":"cambios-en-el-sigpac-tras-la-incorporacion-de-las-franjas-de-proteccion-de-los-rios","status":"publish","type":"post","link":"https:\/\/www.uaga.eus\/eu\/cambios-en-el-sigpac-tras-la-incorporacion-de-las-franjas-de-proteccion-de-los-rios\/","title":{"rendered":"Cambios en el SIGPAC tras la incorporaci\u00f3n de las Franjas de Protecci\u00f3n de los r\u00edos"},"content":{"rendered":"<p>Tras la entrada en vigor de la nueva PAC en este 2023, se han de cumplir las nuevas Buenas Condiciones Agrarias y Medioambientales, que se enmarcan en la dentro de la <a href=\"https:\/\/www.uaga.eus\/eu\/condicionalidad-reforzada-novedad-de-la-proxima-pac-2023-2027\/\" data-cke-saved-href=\"https:\/\/www.uaga.eus\/eu\/condicionalidad-reforzada-novedad-de-la-proxima-pac-2023-2027\/\">nueva condicionalidad reforzada<\/a>.<\/p>\n<p>Dentro de los <a href=\"https:\/\/www.uaga.eus\/eu\/explicamos-los-cambios-en-la-condicionalidad-reforzada-de-la-pac-2023-27\/\" data-cke-saved-href=\"https:\/\/www.uaga.eus\/eu\/explicamos-los-cambios-en-la-condicionalidad-reforzada-de-la-pac-2023-27\/\">principales cambios de esta nueva condicionalidad reforzada<\/a>, est\u00e1 la BCAM 4, sobre\u00a0<strong>Creaci\u00f3n de franjas de protecci\u00f3n en los m\u00e1rgenes de los cursos de agua. <\/strong>Este requisito indica lo siguiente:<\/p>\n<p><em>Se deber\u00e1 dejar una franja m\u00ednima de 5 metros con respecto al cauce del r\u00edo, donde no se podr\u00e1n emplear ni fitosanitarios ni fertilizantes.\u00a0<\/em><em>En dicha franja no existir\u00e1 producci\u00f3n agr\u00edcola, excepto \u00e1rboles ya implantados. Se permite realizar pastoreo, siega o labores superficiales de mantenimiento y tendr\u00e1 una cubierta vegetal, sembrada o espont\u00e1nea que sea distinguible de la tierra agr\u00edcola contigua.<\/em><\/p>\n<p>Actualmente ya est\u00e1 disponible en el\u00a0 <a href=\"https:\/\/sigpac.mapama.gob.es\/fega\/visor\/\" data-cke-saved-href=\"https:\/\/sigpac.mapama.gob.es\/fega\/visor\/\">visor SigPAC<\/a> esta nueva capa denominada \u201cfranjas de protecci\u00f3n\u201d.\u00a0Te recomendamos revisar tus recintos en dicho visor, para comprobar si tus parcelas se ven afectadas por dicha franja de protecci\u00f3n a los m\u00e1rgenes de los r\u00edos.<\/p>\n<p>En los casos en los que compruebes alguna incidencia, como por ejemplo que la franja de protecci\u00f3n no se incluya en la superficie de tu parcela, ser\u00e1 necesario que hagas una alegaci\u00f3n al SIGPAC. Te recomendamos acudir a la OCA para realizarlo y\u00a0que se logre subsanar el error.<\/p>\n<p>Por otro lado,\u00a0los servicios t\u00e9cnicos de Diputaci\u00f3n han confirmado\u00a0que esta superficie propia de la franja de protecci\u00f3n tambi\u00e9n se va a considerar como superficie admisible y elegible para el cobro de las ayudas.<\/p>\n<p>Es importante se\u00f1alar que la franja de protecci\u00f3n de 5 metros se contabiliza a partir de la ribera de los cursos de agua. Por lo tanto, si entre la ribera y la parcela se encuentra un terreno improductivo, como lo puede ser un camino, \u00e9ste computar\u00e1 como parte de los 5 metros de la franja. Por ejemplo, si el camino tuviera un ancho de 3 metros, en la parcela que linda con dicho camino, deber\u00e1 dejarse una franja de 2 metros para alcanzar los 5 metros<\/p>\n<p>Tienes m\u00e1s informaci\u00f3n sobre preguntas frecuentes de la condicionalidad reforzada en el siguiente <a href=\"https:\/\/www.fega.gob.es\/sites\/default\/files\/PMF5-Condicionalidad_reforzada_V5_10-02-2023.pdf\" data-cke-saved-href=\"https:\/\/www.fega.gob.es\/sites\/default\/files\/PMF5-Condicionalidad_reforzada_V5_10-02-2023.pdf\">enlace<\/a>.<\/p>\n<p>+INFO H\u00c9CTOR: 618 670 869<\/p>\n","protected":false},"excerpt":{"rendered":"<p>Tras la entrada en vigor de la nueva PAC en este 2023, se han de cumplir las nuevas Buenas Condiciones Agrarias y Medioambientales, que se enmarcan en la dentro de la nueva condicionalidad reforzada. Dentro de los principales cambios de esta nueva condicionalidad reforzada, est\u00e1 la BCAM 4, sobre\u00a0Creaci\u00f3n de franjas de protecci\u00f3n en los [&hellip;]<\/p>\n","protected":false},"author":4,"featured_media":11002,"comment_status":"closed","ping_status":"closed","sticky":false,"template":"","format":"standard","meta":{"footnotes":""},"categories":[7,4],"tags":[],"yoast_head":"<!-- This site is optimized with the Yoast SEO plugin v21.5 - https:\/\/yoast.com\/wordpress\/plugins\/seo\/ -->\n<title>Cambios en el SIGPAC tras la incorporaci\u00f3n de las Franjas de Protecci\u00f3n de los r\u00edos - UAGA<\/title>\n<meta name=\"robots\" content=\"index, follow, max-snippet:-1, max-image-preview:large, max-video-preview:-1\" \/>\n<link rel=\"canonical\" href=\"https:\/\/www.uaga.eus\/cambios-en-el-sigpac-tras-la-incorporacion-de-las-franjas-de-proteccion-de-los-rios\/\" \/>\n<meta property=\"og:locale\" content=\"en_US\" \/>\n<meta property=\"og:type\" content=\"article\" \/>\n<meta property=\"og:title\" content=\"Cambios en el SIGPAC tras la incorporaci\u00f3n de las Franjas de Protecci\u00f3n de los r\u00edos - UAGA\" \/>\n<meta property=\"og:description\" content=\"Tras la entrada en vigor de la nueva PAC en este 2023, se han de cumplir las nuevas Buenas Condiciones Agrarias y Medioambientales, que se enmarcan en la dentro de la nueva condicionalidad reforzada. Dentro de los principales cambios de esta nueva condicionalidad reforzada, est\u00e1 la BCAM 4, sobre\u00a0Creaci\u00f3n de franjas de protecci\u00f3n en los [&hellip;]\" \/>\n<meta property=\"og:url\" content=\"https:\/\/www.uaga.eus\/cambios-en-el-sigpac-tras-la-incorporacion-de-las-franjas-de-proteccion-de-los-rios\/\" \/>\n<meta property=\"og:site_name\" content=\"UAGA\" \/>\n<meta property=\"article:published_time\" content=\"2023-02-17T12:55:00+00:00\" \/>\n<meta property=\"og:image\" content=\"https:\/\/www.uaga.eus\/wp-content\/uploads\/2023\/02\/rio-y-finca-agraria-e1676638473127.jpg\" \/>\n\t<meta property=\"og:image:width\" content=\"700\" \/>\n\t<meta property=\"og:image:height\" content=\"367\" \/>\n\t<meta property=\"og:image:type\" content=\"image\/jpeg\" \/>\n<meta name=\"author\" content=\"Blanca S\u00e1nchez\" \/>\n<meta name=\"twitter:card\" content=\"summary_large_image\" \/>\n<meta name=\"twitter:label1\" content=\"Written by\" \/>\n\t<meta name=\"twitter:data1\" content=\"Blanca S\u00e1nchez\" \/>\n\t<meta name=\"twitter:label2\" content=\"Est. reading time\" \/>\n\t<meta name=\"twitter:data2\" content=\"2 minutua\" \/>\n<script type=\"application\/ld+json\" class=\"yoast-schema-graph\">{\"@context\":\"https:\/\/schema.org\",\"@graph\":[{\"@type\":\"WebPage\",\"@id\":\"https:\/\/www.uaga.eus\/cambios-en-el-sigpac-tras-la-incorporacion-de-las-franjas-de-proteccion-de-los-rios\/\",\"url\":\"https:\/\/www.uaga.eus\/cambios-en-el-sigpac-tras-la-incorporacion-de-las-franjas-de-proteccion-de-los-rios\/\",\"name\":\"Cambios en el SIGPAC tras la incorporaci\u00f3n de las Franjas de Protecci\u00f3n de los r\u00edos - UAGA\",\"isPartOf\":{\"@id\":\"https:\/\/www.uaga.eus\/#website\"},\"datePublished\":\"2023-02-17T12:55:00+00:00\",\"dateModified\":\"2023-02-17T12:55:00+00:00\",\"author\":{\"@id\":\"https:\/\/www.uaga.eus\/#\/schema\/person\/48c3cbf0f33d1b788226dbb6518689cf\"},\"breadcrumb\":{\"@id\":\"https:\/\/www.uaga.eus\/cambios-en-el-sigpac-tras-la-incorporacion-de-las-franjas-de-proteccion-de-los-rios\/#breadcrumb\"},\"inLanguage\":\"eu\",\"potentialAction\":[{\"@type\":\"ReadAction\",\"target\":[\"https:\/\/www.uaga.eus\/cambios-en-el-sigpac-tras-la-incorporacion-de-las-franjas-de-proteccion-de-los-rios\/\"]}]},{\"@type\":\"BreadcrumbList\",\"@id\":\"https:\/\/www.uaga.eus\/cambios-en-el-sigpac-tras-la-incorporacion-de-las-franjas-de-proteccion-de-los-rios\/#breadcrumb\",\"itemListElement\":[{\"@type\":\"ListItem\",\"position\":1,\"name\":\"Inicio\",\"item\":\"https:\/\/www.uaga.eus\/\"},{\"@type\":\"ListItem\",\"position\":2,\"name\":\"Cambios en el SIGPAC tras la incorporaci\u00f3n de las Franjas de Protecci\u00f3n de los r\u00edos\"}]},{\"@type\":\"WebSite\",\"@id\":\"https:\/\/www.uaga.eus\/#website\",\"url\":\"https:\/\/www.uaga.eus\/\",\"name\":\"UAGA\",\"description\":\"Uni\u00f3n Agroganadera de \u00c1lava - Araba Nekazarien Elkartea\",\"potentialAction\":[{\"@type\":\"SearchAction\",\"target\":{\"@type\":\"EntryPoint\",\"urlTemplate\":\"https:\/\/www.uaga.eus\/?s={search_term_string}\"},\"query-input\":\"required name=search_term_string\"}],\"inLanguage\":\"eu\"},{\"@type\":\"Person\",\"@id\":\"https:\/\/www.uaga.eus\/#\/schema\/person\/48c3cbf0f33d1b788226dbb6518689cf\",\"name\":\"Blanca S\u00e1nchez\",\"image\":{\"@type\":\"ImageObject\",\"inLanguage\":\"eu\",\"@id\":\"https:\/\/www.uaga.eus\/#\/schema\/person\/image\/\",\"url\":\"https:\/\/secure.gravatar.com\/avatar\/0dc91c20648254b1ce84877283f6751b?s=96&d=mm&r=g\",\"contentUrl\":\"https:\/\/secure.gravatar.com\/avatar\/0dc91c20648254b1ce84877283f6751b?s=96&d=mm&r=g\",\"caption\":\"Blanca S\u00e1nchez\"},\"url\":\"https:\/\/www.uaga.eus\/eu\/author\/bsanchez\/\"}]}<\/script>\n<!-- \/ Yoast SEO plugin. -->","yoast_head_json":{"title":"Cambios en el SIGPAC tras la incorporaci\u00f3n de las Franjas de Protecci\u00f3n de los r\u00edos - UAGA","robots":{"index":"index","follow":"follow","max-snippet":"max-snippet:-1","max-image-preview":"max-image-preview:large","max-video-preview":"max-video-preview:-1"},"canonical":"https:\/\/www.uaga.eus\/cambios-en-el-sigpac-tras-la-incorporacion-de-las-franjas-de-proteccion-de-los-rios\/","og_locale":"en_US","og_type":"article","og_title":"Cambios en el SIGPAC tras la incorporaci\u00f3n de las Franjas de Protecci\u00f3n de los r\u00edos - UAGA","og_description":"Tras la entrada en vigor de la nueva PAC en este 2023, se han de cumplir las nuevas Buenas Condiciones Agrarias y Medioambientales, que se enmarcan en la dentro de la nueva condicionalidad reforzada. Dentro de los principales cambios de esta nueva condicionalidad reforzada, est\u00e1 la BCAM 4, sobre\u00a0Creaci\u00f3n de franjas de protecci\u00f3n en los [&hellip;]","og_url":"https:\/\/www.uaga.eus\/cambios-en-el-sigpac-tras-la-incorporacion-de-las-franjas-de-proteccion-de-los-rios\/","og_site_name":"UAGA","article_published_time":"2023-02-17T12:55:00+00:00","og_image":[{"width":700,"height":367,"url":"https:\/\/www.uaga.eus\/wp-content\/uploads\/2023\/02\/rio-y-finca-agraria-e1676638473127.jpg","type":"image\/jpeg"}],"author":"Blanca S\u00e1nchez","twitter_card":"summary_large_image","twitter_misc":{"Written by":"Blanca S\u00e1nchez","Est. reading time":"2 minutua"},"schema":{"@context":"https:\/\/schema.org","@graph":[{"@type":"WebPage","@id":"https:\/\/www.uaga.eus\/cambios-en-el-sigpac-tras-la-incorporacion-de-las-franjas-de-proteccion-de-los-rios\/","url":"https:\/\/www.uaga.eus\/cambios-en-el-sigpac-tras-la-incorporacion-de-las-franjas-de-proteccion-de-los-rios\/","name":"Cambios en el SIGPAC tras la incorporaci\u00f3n de las Franjas de Protecci\u00f3n de los r\u00edos - UAGA","isPartOf":{"@id":"https:\/\/www.uaga.eus\/#website"},"datePublished":"2023-02-17T12:55:00+00:00","dateModified":"2023-02-17T12:55:00+00:00","author":{"@id":"https:\/\/www.uaga.eus\/#\/schema\/person\/48c3cbf0f33d1b788226dbb6518689cf"},"breadcrumb":{"@id":"https:\/\/www.uaga.eus\/cambios-en-el-sigpac-tras-la-incorporacion-de-las-franjas-de-proteccion-de-los-rios\/#breadcrumb"},"inLanguage":"eu","potentialAction":[{"@type":"ReadAction","target":["https:\/\/www.uaga.eus\/cambios-en-el-sigpac-tras-la-incorporacion-de-las-franjas-de-proteccion-de-los-rios\/"]}]},{"@type":"BreadcrumbList","@id":"https:\/\/www.uaga.eus\/cambios-en-el-sigpac-tras-la-incorporacion-de-las-franjas-de-proteccion-de-los-rios\/#breadcrumb","itemListElement":[{"@type":"ListItem","position":1,"name":"Inicio","item":"https:\/\/www.uaga.eus\/"},{"@type":"ListItem","position":2,"name":"Cambios en el SIGPAC tras la incorporaci\u00f3n de las Franjas de Protecci\u00f3n de los r\u00edos"}]},{"@type":"WebSite","@id":"https:\/\/www.uaga.eus\/#website","url":"https:\/\/www.uaga.eus\/","name":"UAGA","description":"Uni\u00f3n Agroganadera de \u00c1lava - Araba Nekazarien Elkartea","potentialAction":[{"@type":"SearchAction","target":{"@type":"EntryPoint","urlTemplate":"https:\/\/www.uaga.eus\/?s={search_term_string}"},"query-input":"required name=search_term_string"}],"inLanguage":"eu"},{"@type":"Person","@id":"https:\/\/www.uaga.eus\/#\/schema\/person\/48c3cbf0f33d1b788226dbb6518689cf","name":"Blanca S\u00e1nchez","image":{"@type":"ImageObject","inLanguage":"eu","@id":"https:\/\/www.uaga.eus\/#\/schema\/person\/image\/","url":"https:\/\/secure.gravatar.com\/avatar\/0dc91c20648254b1ce84877283f6751b?s=96&d=mm&r=g","contentUrl":"https:\/\/secure.gravatar.com\/avatar\/0dc91c20648254b1ce84877283f6751b?s=96&d=mm&r=g","caption":"Blanca S\u00e1nchez"},"url":"https:\/\/www.uaga.eus\/eu\/author\/bsanchez\/"}]}},"_links":{"self":[{"href":"https:\/\/www.uaga.eus\/eu\/wp-json\/wp\/v2\/posts\/11014"}],"collection":[{"href":"https:\/\/www.uaga.eus\/eu\/wp-json\/wp\/v2\/posts"}],"about":[{"href":"https:\/\/www.uaga.eus\/eu\/wp-json\/wp\/v2\/types\/post"}],"author":[{"embeddable":true,"href":"https:\/\/www.uaga.eus\/eu\/wp-json\/wp\/v2\/users\/4"}],"replies":[{"embeddable":true,"href":"https:\/\/www.uaga.eus\/eu\/wp-json\/wp\/v2\/comments?post=11014"}],"version-history":[{"count":1,"href":"https:\/\/www.uaga.eus\/eu\/wp-json\/wp\/v2\/posts\/11014\/revisions"}],"predecessor-version":[{"id":11015,"href":"https:\/\/www.uaga.eus\/eu\/wp-json\/wp\/v2\/posts\/11014\/revisions\/11015"}],"wp:featuredmedia":[{"embeddable":true,"href":"https:\/\/www.uaga.eus\/eu\/wp-json\/wp\/v2\/media\/11002"}],"wp:attachment":[{"href":"https:\/\/www.uaga.eus\/eu\/wp-json\/wp\/v2\/media?parent=11014"}],"wp:term":[{"taxonomy":"category","embeddable":true,"href":"https:\/\/www.uaga.eus\/eu\/wp-json\/wp\/v2\/categories?post=11014"},{"taxonomy":"post_tag","embeddable":true,"href":"https:\/\/www.uaga.eus\/eu\/wp-json\/wp\/v2\/tags?post=11014"}],"curies":[{"name":"wp","href":"https:\/\/api.w.org\/{rel}","templated":true}]}}