{"id":11010,"date":"2023-02-17T12:52:42","date_gmt":"2023-02-17T12:52:42","guid":{"rendered":"https:\/\/www.uaga.eus\/?p=11010"},"modified":"2023-02-17T12:52:42","modified_gmt":"2023-02-17T12:52:42","slug":"se-convocan-elecciones-a-vocales-del-consejo-regulador-de-la-do-arabako-txakolina-txakoli-de-alava","status":"publish","type":"post","link":"https:\/\/www.uaga.eus\/eu\/se-convocan-elecciones-a-vocales-del-consejo-regulador-de-la-do-arabako-txakolina-txakoli-de-alava\/","title":{"rendered":"Se convocan elecciones a vocales del Consejo Regulador de la DO Arabako Txakolina \/ Txakoli de \u00c1lava"},"content":{"rendered":"<p>El\u00a0Gobierno Vasco ha publicado esta semana la orden por la que se convocan elecciones a vocales del Consejo Regulador de la Denominaci\u00f3n de Origen Arabako Txakolina\/Txakoli de \u00c1lava.<\/p>\n<p>Dentro del Consejo Regulador dos personas ser\u00e1n seleccionadas en representaci\u00f3n del sector productor de uva y dos en representaci\u00f3n del sector elaborador, seg\u00fan el art\u00edculo 32 del Reglamento. Las elecciones, seg\u00fan el calendario previsto, se celebrar\u00e1n en el mes de mayo.<\/p>\n<p>Puedes ver la Orden publicada por Gobierno Vasco en el siguiente <a href=\"https:\/\/www.euskadi.eus\/y22-bopv\/es\/bopv2\/datos\/2023\/02\/2300855a.pdf\" data-cke-saved-href=\"https:\/\/www.euskadi.eus\/y22-bopv\/es\/bopv2\/datos\/2023\/02\/2300855a.pdf\">enlace<\/a>.<\/p>\n<p>En cuanto a la D.O Arabako Txakolina, cabe\u00a0destacar que la vendimia de 2022 fue considerada muy buena, con una producci\u00f3n por encima de los 716.000 kg, de uva de muy buena calidad, seg\u00fan inform\u00f3 el propio gerente de la Denominaci\u00f3n de Origen de txakoli alav\u00e9s, Josean Merino, casi un 60% por encima de lo cosechado en 2021.<\/p>\n<p>+INFO H\u00c9CTOR: 618 670 869<\/p>\n","protected":false},"excerpt":{"rendered":"<p>El\u00a0Gobierno Vasco ha publicado esta semana la orden por la que se convocan elecciones a vocales del Consejo Regulador de la Denominaci\u00f3n de Origen Arabako Txakolina\/Txakoli de \u00c1lava. Dentro del Consejo Regulador dos personas ser\u00e1n seleccionadas en representaci\u00f3n del sector productor de uva y dos en representaci\u00f3n del sector elaborador, seg\u00fan el art\u00edculo 32 del [&hellip;]<\/p>\n","protected":false},"author":4,"featured_media":11001,"comment_status":"closed","ping_status":"closed","sticky":false,"template":"","format":"standard","meta":{"footnotes":""},"categories":[7,12],"tags":[],"yoast_head":"<!-- This site is optimized with the Yoast SEO plugin v21.5 - https:\/\/yoast.com\/wordpress\/plugins\/seo\/ -->\n<title>Se convocan elecciones a vocales del Consejo Regulador de la DO Arabako Txakolina \/ Txakoli de \u00c1lava - UAGA<\/title>\n<meta name=\"robots\" content=\"index, follow, max-snippet:-1, max-image-preview:large, max-video-preview:-1\" \/>\n<link rel=\"canonical\" href=\"https:\/\/www.uaga.eus\/eu\/se-convocan-elecciones-a-vocales-del-consejo-regulador-de-la-do-arabako-txakolina-txakoli-de-alava\/\" \/>\n<meta property=\"og:locale\" content=\"en_US\" \/>\n<meta property=\"og:type\" content=\"article\" \/>\n<meta property=\"og:title\" content=\"Se convocan elecciones a vocales del Consejo Regulador de la DO Arabako Txakolina \/ Txakoli de \u00c1lava - UAGA\" \/>\n<meta property=\"og:description\" content=\"El\u00a0Gobierno Vasco ha publicado esta semana la orden por la que se convocan elecciones a vocales del Consejo Regulador de la Denominaci\u00f3n de Origen Arabako Txakolina\/Txakoli de \u00c1lava. Dentro del Consejo Regulador dos personas ser\u00e1n seleccionadas en representaci\u00f3n del sector productor de uva y dos en representaci\u00f3n del sector elaborador, seg\u00fan el art\u00edculo 32 del [&hellip;]\" \/>\n<meta property=\"og:url\" content=\"https:\/\/www.uaga.eus\/eu\/se-convocan-elecciones-a-vocales-del-consejo-regulador-de-la-do-arabako-txakolina-txakoli-de-alava\/\" \/>\n<meta property=\"og:site_name\" content=\"UAGA\" \/>\n<meta property=\"article:published_time\" content=\"2023-02-17T12:52:42+00:00\" \/>\n<meta property=\"og:image\" content=\"https:\/\/www.uaga.eus\/wp-content\/uploads\/2023\/02\/arabako-txakolina.png\" \/>\n\t<meta property=\"og:image:width\" content=\"661\" \/>\n\t<meta property=\"og:image:height\" content=\"256\" \/>\n\t<meta property=\"og:image:type\" content=\"image\/png\" \/>\n<meta name=\"author\" content=\"Blanca S\u00e1nchez\" \/>\n<meta name=\"twitter:card\" content=\"summary_large_image\" \/>\n<meta name=\"twitter:label1\" content=\"Written by\" \/>\n\t<meta name=\"twitter:data1\" content=\"Blanca S\u00e1nchez\" \/>\n\t<meta name=\"twitter:label2\" content=\"Est. reading time\" \/>\n\t<meta name=\"twitter:data2\" content=\"1 minutua\" \/>\n<script type=\"application\/ld+json\" class=\"yoast-schema-graph\">{\"@context\":\"https:\/\/schema.org\",\"@graph\":[{\"@type\":\"WebPage\",\"@id\":\"https:\/\/www.uaga.eus\/eu\/se-convocan-elecciones-a-vocales-del-consejo-regulador-de-la-do-arabako-txakolina-txakoli-de-alava\/\",\"url\":\"https:\/\/www.uaga.eus\/eu\/se-convocan-elecciones-a-vocales-del-consejo-regulador-de-la-do-arabako-txakolina-txakoli-de-alava\/\",\"name\":\"Se convocan elecciones a vocales del Consejo Regulador de la DO Arabako Txakolina \/ Txakoli de \u00c1lava - UAGA\",\"isPartOf\":{\"@id\":\"https:\/\/www.uaga.eus\/#website\"},\"datePublished\":\"2023-02-17T12:52:42+00:00\",\"dateModified\":\"2023-02-17T12:52:42+00:00\",\"author\":{\"@id\":\"https:\/\/www.uaga.eus\/#\/schema\/person\/48c3cbf0f33d1b788226dbb6518689cf\"},\"breadcrumb\":{\"@id\":\"https:\/\/www.uaga.eus\/eu\/se-convocan-elecciones-a-vocales-del-consejo-regulador-de-la-do-arabako-txakolina-txakoli-de-alava\/#breadcrumb\"},\"inLanguage\":\"eu\",\"potentialAction\":[{\"@type\":\"ReadAction\",\"target\":[\"https:\/\/www.uaga.eus\/eu\/se-convocan-elecciones-a-vocales-del-consejo-regulador-de-la-do-arabako-txakolina-txakoli-de-alava\/\"]}]},{\"@type\":\"BreadcrumbList\",\"@id\":\"https:\/\/www.uaga.eus\/eu\/se-convocan-elecciones-a-vocales-del-consejo-regulador-de-la-do-arabako-txakolina-txakoli-de-alava\/#breadcrumb\",\"itemListElement\":[{\"@type\":\"ListItem\",\"position\":1,\"name\":\"Inicio\",\"item\":\"https:\/\/www.uaga.eus\/\"},{\"@type\":\"ListItem\",\"position\":2,\"name\":\"Se convocan elecciones a vocales del Consejo Regulador de la DO Arabako Txakolina \/ Txakoli de \u00c1lava\"}]},{\"@type\":\"WebSite\",\"@id\":\"https:\/\/www.uaga.eus\/#website\",\"url\":\"https:\/\/www.uaga.eus\/\",\"name\":\"UAGA\",\"description\":\"Uni\u00f3n Agroganadera de \u00c1lava - Araba Nekazarien Elkartea\",\"potentialAction\":[{\"@type\":\"SearchAction\",\"target\":{\"@type\":\"EntryPoint\",\"urlTemplate\":\"https:\/\/www.uaga.eus\/?s={search_term_string}\"},\"query-input\":\"required name=search_term_string\"}],\"inLanguage\":\"eu\"},{\"@type\":\"Person\",\"@id\":\"https:\/\/www.uaga.eus\/#\/schema\/person\/48c3cbf0f33d1b788226dbb6518689cf\",\"name\":\"Blanca S\u00e1nchez\",\"image\":{\"@type\":\"ImageObject\",\"inLanguage\":\"eu\",\"@id\":\"https:\/\/www.uaga.eus\/#\/schema\/person\/image\/\",\"url\":\"https:\/\/secure.gravatar.com\/avatar\/0dc91c20648254b1ce84877283f6751b?s=96&d=mm&r=g\",\"contentUrl\":\"https:\/\/secure.gravatar.com\/avatar\/0dc91c20648254b1ce84877283f6751b?s=96&d=mm&r=g\",\"caption\":\"Blanca S\u00e1nchez\"},\"url\":\"https:\/\/www.uaga.eus\/eu\/author\/bsanchez\/\"}]}<\/script>\n<!-- \/ Yoast SEO plugin. -->","yoast_head_json":{"title":"Se convocan elecciones a vocales del Consejo Regulador de la DO Arabako Txakolina \/ Txakoli de \u00c1lava - UAGA","robots":{"index":"index","follow":"follow","max-snippet":"max-snippet:-1","max-image-preview":"max-image-preview:large","max-video-preview":"max-video-preview:-1"},"canonical":"https:\/\/www.uaga.eus\/eu\/se-convocan-elecciones-a-vocales-del-consejo-regulador-de-la-do-arabako-txakolina-txakoli-de-alava\/","og_locale":"en_US","og_type":"article","og_title":"Se convocan elecciones a vocales del Consejo Regulador de la DO Arabako Txakolina \/ Txakoli de \u00c1lava - UAGA","og_description":"El\u00a0Gobierno Vasco ha publicado esta semana la orden por la que se convocan elecciones a vocales del Consejo Regulador de la Denominaci\u00f3n de Origen Arabako Txakolina\/Txakoli de \u00c1lava. Dentro del Consejo Regulador dos personas ser\u00e1n seleccionadas en representaci\u00f3n del sector productor de uva y dos en representaci\u00f3n del sector elaborador, seg\u00fan el art\u00edculo 32 del [&hellip;]","og_url":"https:\/\/www.uaga.eus\/eu\/se-convocan-elecciones-a-vocales-del-consejo-regulador-de-la-do-arabako-txakolina-txakoli-de-alava\/","og_site_name":"UAGA","article_published_time":"2023-02-17T12:52:42+00:00","og_image":[{"width":661,"height":256,"url":"https:\/\/www.uaga.eus\/wp-content\/uploads\/2023\/02\/arabako-txakolina.png","type":"image\/png"}],"author":"Blanca S\u00e1nchez","twitter_card":"summary_large_image","twitter_misc":{"Written by":"Blanca S\u00e1nchez","Est. reading time":"1 minutua"},"schema":{"@context":"https:\/\/schema.org","@graph":[{"@type":"WebPage","@id":"https:\/\/www.uaga.eus\/eu\/se-convocan-elecciones-a-vocales-del-consejo-regulador-de-la-do-arabako-txakolina-txakoli-de-alava\/","url":"https:\/\/www.uaga.eus\/eu\/se-convocan-elecciones-a-vocales-del-consejo-regulador-de-la-do-arabako-txakolina-txakoli-de-alava\/","name":"Se convocan elecciones a vocales del Consejo Regulador de la DO Arabako Txakolina \/ Txakoli de \u00c1lava - UAGA","isPartOf":{"@id":"https:\/\/www.uaga.eus\/#website"},"datePublished":"2023-02-17T12:52:42+00:00","dateModified":"2023-02-17T12:52:42+00:00","author":{"@id":"https:\/\/www.uaga.eus\/#\/schema\/person\/48c3cbf0f33d1b788226dbb6518689cf"},"breadcrumb":{"@id":"https:\/\/www.uaga.eus\/eu\/se-convocan-elecciones-a-vocales-del-consejo-regulador-de-la-do-arabako-txakolina-txakoli-de-alava\/#breadcrumb"},"inLanguage":"eu","potentialAction":[{"@type":"ReadAction","target":["https:\/\/www.uaga.eus\/eu\/se-convocan-elecciones-a-vocales-del-consejo-regulador-de-la-do-arabako-txakolina-txakoli-de-alava\/"]}]},{"@type":"BreadcrumbList","@id":"https:\/\/www.uaga.eus\/eu\/se-convocan-elecciones-a-vocales-del-consejo-regulador-de-la-do-arabako-txakolina-txakoli-de-alava\/#breadcrumb","itemListElement":[{"@type":"ListItem","position":1,"name":"Inicio","item":"https:\/\/www.uaga.eus\/"},{"@type":"ListItem","position":2,"name":"Se convocan elecciones a vocales del Consejo Regulador de la DO Arabako Txakolina \/ Txakoli de \u00c1lava"}]},{"@type":"WebSite","@id":"https:\/\/www.uaga.eus\/#website","url":"https:\/\/www.uaga.eus\/","name":"UAGA","description":"Uni\u00f3n Agroganadera de \u00c1lava - Araba Nekazarien Elkartea","potentialAction":[{"@type":"SearchAction","target":{"@type":"EntryPoint","urlTemplate":"https:\/\/www.uaga.eus\/?s={search_term_string}"},"query-input":"required name=search_term_string"}],"inLanguage":"eu"},{"@type":"Person","@id":"https:\/\/www.uaga.eus\/#\/schema\/person\/48c3cbf0f33d1b788226dbb6518689cf","name":"Blanca S\u00e1nchez","image":{"@type":"ImageObject","inLanguage":"eu","@id":"https:\/\/www.uaga.eus\/#\/schema\/person\/image\/","url":"https:\/\/secure.gravatar.com\/avatar\/0dc91c20648254b1ce84877283f6751b?s=96&d=mm&r=g","contentUrl":"https:\/\/secure.gravatar.com\/avatar\/0dc91c20648254b1ce84877283f6751b?s=96&d=mm&r=g","caption":"Blanca S\u00e1nchez"},"url":"https:\/\/www.uaga.eus\/eu\/author\/bsanchez\/"}]}},"_links":{"self":[{"href":"https:\/\/www.uaga.eus\/eu\/wp-json\/wp\/v2\/posts\/11010"}],"collection":[{"href":"https:\/\/www.uaga.eus\/eu\/wp-json\/wp\/v2\/posts"}],"about":[{"href":"https:\/\/www.uaga.eus\/eu\/wp-json\/wp\/v2\/types\/post"}],"author":[{"embeddable":true,"href":"https:\/\/www.uaga.eus\/eu\/wp-json\/wp\/v2\/users\/4"}],"replies":[{"embeddable":true,"href":"https:\/\/www.uaga.eus\/eu\/wp-json\/wp\/v2\/comments?post=11010"}],"version-history":[{"count":1,"href":"https:\/\/www.uaga.eus\/eu\/wp-json\/wp\/v2\/posts\/11010\/revisions"}],"predecessor-version":[{"id":11011,"href":"https:\/\/www.uaga.eus\/eu\/wp-json\/wp\/v2\/posts\/11010\/revisions\/11011"}],"wp:featuredmedia":[{"embeddable":true,"href":"https:\/\/www.uaga.eus\/eu\/wp-json\/wp\/v2\/media\/11001"}],"wp:attachment":[{"href":"https:\/\/www.uaga.eus\/eu\/wp-json\/wp\/v2\/media?parent=11010"}],"wp:term":[{"taxonomy":"category","embeddable":true,"href":"https:\/\/www.uaga.eus\/eu\/wp-json\/wp\/v2\/categories?post=11010"},{"taxonomy":"post_tag","embeddable":true,"href":"https:\/\/www.uaga.eus\/eu\/wp-json\/wp\/v2\/tags?post=11010"}],"curies":[{"name":"wp","href":"https:\/\/api.w.org\/{rel}","templated":true}]}}