{"id":10983,"date":"2023-02-10T11:56:57","date_gmt":"2023-02-10T11:56:57","guid":{"rendered":"https:\/\/www.uaga.eus\/?p=10983"},"modified":"2023-02-10T11:56:57","modified_gmt":"2023-02-10T11:56:57","slug":"12-de-febrero-te-animamos-a-votar-en-elecciones-agrarias-de-castilla-y-leon-a-la-alianza-upa-coag","status":"publish","type":"post","link":"https:\/\/www.uaga.eus\/eu\/12-de-febrero-te-animamos-a-votar-en-elecciones-agrarias-de-castilla-y-leon-a-la-alianza-upa-coag\/","title":{"rendered":"12 de febrero, te animamos a votar en elecciones agrarias de Castilla y Le\u00f3n a la alianza UPA-COAG"},"content":{"rendered":"<p><strong>Este domingo d\u00eda 12 de febrero, se celebran las elecciones de las Organizaciones Agrarias en Castilla y Le\u00f3n.<\/strong><\/p>\n<p>La <a href=\"https:\/\/www.alianzaupacoag.es\/\" target=\"_blank\" rel=\"noopener\" data-cke-saved-href=\"https:\/\/www.alianzaupacoag.es\/\">Alianza UPA-COAG<\/a> defiende a agricultores y ganaderos frente a las decisiones que toman otros en contra de los intereses de las explotaciones familiares agrarias. Para conseguir\u00a0estar fuertes y unidos,\u00a0tu voto es muy importante.<\/p>\n<p><strong>Si eres agricultor del Condado de Trevi\u00f1o o\u00a0tienes fincas en Castilla y Le\u00f3n -aunque tu explotaci\u00f3n est\u00e9 en \u00c1lava-\u00a0vota\u00a0a la Alianza UPA-COAG.<\/strong><\/p>\n<p>Se ha demostrado que s\u00f3lo la fuerza de una organizaci\u00f3n agraria independiente como la Alianza UPA-COAG es capaz de convertirse en un medio eficaz para el control de la toma de decisiones que las Administraciones P\u00fablicas y las empresas adoptan y que afectan a agricultores y ganaderos directamente.<\/p>\n<p>En estos \u00faltimos a\u00f1os el trabajo de la Alianza UPA-COAG ha servido para avanzar en derechos que mejoran las condiciones de vida y de trabajo del sector y para reivindicar un modelo rentable y sostenible del medio rural.<\/p>\n<p>Puedes ver en este <a href=\"https:\/\/mcusercontent.com\/498b950ccfc4b8d0e600d7e48\/files\/376f8b6b-b7b9-dca9-ae17-14f1b6790dbc\/Propuestas_elecciones_UPA_COAG.pdf\" target=\"_blank\" rel=\"noopener\" data-cke-saved-href=\"https:\/\/mcusercontent.com\/498b950ccfc4b8d0e600d7e48\/files\/376f8b6b-b7b9-dca9-ae17-14f1b6790dbc\/Propuestas_elecciones_UPA_COAG.pdf\">enlace<\/a> el trabajo realizado por la organizaci\u00f3n en los \u00faltimos a\u00f1os y en <a href=\"https:\/\/mcusercontent.com\/498b950ccfc4b8d0e600d7e48\/files\/d24070c9-42b3-16a5-6d59-5b04468bc19d\/Propuestas_elecciones_2_upacoag.pdf\" target=\"_blank\" rel=\"noopener\" data-cke-saved-href=\"https:\/\/mcusercontent.com\/498b950ccfc4b8d0e600d7e48\/files\/d24070c9-42b3-16a5-6d59-5b04468bc19d\/Propuestas_elecciones_2_upacoag.pdf\">este<\/a>\u00a0otro su dec\u00e1logo para esta nueva campa\u00f1a.<\/p>\n<p>Puedes contactar con la alianza UPA-COAG a trav\u00e9s de este <a href=\"https:\/\/www.alianzaupacoag.es\/contacto\" data-cke-saved-href=\"https:\/\/www.alianzaupacoag.es\/contacto\">enlace<\/a>.<\/p>\n<p>+INFO H\u00c9CTOR: 618 670 869<\/p>\n","protected":false},"excerpt":{"rendered":"<p>Este domingo d\u00eda 12 de febrero, se celebran las elecciones de las Organizaciones Agrarias en Castilla y Le\u00f3n. La Alianza UPA-COAG defiende a agricultores y ganaderos frente a las decisiones que toman otros en contra de los intereses de las explotaciones familiares agrarias. Para conseguir\u00a0estar fuertes y unidos,\u00a0tu voto es muy importante. Si eres agricultor [&hellip;]<\/p>\n","protected":false},"author":4,"featured_media":10984,"comment_status":"closed","ping_status":"closed","sticky":false,"template":"","format":"standard","meta":{"footnotes":""},"categories":[7,8,3],"tags":[],"yoast_head":"<!-- This site is optimized with the Yoast SEO plugin v21.5 - https:\/\/yoast.com\/wordpress\/plugins\/seo\/ -->\n<title>12 de febrero, te animamos a votar en elecciones agrarias de Castilla y Le\u00f3n a la alianza UPA-COAG - UAGA<\/title>\n<meta name=\"robots\" content=\"index, follow, max-snippet:-1, max-image-preview:large, max-video-preview:-1\" \/>\n<link rel=\"canonical\" href=\"https:\/\/www.uaga.eus\/12-de-febrero-te-animamos-a-votar-en-elecciones-agrarias-de-castilla-y-leon-a-la-alianza-upa-coag\/\" \/>\n<meta property=\"og:locale\" content=\"en_US\" \/>\n<meta property=\"og:type\" content=\"article\" \/>\n<meta property=\"og:title\" content=\"12 de febrero, te animamos a votar en elecciones agrarias de Castilla y Le\u00f3n a la alianza UPA-COAG - UAGA\" \/>\n<meta property=\"og:description\" content=\"Este domingo d\u00eda 12 de febrero, se celebran las elecciones de las Organizaciones Agrarias en Castilla y Le\u00f3n. La Alianza UPA-COAG defiende a agricultores y ganaderos frente a las decisiones que toman otros en contra de los intereses de las explotaciones familiares agrarias. Para conseguir\u00a0estar fuertes y unidos,\u00a0tu voto es muy importante. Si eres agricultor [&hellip;]\" \/>\n<meta property=\"og:url\" content=\"https:\/\/www.uaga.eus\/12-de-febrero-te-animamos-a-votar-en-elecciones-agrarias-de-castilla-y-leon-a-la-alianza-upa-coag\/\" \/>\n<meta property=\"og:site_name\" content=\"UAGA\" \/>\n<meta property=\"article:published_time\" content=\"2023-02-10T11:56:57+00:00\" \/>\n<meta property=\"og:image\" content=\"https:\/\/www.uaga.eus\/wp-content\/uploads\/2023\/02\/elecciones-agrarias-trevi\u00f1o.png\" \/>\n\t<meta property=\"og:image:width\" content=\"650\" \/>\n\t<meta property=\"og:image:height\" content=\"300\" \/>\n\t<meta property=\"og:image:type\" content=\"image\/png\" \/>\n<meta name=\"author\" content=\"Blanca S\u00e1nchez\" \/>\n<meta name=\"twitter:card\" content=\"summary_large_image\" \/>\n<meta name=\"twitter:label1\" content=\"Written by\" \/>\n\t<meta name=\"twitter:data1\" content=\"Blanca S\u00e1nchez\" \/>\n\t<meta name=\"twitter:label2\" content=\"Est. reading time\" \/>\n\t<meta name=\"twitter:data2\" content=\"1 minutua\" \/>\n<script type=\"application\/ld+json\" class=\"yoast-schema-graph\">{\"@context\":\"https:\/\/schema.org\",\"@graph\":[{\"@type\":\"WebPage\",\"@id\":\"https:\/\/www.uaga.eus\/12-de-febrero-te-animamos-a-votar-en-elecciones-agrarias-de-castilla-y-leon-a-la-alianza-upa-coag\/\",\"url\":\"https:\/\/www.uaga.eus\/12-de-febrero-te-animamos-a-votar-en-elecciones-agrarias-de-castilla-y-leon-a-la-alianza-upa-coag\/\",\"name\":\"12 de febrero, te animamos a votar en elecciones agrarias de Castilla y Le\u00f3n a la alianza UPA-COAG - UAGA\",\"isPartOf\":{\"@id\":\"https:\/\/www.uaga.eus\/#website\"},\"datePublished\":\"2023-02-10T11:56:57+00:00\",\"dateModified\":\"2023-02-10T11:56:57+00:00\",\"author\":{\"@id\":\"https:\/\/www.uaga.eus\/#\/schema\/person\/48c3cbf0f33d1b788226dbb6518689cf\"},\"breadcrumb\":{\"@id\":\"https:\/\/www.uaga.eus\/12-de-febrero-te-animamos-a-votar-en-elecciones-agrarias-de-castilla-y-leon-a-la-alianza-upa-coag\/#breadcrumb\"},\"inLanguage\":\"eu\",\"potentialAction\":[{\"@type\":\"ReadAction\",\"target\":[\"https:\/\/www.uaga.eus\/12-de-febrero-te-animamos-a-votar-en-elecciones-agrarias-de-castilla-y-leon-a-la-alianza-upa-coag\/\"]}]},{\"@type\":\"BreadcrumbList\",\"@id\":\"https:\/\/www.uaga.eus\/12-de-febrero-te-animamos-a-votar-en-elecciones-agrarias-de-castilla-y-leon-a-la-alianza-upa-coag\/#breadcrumb\",\"itemListElement\":[{\"@type\":\"ListItem\",\"position\":1,\"name\":\"Inicio\",\"item\":\"https:\/\/www.uaga.eus\/\"},{\"@type\":\"ListItem\",\"position\":2,\"name\":\"12 de febrero, te animamos a votar en elecciones agrarias de Castilla y Le\u00f3n a la alianza UPA-COAG\"}]},{\"@type\":\"WebSite\",\"@id\":\"https:\/\/www.uaga.eus\/#website\",\"url\":\"https:\/\/www.uaga.eus\/\",\"name\":\"UAGA\",\"description\":\"Uni\u00f3n Agroganadera de \u00c1lava - Araba Nekazarien Elkartea\",\"potentialAction\":[{\"@type\":\"SearchAction\",\"target\":{\"@type\":\"EntryPoint\",\"urlTemplate\":\"https:\/\/www.uaga.eus\/?s={search_term_string}\"},\"query-input\":\"required name=search_term_string\"}],\"inLanguage\":\"eu\"},{\"@type\":\"Person\",\"@id\":\"https:\/\/www.uaga.eus\/#\/schema\/person\/48c3cbf0f33d1b788226dbb6518689cf\",\"name\":\"Blanca S\u00e1nchez\",\"image\":{\"@type\":\"ImageObject\",\"inLanguage\":\"eu\",\"@id\":\"https:\/\/www.uaga.eus\/#\/schema\/person\/image\/\",\"url\":\"https:\/\/secure.gravatar.com\/avatar\/0dc91c20648254b1ce84877283f6751b?s=96&d=mm&r=g\",\"contentUrl\":\"https:\/\/secure.gravatar.com\/avatar\/0dc91c20648254b1ce84877283f6751b?s=96&d=mm&r=g\",\"caption\":\"Blanca S\u00e1nchez\"},\"url\":\"https:\/\/www.uaga.eus\/eu\/author\/bsanchez\/\"}]}<\/script>\n<!-- \/ Yoast SEO plugin. -->","yoast_head_json":{"title":"12 de febrero, te animamos a votar en elecciones agrarias de Castilla y Le\u00f3n a la alianza UPA-COAG - UAGA","robots":{"index":"index","follow":"follow","max-snippet":"max-snippet:-1","max-image-preview":"max-image-preview:large","max-video-preview":"max-video-preview:-1"},"canonical":"https:\/\/www.uaga.eus\/12-de-febrero-te-animamos-a-votar-en-elecciones-agrarias-de-castilla-y-leon-a-la-alianza-upa-coag\/","og_locale":"en_US","og_type":"article","og_title":"12 de febrero, te animamos a votar en elecciones agrarias de Castilla y Le\u00f3n a la alianza UPA-COAG - UAGA","og_description":"Este domingo d\u00eda 12 de febrero, se celebran las elecciones de las Organizaciones Agrarias en Castilla y Le\u00f3n. La Alianza UPA-COAG defiende a agricultores y ganaderos frente a las decisiones que toman otros en contra de los intereses de las explotaciones familiares agrarias. Para conseguir\u00a0estar fuertes y unidos,\u00a0tu voto es muy importante. Si eres agricultor [&hellip;]","og_url":"https:\/\/www.uaga.eus\/12-de-febrero-te-animamos-a-votar-en-elecciones-agrarias-de-castilla-y-leon-a-la-alianza-upa-coag\/","og_site_name":"UAGA","article_published_time":"2023-02-10T11:56:57+00:00","og_image":[{"width":650,"height":300,"url":"https:\/\/www.uaga.eus\/wp-content\/uploads\/2023\/02\/elecciones-agrarias-trevi\u00f1o.png","type":"image\/png"}],"author":"Blanca S\u00e1nchez","twitter_card":"summary_large_image","twitter_misc":{"Written by":"Blanca S\u00e1nchez","Est. reading time":"1 minutua"},"schema":{"@context":"https:\/\/schema.org","@graph":[{"@type":"WebPage","@id":"https:\/\/www.uaga.eus\/12-de-febrero-te-animamos-a-votar-en-elecciones-agrarias-de-castilla-y-leon-a-la-alianza-upa-coag\/","url":"https:\/\/www.uaga.eus\/12-de-febrero-te-animamos-a-votar-en-elecciones-agrarias-de-castilla-y-leon-a-la-alianza-upa-coag\/","name":"12 de febrero, te animamos a votar en elecciones agrarias de Castilla y Le\u00f3n a la alianza UPA-COAG - UAGA","isPartOf":{"@id":"https:\/\/www.uaga.eus\/#website"},"datePublished":"2023-02-10T11:56:57+00:00","dateModified":"2023-02-10T11:56:57+00:00","author":{"@id":"https:\/\/www.uaga.eus\/#\/schema\/person\/48c3cbf0f33d1b788226dbb6518689cf"},"breadcrumb":{"@id":"https:\/\/www.uaga.eus\/12-de-febrero-te-animamos-a-votar-en-elecciones-agrarias-de-castilla-y-leon-a-la-alianza-upa-coag\/#breadcrumb"},"inLanguage":"eu","potentialAction":[{"@type":"ReadAction","target":["https:\/\/www.uaga.eus\/12-de-febrero-te-animamos-a-votar-en-elecciones-agrarias-de-castilla-y-leon-a-la-alianza-upa-coag\/"]}]},{"@type":"BreadcrumbList","@id":"https:\/\/www.uaga.eus\/12-de-febrero-te-animamos-a-votar-en-elecciones-agrarias-de-castilla-y-leon-a-la-alianza-upa-coag\/#breadcrumb","itemListElement":[{"@type":"ListItem","position":1,"name":"Inicio","item":"https:\/\/www.uaga.eus\/"},{"@type":"ListItem","position":2,"name":"12 de febrero, te animamos a votar en elecciones agrarias de Castilla y Le\u00f3n a la alianza UPA-COAG"}]},{"@type":"WebSite","@id":"https:\/\/www.uaga.eus\/#website","url":"https:\/\/www.uaga.eus\/","name":"UAGA","description":"Uni\u00f3n Agroganadera de \u00c1lava - Araba Nekazarien Elkartea","potentialAction":[{"@type":"SearchAction","target":{"@type":"EntryPoint","urlTemplate":"https:\/\/www.uaga.eus\/?s={search_term_string}"},"query-input":"required name=search_term_string"}],"inLanguage":"eu"},{"@type":"Person","@id":"https:\/\/www.uaga.eus\/#\/schema\/person\/48c3cbf0f33d1b788226dbb6518689cf","name":"Blanca S\u00e1nchez","image":{"@type":"ImageObject","inLanguage":"eu","@id":"https:\/\/www.uaga.eus\/#\/schema\/person\/image\/","url":"https:\/\/secure.gravatar.com\/avatar\/0dc91c20648254b1ce84877283f6751b?s=96&d=mm&r=g","contentUrl":"https:\/\/secure.gravatar.com\/avatar\/0dc91c20648254b1ce84877283f6751b?s=96&d=mm&r=g","caption":"Blanca S\u00e1nchez"},"url":"https:\/\/www.uaga.eus\/eu\/author\/bsanchez\/"}]}},"_links":{"self":[{"href":"https:\/\/www.uaga.eus\/eu\/wp-json\/wp\/v2\/posts\/10983"}],"collection":[{"href":"https:\/\/www.uaga.eus\/eu\/wp-json\/wp\/v2\/posts"}],"about":[{"href":"https:\/\/www.uaga.eus\/eu\/wp-json\/wp\/v2\/types\/post"}],"author":[{"embeddable":true,"href":"https:\/\/www.uaga.eus\/eu\/wp-json\/wp\/v2\/users\/4"}],"replies":[{"embeddable":true,"href":"https:\/\/www.uaga.eus\/eu\/wp-json\/wp\/v2\/comments?post=10983"}],"version-history":[{"count":1,"href":"https:\/\/www.uaga.eus\/eu\/wp-json\/wp\/v2\/posts\/10983\/revisions"}],"predecessor-version":[{"id":10985,"href":"https:\/\/www.uaga.eus\/eu\/wp-json\/wp\/v2\/posts\/10983\/revisions\/10985"}],"wp:featuredmedia":[{"embeddable":true,"href":"https:\/\/www.uaga.eus\/eu\/wp-json\/wp\/v2\/media\/10984"}],"wp:attachment":[{"href":"https:\/\/www.uaga.eus\/eu\/wp-json\/wp\/v2\/media?parent=10983"}],"wp:term":[{"taxonomy":"category","embeddable":true,"href":"https:\/\/www.uaga.eus\/eu\/wp-json\/wp\/v2\/categories?post=10983"},{"taxonomy":"post_tag","embeddable":true,"href":"https:\/\/www.uaga.eus\/eu\/wp-json\/wp\/v2\/tags?post=10983"}],"curies":[{"name":"wp","href":"https:\/\/api.w.org\/{rel}","templated":true}]}}