{"id":10878,"date":"2022-12-23T13:55:41","date_gmt":"2022-12-23T13:55:41","guid":{"rendered":"https:\/\/www.uaga.eus\/?p=10878"},"modified":"2022-12-23T13:55:41","modified_gmt":"2022-12-23T13:55:41","slug":"las-quemas-de-restos-vegetales-agricolas-volveran-a-estar-permitidas-a-partir-de-enero","status":"publish","type":"post","link":"https:\/\/www.uaga.eus\/eu\/las-quemas-de-restos-vegetales-agricolas-volveran-a-estar-permitidas-a-partir-de-enero\/","title":{"rendered":"Las quemas de restos vegetales agr\u00edcolas volver\u00e1n a estar permitidas a partir de enero"},"content":{"rendered":"<p>A partir del 2 de enero, pr\u00e1cticamente la totalidad de las explotaciones agr\u00edcolas podr\u00e1n volver a quemar residuos vegetales. El Senado\u00a0ha aprobado una enmienda que establece que los restos de cosecha, de poda, malezas o rastrojos no sean considerados residuos.<\/p>\n<p>El Congreso aprob\u00f3 levantar la prohibici\u00f3n de quemar restos de poda y vegetales a las explotaciones agr\u00edcolas y forestales de menos de 50 trabajadores y que facturen menos de 10 millones; eso supone la pr\u00e1ctica totalidad de las explotaciones agr\u00edcolas existentes.<\/p>\n<p>Para explicar el contexto, como consecuencia de la entrada en vigor el pasado 10 de abril, de la Ley 7\/2022 de residuos y suelos contaminados para una econom\u00eda circular, con car\u00e1cter general, se prohibi\u00f3 la quema de residuos vegetales generados en el entorno agrario y silv\u00edcola, permiti\u00e9ndose la quema solamente con car\u00e1cter excepcional.<\/p>\n<p>COAG, coordinadora en la que se integra UAGA, junto con otras organizaciones profesionales agrarias, <a href=\"https:\/\/www.uaga.eus\/la-presion-del-sector-agrario-logra-derogar-la-prohibicion-de-la-quema-de-restos-vegetales-en-el-campo\/\" data-cke-saved-href=\"https:\/\/www.uaga.eus\/la-presion-del-sector-agrario-logra-derogar-la-prohibicion-de-la-quema-de-restos-vegetales-en-el-campo\/\">siempre han sido contrarias a esta limitaci\u00f3n de quema de restos de poda<\/a>; pues estas pr\u00e1cticas tradicionales, siempre con autorizaci\u00f3n y cumpliendo con la normativa vigente en materia de prevenci\u00f3n de incendios, suponen una correcta gesti\u00f3n de dichos residuos, tanto por el necesario control de plagas, como por el ahorro en el uso de fitosanitarios, sin tener un efecto negativo para el medio ambiente.<\/p>\n<p>Fruto de estas peticiones conjuntas del sector, el Senado ha aprobado dicha enmienda, para que \u201clos restos de cosecha, de poda, maleza, pajas, rastrojos no sean considerados residuos a los efectos de esta ley\u201d.\u00a0 Asimismo, dispone que la autoridad competente de las Comunidades Aut\u00f3nomas pueda\u00a0autorizar las quemas controladas de estos restos con las debidas garant\u00edas en relaci\u00f3n con el uso del fuego.<\/p>\n<p>+INFO H\u00c9CTOR: 618 670 869<\/p>\n","protected":false},"excerpt":{"rendered":"<p>A partir del 2 de enero, pr\u00e1cticamente la totalidad de las explotaciones agr\u00edcolas podr\u00e1n volver a quemar residuos vegetales. El Senado\u00a0ha aprobado una enmienda que establece que los restos de cosecha, de poda, malezas o rastrojos no sean considerados residuos. El Congreso aprob\u00f3 levantar la prohibici\u00f3n de quemar restos de poda y vegetales a las [&hellip;]<\/p>\n","protected":false},"author":4,"featured_media":10615,"comment_status":"closed","ping_status":"closed","sticky":false,"template":"","format":"standard","meta":{"footnotes":""},"categories":[11],"tags":[],"yoast_head":"<!-- This site is optimized with the Yoast SEO plugin v21.5 - https:\/\/yoast.com\/wordpress\/plugins\/seo\/ -->\n<title>Las quemas de restos vegetales agr\u00edcolas volver\u00e1n a estar permitidas a partir de enero - UAGA<\/title>\n<meta name=\"robots\" content=\"index, follow, max-snippet:-1, max-image-preview:large, max-video-preview:-1\" \/>\n<link rel=\"canonical\" href=\"https:\/\/www.uaga.eus\/las-quemas-de-restos-vegetales-agricolas-volveran-a-estar-permitidas-a-partir-de-enero\/\" \/>\n<meta property=\"og:locale\" content=\"en_US\" \/>\n<meta property=\"og:type\" content=\"article\" \/>\n<meta property=\"og:title\" content=\"Las quemas de restos vegetales agr\u00edcolas volver\u00e1n a estar permitidas a partir de enero - UAGA\" \/>\n<meta property=\"og:description\" content=\"A partir del 2 de enero, pr\u00e1cticamente la totalidad de las explotaciones agr\u00edcolas podr\u00e1n volver a quemar residuos vegetales. El Senado\u00a0ha aprobado una enmienda que establece que los restos de cosecha, de poda, malezas o rastrojos no sean considerados residuos. El Congreso aprob\u00f3 levantar la prohibici\u00f3n de quemar restos de poda y vegetales a las [&hellip;]\" \/>\n<meta property=\"og:url\" content=\"https:\/\/www.uaga.eus\/las-quemas-de-restos-vegetales-agricolas-volveran-a-estar-permitidas-a-partir-de-enero\/\" \/>\n<meta property=\"og:site_name\" content=\"UAGA\" \/>\n<meta property=\"article:published_time\" content=\"2022-12-23T13:55:41+00:00\" \/>\n<meta property=\"og:image\" content=\"https:\/\/www.uaga.eus\/wp-content\/uploads\/2022\/10\/Quema-residuos-agr\u00edcolas-e1665147115179.jpg\" \/>\n\t<meta property=\"og:image:width\" content=\"694\" \/>\n\t<meta property=\"og:image:height\" content=\"379\" \/>\n\t<meta property=\"og:image:type\" content=\"image\/jpeg\" \/>\n<meta name=\"author\" content=\"Blanca S\u00e1nchez\" \/>\n<meta name=\"twitter:card\" content=\"summary_large_image\" \/>\n<meta name=\"twitter:label1\" content=\"Written by\" \/>\n\t<meta name=\"twitter:data1\" content=\"Blanca S\u00e1nchez\" \/>\n\t<meta name=\"twitter:label2\" content=\"Est. reading time\" \/>\n\t<meta name=\"twitter:data2\" content=\"1 minutua\" \/>\n<script type=\"application\/ld+json\" class=\"yoast-schema-graph\">{\"@context\":\"https:\/\/schema.org\",\"@graph\":[{\"@type\":\"WebPage\",\"@id\":\"https:\/\/www.uaga.eus\/las-quemas-de-restos-vegetales-agricolas-volveran-a-estar-permitidas-a-partir-de-enero\/\",\"url\":\"https:\/\/www.uaga.eus\/las-quemas-de-restos-vegetales-agricolas-volveran-a-estar-permitidas-a-partir-de-enero\/\",\"name\":\"Las quemas de restos vegetales agr\u00edcolas volver\u00e1n a estar permitidas a partir de enero - UAGA\",\"isPartOf\":{\"@id\":\"https:\/\/www.uaga.eus\/#website\"},\"datePublished\":\"2022-12-23T13:55:41+00:00\",\"dateModified\":\"2022-12-23T13:55:41+00:00\",\"author\":{\"@id\":\"https:\/\/www.uaga.eus\/#\/schema\/person\/48c3cbf0f33d1b788226dbb6518689cf\"},\"breadcrumb\":{\"@id\":\"https:\/\/www.uaga.eus\/las-quemas-de-restos-vegetales-agricolas-volveran-a-estar-permitidas-a-partir-de-enero\/#breadcrumb\"},\"inLanguage\":\"eu\",\"potentialAction\":[{\"@type\":\"ReadAction\",\"target\":[\"https:\/\/www.uaga.eus\/las-quemas-de-restos-vegetales-agricolas-volveran-a-estar-permitidas-a-partir-de-enero\/\"]}]},{\"@type\":\"BreadcrumbList\",\"@id\":\"https:\/\/www.uaga.eus\/las-quemas-de-restos-vegetales-agricolas-volveran-a-estar-permitidas-a-partir-de-enero\/#breadcrumb\",\"itemListElement\":[{\"@type\":\"ListItem\",\"position\":1,\"name\":\"Inicio\",\"item\":\"https:\/\/www.uaga.eus\/\"},{\"@type\":\"ListItem\",\"position\":2,\"name\":\"Las quemas de restos vegetales agr\u00edcolas volver\u00e1n a estar permitidas a partir de enero\"}]},{\"@type\":\"WebSite\",\"@id\":\"https:\/\/www.uaga.eus\/#website\",\"url\":\"https:\/\/www.uaga.eus\/\",\"name\":\"UAGA\",\"description\":\"Uni\u00f3n Agroganadera de \u00c1lava - Araba Nekazarien Elkartea\",\"potentialAction\":[{\"@type\":\"SearchAction\",\"target\":{\"@type\":\"EntryPoint\",\"urlTemplate\":\"https:\/\/www.uaga.eus\/?s={search_term_string}\"},\"query-input\":\"required name=search_term_string\"}],\"inLanguage\":\"eu\"},{\"@type\":\"Person\",\"@id\":\"https:\/\/www.uaga.eus\/#\/schema\/person\/48c3cbf0f33d1b788226dbb6518689cf\",\"name\":\"Blanca S\u00e1nchez\",\"image\":{\"@type\":\"ImageObject\",\"inLanguage\":\"eu\",\"@id\":\"https:\/\/www.uaga.eus\/#\/schema\/person\/image\/\",\"url\":\"https:\/\/secure.gravatar.com\/avatar\/0dc91c20648254b1ce84877283f6751b?s=96&d=mm&r=g\",\"contentUrl\":\"https:\/\/secure.gravatar.com\/avatar\/0dc91c20648254b1ce84877283f6751b?s=96&d=mm&r=g\",\"caption\":\"Blanca S\u00e1nchez\"},\"url\":\"https:\/\/www.uaga.eus\/eu\/author\/bsanchez\/\"}]}<\/script>\n<!-- \/ Yoast SEO plugin. -->","yoast_head_json":{"title":"Las quemas de restos vegetales agr\u00edcolas volver\u00e1n a estar permitidas a partir de enero - UAGA","robots":{"index":"index","follow":"follow","max-snippet":"max-snippet:-1","max-image-preview":"max-image-preview:large","max-video-preview":"max-video-preview:-1"},"canonical":"https:\/\/www.uaga.eus\/las-quemas-de-restos-vegetales-agricolas-volveran-a-estar-permitidas-a-partir-de-enero\/","og_locale":"en_US","og_type":"article","og_title":"Las quemas de restos vegetales agr\u00edcolas volver\u00e1n a estar permitidas a partir de enero - UAGA","og_description":"A partir del 2 de enero, pr\u00e1cticamente la totalidad de las explotaciones agr\u00edcolas podr\u00e1n volver a quemar residuos vegetales. El Senado\u00a0ha aprobado una enmienda que establece que los restos de cosecha, de poda, malezas o rastrojos no sean considerados residuos. El Congreso aprob\u00f3 levantar la prohibici\u00f3n de quemar restos de poda y vegetales a las [&hellip;]","og_url":"https:\/\/www.uaga.eus\/las-quemas-de-restos-vegetales-agricolas-volveran-a-estar-permitidas-a-partir-de-enero\/","og_site_name":"UAGA","article_published_time":"2022-12-23T13:55:41+00:00","og_image":[{"width":694,"height":379,"url":"https:\/\/www.uaga.eus\/wp-content\/uploads\/2022\/10\/Quema-residuos-agr\u00edcolas-e1665147115179.jpg","type":"image\/jpeg"}],"author":"Blanca S\u00e1nchez","twitter_card":"summary_large_image","twitter_misc":{"Written by":"Blanca S\u00e1nchez","Est. reading time":"1 minutua"},"schema":{"@context":"https:\/\/schema.org","@graph":[{"@type":"WebPage","@id":"https:\/\/www.uaga.eus\/las-quemas-de-restos-vegetales-agricolas-volveran-a-estar-permitidas-a-partir-de-enero\/","url":"https:\/\/www.uaga.eus\/las-quemas-de-restos-vegetales-agricolas-volveran-a-estar-permitidas-a-partir-de-enero\/","name":"Las quemas de restos vegetales agr\u00edcolas volver\u00e1n a estar permitidas a partir de enero - UAGA","isPartOf":{"@id":"https:\/\/www.uaga.eus\/#website"},"datePublished":"2022-12-23T13:55:41+00:00","dateModified":"2022-12-23T13:55:41+00:00","author":{"@id":"https:\/\/www.uaga.eus\/#\/schema\/person\/48c3cbf0f33d1b788226dbb6518689cf"},"breadcrumb":{"@id":"https:\/\/www.uaga.eus\/las-quemas-de-restos-vegetales-agricolas-volveran-a-estar-permitidas-a-partir-de-enero\/#breadcrumb"},"inLanguage":"eu","potentialAction":[{"@type":"ReadAction","target":["https:\/\/www.uaga.eus\/las-quemas-de-restos-vegetales-agricolas-volveran-a-estar-permitidas-a-partir-de-enero\/"]}]},{"@type":"BreadcrumbList","@id":"https:\/\/www.uaga.eus\/las-quemas-de-restos-vegetales-agricolas-volveran-a-estar-permitidas-a-partir-de-enero\/#breadcrumb","itemListElement":[{"@type":"ListItem","position":1,"name":"Inicio","item":"https:\/\/www.uaga.eus\/"},{"@type":"ListItem","position":2,"name":"Las quemas de restos vegetales agr\u00edcolas volver\u00e1n a estar permitidas a partir de enero"}]},{"@type":"WebSite","@id":"https:\/\/www.uaga.eus\/#website","url":"https:\/\/www.uaga.eus\/","name":"UAGA","description":"Uni\u00f3n Agroganadera de \u00c1lava - Araba Nekazarien Elkartea","potentialAction":[{"@type":"SearchAction","target":{"@type":"EntryPoint","urlTemplate":"https:\/\/www.uaga.eus\/?s={search_term_string}"},"query-input":"required name=search_term_string"}],"inLanguage":"eu"},{"@type":"Person","@id":"https:\/\/www.uaga.eus\/#\/schema\/person\/48c3cbf0f33d1b788226dbb6518689cf","name":"Blanca S\u00e1nchez","image":{"@type":"ImageObject","inLanguage":"eu","@id":"https:\/\/www.uaga.eus\/#\/schema\/person\/image\/","url":"https:\/\/secure.gravatar.com\/avatar\/0dc91c20648254b1ce84877283f6751b?s=96&d=mm&r=g","contentUrl":"https:\/\/secure.gravatar.com\/avatar\/0dc91c20648254b1ce84877283f6751b?s=96&d=mm&r=g","caption":"Blanca S\u00e1nchez"},"url":"https:\/\/www.uaga.eus\/eu\/author\/bsanchez\/"}]}},"_links":{"self":[{"href":"https:\/\/www.uaga.eus\/eu\/wp-json\/wp\/v2\/posts\/10878"}],"collection":[{"href":"https:\/\/www.uaga.eus\/eu\/wp-json\/wp\/v2\/posts"}],"about":[{"href":"https:\/\/www.uaga.eus\/eu\/wp-json\/wp\/v2\/types\/post"}],"author":[{"embeddable":true,"href":"https:\/\/www.uaga.eus\/eu\/wp-json\/wp\/v2\/users\/4"}],"replies":[{"embeddable":true,"href":"https:\/\/www.uaga.eus\/eu\/wp-json\/wp\/v2\/comments?post=10878"}],"version-history":[{"count":1,"href":"https:\/\/www.uaga.eus\/eu\/wp-json\/wp\/v2\/posts\/10878\/revisions"}],"predecessor-version":[{"id":10879,"href":"https:\/\/www.uaga.eus\/eu\/wp-json\/wp\/v2\/posts\/10878\/revisions\/10879"}],"wp:featuredmedia":[{"embeddable":true,"href":"https:\/\/www.uaga.eus\/eu\/wp-json\/wp\/v2\/media\/10615"}],"wp:attachment":[{"href":"https:\/\/www.uaga.eus\/eu\/wp-json\/wp\/v2\/media?parent=10878"}],"wp:term":[{"taxonomy":"category","embeddable":true,"href":"https:\/\/www.uaga.eus\/eu\/wp-json\/wp\/v2\/categories?post=10878"},{"taxonomy":"post_tag","embeddable":true,"href":"https:\/\/www.uaga.eus\/eu\/wp-json\/wp\/v2\/tags?post=10878"}],"curies":[{"name":"wp","href":"https:\/\/api.w.org\/{rel}","templated":true}]}}