{"id":10350,"date":"2022-07-08T11:00:10","date_gmt":"2022-07-08T11:00:10","guid":{"rendered":"https:\/\/www.uaga.eus\/?p=10350"},"modified":"2022-07-08T11:44:54","modified_gmt":"2022-07-08T11:44:54","slug":"bajan-los-precios-del-cereal-segun-un-informe-publicado-por-el-ministerio-de-agricultura","status":"publish","type":"post","link":"https:\/\/www.uaga.eus\/eu\/bajan-los-precios-del-cereal-segun-un-informe-publicado-por-el-ministerio-de-agricultura\/","title":{"rendered":"Bajan los precios del cereal, seg\u00fan un informe publicado por el Ministerio de Agricultura"},"content":{"rendered":"<p>El Ministerio de Agricultura, a trav\u00e9s de la Direcci\u00f3n General de Producciones y Mercados Agrarios, acaba de publicar un informe en el que se detalla la situaci\u00f3n y perspectivas del mercado nacional y mundial\u00a0de los cultivos herb\u00e1ceos de cereal, oleaginosas y leguminosas grano.<\/p>\n<p>Seg\u00fan\u00a0este informe\u00a0se puede apreciar que los precios del cereal est\u00e1n bajando progresivamente, debido a la ca\u00edda de la demanda, siguiendo la estela del resto de materias primas. De todas formas, se trata de una circunstancia habitual que se da al inicio de cada cosecha.<\/p>\n<p>Seg\u00fan el an\u00e1lisis realizado por COAG, todo parece indicar que muchas inversiones de car\u00e1cter especulativo se est\u00e1n retirando del mercado de materias primas, por temor a una posible recesi\u00f3n econ\u00f3mica, lo que conlleva una correcci\u00f3n a la baja de los precios.<\/p>\n<p>Las perspectivas de cosecha del Ministerio son de mayo, por lo que a\u00fan son algo antiguas, pero avanzan malos resultados as\u00ed como un incremento de las importaciones.<\/p>\n<p>En l\u00edneas generales, se prev\u00e9 una cosecha m\u00e1s baja\u00a0y tambi\u00e9n una demanda m\u00e1s baja.<\/p>\n<p>Puedes consultar el informe publicado en este <u><a href=\"https:\/\/mcusercontent.com\/498b950ccfc4b8d0e600d7e48\/files\/2e9073ba-910a-cb91-d7a9-01015fe66c41\/INFORME_MAPA_MERCADO_CEREALES_Y....pdf\" target=\"_blank\" rel=\"noopener\" data-cke-saved-href=\"https:\/\/mcusercontent.com\/498b950ccfc4b8d0e600d7e48\/files\/2e9073ba-910a-cb91-d7a9-01015fe66c41\/INFORME_MAPA_MERCADO_CEREALES_Y....pdf\">documento<\/a>.<\/u><\/p>\n","protected":false},"excerpt":{"rendered":"<p>El Ministerio de Agricultura, a trav\u00e9s de la Direcci\u00f3n General de Producciones y Mercados Agrarios, acaba de publicar un informe en el que se detalla la situaci\u00f3n y perspectivas del mercado nacional y mundial\u00a0de los cultivos herb\u00e1ceos de cereal, oleaginosas y leguminosas grano. Seg\u00fan\u00a0este informe\u00a0se puede apreciar que los precios del cereal est\u00e1n bajando progresivamente, [&hellip;]<\/p>\n","protected":false},"author":4,"featured_media":7917,"comment_status":"closed","ping_status":"closed","sticky":false,"template":"","format":"standard","meta":{"footnotes":""},"categories":[7],"tags":[],"yoast_head":"<!-- This site is optimized with the Yoast SEO plugin v21.5 - https:\/\/yoast.com\/wordpress\/plugins\/seo\/ -->\n<title>Bajan los precios del cereal, seg\u00fan un informe publicado por el Ministerio de Agricultura - UAGA<\/title>\n<meta name=\"robots\" content=\"index, follow, max-snippet:-1, max-image-preview:large, max-video-preview:-1\" \/>\n<link rel=\"canonical\" href=\"https:\/\/www.uaga.eus\/bajan-los-precios-del-cereal-segun-un-informe-publicado-por-el-ministerio-de-agricultura\/\" \/>\n<meta property=\"og:locale\" content=\"en_US\" \/>\n<meta property=\"og:type\" content=\"article\" \/>\n<meta property=\"og:title\" content=\"Bajan los precios del cereal, seg\u00fan un informe publicado por el Ministerio de Agricultura - UAGA\" \/>\n<meta property=\"og:description\" content=\"El Ministerio de Agricultura, a trav\u00e9s de la Direcci\u00f3n General de Producciones y Mercados Agrarios, acaba de publicar un informe en el que se detalla la situaci\u00f3n y perspectivas del mercado nacional y mundial\u00a0de los cultivos herb\u00e1ceos de cereal, oleaginosas y leguminosas grano. Seg\u00fan\u00a0este informe\u00a0se puede apreciar que los precios del cereal est\u00e1n bajando progresivamente, [&hellip;]\" \/>\n<meta property=\"og:url\" content=\"https:\/\/www.uaga.eus\/bajan-los-precios-del-cereal-segun-un-informe-publicado-por-el-ministerio-de-agricultura\/\" \/>\n<meta property=\"og:site_name\" content=\"UAGA\" \/>\n<meta property=\"article:published_time\" content=\"2022-07-08T11:00:10+00:00\" \/>\n<meta property=\"article:modified_time\" content=\"2022-07-08T11:44:54+00:00\" \/>\n<meta property=\"og:image\" content=\"https:\/\/www.uaga.eus\/wp-content\/uploads\/2020\/09\/cosecha-cereal-e1599224669389.jpg\" \/>\n\t<meta property=\"og:image:width\" content=\"700\" \/>\n\t<meta property=\"og:image:height\" content=\"399\" \/>\n\t<meta property=\"og:image:type\" content=\"image\/jpeg\" \/>\n<meta name=\"author\" content=\"Blanca S\u00e1nchez\" \/>\n<meta name=\"twitter:card\" content=\"summary_large_image\" \/>\n<meta name=\"twitter:label1\" content=\"Written by\" \/>\n\t<meta name=\"twitter:data1\" content=\"Blanca S\u00e1nchez\" \/>\n\t<meta name=\"twitter:label2\" content=\"Est. reading time\" \/>\n\t<meta name=\"twitter:data2\" content=\"1 minutua\" \/>\n<script type=\"application\/ld+json\" class=\"yoast-schema-graph\">{\"@context\":\"https:\/\/schema.org\",\"@graph\":[{\"@type\":\"WebPage\",\"@id\":\"https:\/\/www.uaga.eus\/bajan-los-precios-del-cereal-segun-un-informe-publicado-por-el-ministerio-de-agricultura\/\",\"url\":\"https:\/\/www.uaga.eus\/bajan-los-precios-del-cereal-segun-un-informe-publicado-por-el-ministerio-de-agricultura\/\",\"name\":\"Bajan los precios del cereal, seg\u00fan un informe publicado por el Ministerio de Agricultura - UAGA\",\"isPartOf\":{\"@id\":\"https:\/\/www.uaga.eus\/#website\"},\"datePublished\":\"2022-07-08T11:00:10+00:00\",\"dateModified\":\"2022-07-08T11:44:54+00:00\",\"author\":{\"@id\":\"https:\/\/www.uaga.eus\/#\/schema\/person\/48c3cbf0f33d1b788226dbb6518689cf\"},\"breadcrumb\":{\"@id\":\"https:\/\/www.uaga.eus\/bajan-los-precios-del-cereal-segun-un-informe-publicado-por-el-ministerio-de-agricultura\/#breadcrumb\"},\"inLanguage\":\"eu\",\"potentialAction\":[{\"@type\":\"ReadAction\",\"target\":[\"https:\/\/www.uaga.eus\/bajan-los-precios-del-cereal-segun-un-informe-publicado-por-el-ministerio-de-agricultura\/\"]}]},{\"@type\":\"BreadcrumbList\",\"@id\":\"https:\/\/www.uaga.eus\/bajan-los-precios-del-cereal-segun-un-informe-publicado-por-el-ministerio-de-agricultura\/#breadcrumb\",\"itemListElement\":[{\"@type\":\"ListItem\",\"position\":1,\"name\":\"Inicio\",\"item\":\"https:\/\/www.uaga.eus\/\"},{\"@type\":\"ListItem\",\"position\":2,\"name\":\"Bajan los precios del cereal, seg\u00fan un informe publicado por el Ministerio de Agricultura\"}]},{\"@type\":\"WebSite\",\"@id\":\"https:\/\/www.uaga.eus\/#website\",\"url\":\"https:\/\/www.uaga.eus\/\",\"name\":\"UAGA\",\"description\":\"Uni\u00f3n Agroganadera de \u00c1lava - Araba Nekazarien Elkartea\",\"potentialAction\":[{\"@type\":\"SearchAction\",\"target\":{\"@type\":\"EntryPoint\",\"urlTemplate\":\"https:\/\/www.uaga.eus\/?s={search_term_string}\"},\"query-input\":\"required name=search_term_string\"}],\"inLanguage\":\"eu\"},{\"@type\":\"Person\",\"@id\":\"https:\/\/www.uaga.eus\/#\/schema\/person\/48c3cbf0f33d1b788226dbb6518689cf\",\"name\":\"Blanca S\u00e1nchez\",\"image\":{\"@type\":\"ImageObject\",\"inLanguage\":\"eu\",\"@id\":\"https:\/\/www.uaga.eus\/#\/schema\/person\/image\/\",\"url\":\"https:\/\/secure.gravatar.com\/avatar\/0dc91c20648254b1ce84877283f6751b?s=96&d=mm&r=g\",\"contentUrl\":\"https:\/\/secure.gravatar.com\/avatar\/0dc91c20648254b1ce84877283f6751b?s=96&d=mm&r=g\",\"caption\":\"Blanca S\u00e1nchez\"},\"url\":\"https:\/\/www.uaga.eus\/eu\/author\/bsanchez\/\"}]}<\/script>\n<!-- \/ Yoast SEO plugin. -->","yoast_head_json":{"title":"Bajan los precios del cereal, seg\u00fan un informe publicado por el Ministerio de Agricultura - UAGA","robots":{"index":"index","follow":"follow","max-snippet":"max-snippet:-1","max-image-preview":"max-image-preview:large","max-video-preview":"max-video-preview:-1"},"canonical":"https:\/\/www.uaga.eus\/bajan-los-precios-del-cereal-segun-un-informe-publicado-por-el-ministerio-de-agricultura\/","og_locale":"en_US","og_type":"article","og_title":"Bajan los precios del cereal, seg\u00fan un informe publicado por el Ministerio de Agricultura - UAGA","og_description":"El Ministerio de Agricultura, a trav\u00e9s de la Direcci\u00f3n General de Producciones y Mercados Agrarios, acaba de publicar un informe en el que se detalla la situaci\u00f3n y perspectivas del mercado nacional y mundial\u00a0de los cultivos herb\u00e1ceos de cereal, oleaginosas y leguminosas grano. Seg\u00fan\u00a0este informe\u00a0se puede apreciar que los precios del cereal est\u00e1n bajando progresivamente, [&hellip;]","og_url":"https:\/\/www.uaga.eus\/bajan-los-precios-del-cereal-segun-un-informe-publicado-por-el-ministerio-de-agricultura\/","og_site_name":"UAGA","article_published_time":"2022-07-08T11:00:10+00:00","article_modified_time":"2022-07-08T11:44:54+00:00","og_image":[{"width":700,"height":399,"url":"https:\/\/www.uaga.eus\/wp-content\/uploads\/2020\/09\/cosecha-cereal-e1599224669389.jpg","type":"image\/jpeg"}],"author":"Blanca S\u00e1nchez","twitter_card":"summary_large_image","twitter_misc":{"Written by":"Blanca S\u00e1nchez","Est. reading time":"1 minutua"},"schema":{"@context":"https:\/\/schema.org","@graph":[{"@type":"WebPage","@id":"https:\/\/www.uaga.eus\/bajan-los-precios-del-cereal-segun-un-informe-publicado-por-el-ministerio-de-agricultura\/","url":"https:\/\/www.uaga.eus\/bajan-los-precios-del-cereal-segun-un-informe-publicado-por-el-ministerio-de-agricultura\/","name":"Bajan los precios del cereal, seg\u00fan un informe publicado por el Ministerio de Agricultura - UAGA","isPartOf":{"@id":"https:\/\/www.uaga.eus\/#website"},"datePublished":"2022-07-08T11:00:10+00:00","dateModified":"2022-07-08T11:44:54+00:00","author":{"@id":"https:\/\/www.uaga.eus\/#\/schema\/person\/48c3cbf0f33d1b788226dbb6518689cf"},"breadcrumb":{"@id":"https:\/\/www.uaga.eus\/bajan-los-precios-del-cereal-segun-un-informe-publicado-por-el-ministerio-de-agricultura\/#breadcrumb"},"inLanguage":"eu","potentialAction":[{"@type":"ReadAction","target":["https:\/\/www.uaga.eus\/bajan-los-precios-del-cereal-segun-un-informe-publicado-por-el-ministerio-de-agricultura\/"]}]},{"@type":"BreadcrumbList","@id":"https:\/\/www.uaga.eus\/bajan-los-precios-del-cereal-segun-un-informe-publicado-por-el-ministerio-de-agricultura\/#breadcrumb","itemListElement":[{"@type":"ListItem","position":1,"name":"Inicio","item":"https:\/\/www.uaga.eus\/"},{"@type":"ListItem","position":2,"name":"Bajan los precios del cereal, seg\u00fan un informe publicado por el Ministerio de Agricultura"}]},{"@type":"WebSite","@id":"https:\/\/www.uaga.eus\/#website","url":"https:\/\/www.uaga.eus\/","name":"UAGA","description":"Uni\u00f3n Agroganadera de \u00c1lava - Araba Nekazarien Elkartea","potentialAction":[{"@type":"SearchAction","target":{"@type":"EntryPoint","urlTemplate":"https:\/\/www.uaga.eus\/?s={search_term_string}"},"query-input":"required name=search_term_string"}],"inLanguage":"eu"},{"@type":"Person","@id":"https:\/\/www.uaga.eus\/#\/schema\/person\/48c3cbf0f33d1b788226dbb6518689cf","name":"Blanca S\u00e1nchez","image":{"@type":"ImageObject","inLanguage":"eu","@id":"https:\/\/www.uaga.eus\/#\/schema\/person\/image\/","url":"https:\/\/secure.gravatar.com\/avatar\/0dc91c20648254b1ce84877283f6751b?s=96&d=mm&r=g","contentUrl":"https:\/\/secure.gravatar.com\/avatar\/0dc91c20648254b1ce84877283f6751b?s=96&d=mm&r=g","caption":"Blanca S\u00e1nchez"},"url":"https:\/\/www.uaga.eus\/eu\/author\/bsanchez\/"}]}},"_links":{"self":[{"href":"https:\/\/www.uaga.eus\/eu\/wp-json\/wp\/v2\/posts\/10350"}],"collection":[{"href":"https:\/\/www.uaga.eus\/eu\/wp-json\/wp\/v2\/posts"}],"about":[{"href":"https:\/\/www.uaga.eus\/eu\/wp-json\/wp\/v2\/types\/post"}],"author":[{"embeddable":true,"href":"https:\/\/www.uaga.eus\/eu\/wp-json\/wp\/v2\/users\/4"}],"replies":[{"embeddable":true,"href":"https:\/\/www.uaga.eus\/eu\/wp-json\/wp\/v2\/comments?post=10350"}],"version-history":[{"count":1,"href":"https:\/\/www.uaga.eus\/eu\/wp-json\/wp\/v2\/posts\/10350\/revisions"}],"predecessor-version":[{"id":10351,"href":"https:\/\/www.uaga.eus\/eu\/wp-json\/wp\/v2\/posts\/10350\/revisions\/10351"}],"wp:featuredmedia":[{"embeddable":true,"href":"https:\/\/www.uaga.eus\/eu\/wp-json\/wp\/v2\/media\/7917"}],"wp:attachment":[{"href":"https:\/\/www.uaga.eus\/eu\/wp-json\/wp\/v2\/media?parent=10350"}],"wp:term":[{"taxonomy":"category","embeddable":true,"href":"https:\/\/www.uaga.eus\/eu\/wp-json\/wp\/v2\/categories?post=10350"},{"taxonomy":"post_tag","embeddable":true,"href":"https:\/\/www.uaga.eus\/eu\/wp-json\/wp\/v2\/tags?post=10350"}],"curies":[{"name":"wp","href":"https:\/\/api.w.org\/{rel}","templated":true}]}}