{"id":10346,"date":"2022-07-08T11:18:27","date_gmt":"2022-07-08T11:18:27","guid":{"rendered":"https:\/\/www.uaga.eus\/?p=10346"},"modified":"2022-07-08T11:43:16","modified_gmt":"2022-07-08T11:43:16","slug":"las-comunidades-de-regantes-de-alava-convocadas-por-uaga-siguen-reclamando-la-exencion-del-canon-del-agua","status":"publish","type":"post","link":"https:\/\/www.uaga.eus\/eu\/las-comunidades-de-regantes-de-alava-convocadas-por-uaga-siguen-reclamando-la-exencion-del-canon-del-agua\/","title":{"rendered":"Las Comunidades de Regantes de \u00c1lava, convocadas por UAGA, siguen reclamando la exenci\u00f3n del canon del agua"},"content":{"rendered":"<p><\/p>\n<p dir=\"ltr\">UAGA ha reunido esta semana a la mayor parte de las Comunidades de Regantes de \u00c1lava para poner en com\u00fan las acciones a realizar en relaci\u00f3n con el canon del agua aprobado por el Gobierno Vasco.<\/p>\n<p>Todas las Comunidades de Regantes apuestan por seguir pidiendo la exenci\u00f3n total del canon del agua. El incremento del precio del gasoil y la electricidad ya van a suponer un incremento desmesurado del precio del agua de regad\u00edo para esta campa\u00f1a. De seguir sumando otros aumentos de costes, como este\u00a0canon, podr\u00edan ponerse en peligro los cultivos de regad\u00edo en \u00c1lava.<\/p>\n<p>Javier Torre ha pedido la participaci\u00f3n activa de todas las Comunidades de Regantes, haciendo llegar los acuerdos a otras que no han podido asistir a la reuni\u00f3n.<\/p>\n<p><strong>Animamos a los representantes de las Comunidades de Regantes ausentes que llamen a UAGA\u00a0para ser informados\u00a0y tener su contacto para pr\u00f3ximas convocatorias.<\/strong><\/p>\n<p dir=\"ltr\">+ INFO\u00a0GUSTAVO:\u00a0635 704 865<\/p>\n<p><\/p>","protected":false},"excerpt":{"rendered":"<p>UAGA ha reunido esta semana a la mayor parte de las Comunidades de Regantes de \u00c1lava para poner en com\u00fan las acciones a realizar en relaci\u00f3n con el canon del agua aprobado por el Gobierno Vasco. Todas las Comunidades de Regantes apuestan por seguir pidiendo la exenci\u00f3n total del canon del agua. El incremento del [&hellip;]<\/p>\n","protected":false},"author":4,"featured_media":10347,"comment_status":"closed","ping_status":"closed","sticky":false,"template":"","format":"standard","meta":{"footnotes":""},"categories":[11,3],"tags":[],"yoast_head":"<!-- This site is optimized with the Yoast SEO plugin v21.5 - https:\/\/yoast.com\/wordpress\/plugins\/seo\/ -->\n<title>Las Comunidades de Regantes de \u00c1lava, convocadas por UAGA, siguen reclamando la exenci\u00f3n del canon del agua - UAGA<\/title>\n<meta name=\"robots\" content=\"index, follow, max-snippet:-1, max-image-preview:large, max-video-preview:-1\" \/>\n<link rel=\"canonical\" href=\"https:\/\/www.uaga.eus\/las-comunidades-de-regantes-de-alava-convocadas-por-uaga-siguen-reclamando-la-exencion-del-canon-del-agua\/\" \/>\n<meta property=\"og:locale\" content=\"en_US\" \/>\n<meta property=\"og:type\" content=\"article\" \/>\n<meta property=\"og:title\" content=\"Las Comunidades de Regantes de \u00c1lava, convocadas por UAGA, siguen reclamando la exenci\u00f3n del canon del agua - UAGA\" \/>\n<meta property=\"og:description\" content=\"UAGA ha reunido esta semana a la mayor parte de las Comunidades de Regantes de \u00c1lava para poner en com\u00fan las acciones a realizar en relaci\u00f3n con el canon del agua aprobado por el Gobierno Vasco. Todas las Comunidades de Regantes apuestan por seguir pidiendo la exenci\u00f3n total del canon del agua. El incremento del [&hellip;]\" \/>\n<meta property=\"og:url\" content=\"https:\/\/www.uaga.eus\/las-comunidades-de-regantes-de-alava-convocadas-por-uaga-siguen-reclamando-la-exencion-del-canon-del-agua\/\" \/>\n<meta property=\"og:site_name\" content=\"UAGA\" \/>\n<meta property=\"article:published_time\" content=\"2022-07-08T11:18:27+00:00\" \/>\n<meta property=\"article:modified_time\" content=\"2022-07-08T11:43:16+00:00\" \/>\n<meta property=\"og:image\" content=\"https:\/\/www.uaga.eus\/wp-content\/uploads\/2022\/07\/220707-reunion-cd-regantes.jpg\" \/>\n\t<meta property=\"og:image:width\" content=\"650\" \/>\n\t<meta property=\"og:image:height\" content=\"309\" \/>\n\t<meta property=\"og:image:type\" content=\"image\/jpeg\" \/>\n<meta name=\"author\" content=\"Blanca S\u00e1nchez\" \/>\n<meta name=\"twitter:card\" content=\"summary_large_image\" \/>\n<meta name=\"twitter:label1\" content=\"Written by\" \/>\n\t<meta name=\"twitter:data1\" content=\"Blanca S\u00e1nchez\" \/>\n\t<meta name=\"twitter:label2\" content=\"Est. reading time\" \/>\n\t<meta name=\"twitter:data2\" content=\"2 minutua\" \/>\n<script type=\"application\/ld+json\" class=\"yoast-schema-graph\">{\"@context\":\"https:\/\/schema.org\",\"@graph\":[{\"@type\":\"WebPage\",\"@id\":\"https:\/\/www.uaga.eus\/las-comunidades-de-regantes-de-alava-convocadas-por-uaga-siguen-reclamando-la-exencion-del-canon-del-agua\/\",\"url\":\"https:\/\/www.uaga.eus\/las-comunidades-de-regantes-de-alava-convocadas-por-uaga-siguen-reclamando-la-exencion-del-canon-del-agua\/\",\"name\":\"Las Comunidades de Regantes de \u00c1lava, convocadas por UAGA, siguen reclamando la exenci\u00f3n del canon del agua - UAGA\",\"isPartOf\":{\"@id\":\"https:\/\/www.uaga.eus\/#website\"},\"datePublished\":\"2022-07-08T11:18:27+00:00\",\"dateModified\":\"2022-07-08T11:43:16+00:00\",\"author\":{\"@id\":\"https:\/\/www.uaga.eus\/#\/schema\/person\/48c3cbf0f33d1b788226dbb6518689cf\"},\"breadcrumb\":{\"@id\":\"https:\/\/www.uaga.eus\/las-comunidades-de-regantes-de-alava-convocadas-por-uaga-siguen-reclamando-la-exencion-del-canon-del-agua\/#breadcrumb\"},\"inLanguage\":\"eu\",\"potentialAction\":[{\"@type\":\"ReadAction\",\"target\":[\"https:\/\/www.uaga.eus\/las-comunidades-de-regantes-de-alava-convocadas-por-uaga-siguen-reclamando-la-exencion-del-canon-del-agua\/\"]}]},{\"@type\":\"BreadcrumbList\",\"@id\":\"https:\/\/www.uaga.eus\/las-comunidades-de-regantes-de-alava-convocadas-por-uaga-siguen-reclamando-la-exencion-del-canon-del-agua\/#breadcrumb\",\"itemListElement\":[{\"@type\":\"ListItem\",\"position\":1,\"name\":\"Inicio\",\"item\":\"https:\/\/www.uaga.eus\/\"},{\"@type\":\"ListItem\",\"position\":2,\"name\":\"Las Comunidades de Regantes de \u00c1lava, convocadas por UAGA, siguen reclamando la exenci\u00f3n del canon del agua\"}]},{\"@type\":\"WebSite\",\"@id\":\"https:\/\/www.uaga.eus\/#website\",\"url\":\"https:\/\/www.uaga.eus\/\",\"name\":\"UAGA\",\"description\":\"Uni\u00f3n Agroganadera de \u00c1lava - Araba Nekazarien Elkartea\",\"potentialAction\":[{\"@type\":\"SearchAction\",\"target\":{\"@type\":\"EntryPoint\",\"urlTemplate\":\"https:\/\/www.uaga.eus\/?s={search_term_string}\"},\"query-input\":\"required name=search_term_string\"}],\"inLanguage\":\"eu\"},{\"@type\":\"Person\",\"@id\":\"https:\/\/www.uaga.eus\/#\/schema\/person\/48c3cbf0f33d1b788226dbb6518689cf\",\"name\":\"Blanca S\u00e1nchez\",\"image\":{\"@type\":\"ImageObject\",\"inLanguage\":\"eu\",\"@id\":\"https:\/\/www.uaga.eus\/#\/schema\/person\/image\/\",\"url\":\"https:\/\/secure.gravatar.com\/avatar\/0dc91c20648254b1ce84877283f6751b?s=96&d=mm&r=g\",\"contentUrl\":\"https:\/\/secure.gravatar.com\/avatar\/0dc91c20648254b1ce84877283f6751b?s=96&d=mm&r=g\",\"caption\":\"Blanca S\u00e1nchez\"},\"url\":\"https:\/\/www.uaga.eus\/eu\/author\/bsanchez\/\"}]}<\/script>\n<!-- \/ Yoast SEO plugin. -->","yoast_head_json":{"title":"Las Comunidades de Regantes de \u00c1lava, convocadas por UAGA, siguen reclamando la exenci\u00f3n del canon del agua - UAGA","robots":{"index":"index","follow":"follow","max-snippet":"max-snippet:-1","max-image-preview":"max-image-preview:large","max-video-preview":"max-video-preview:-1"},"canonical":"https:\/\/www.uaga.eus\/las-comunidades-de-regantes-de-alava-convocadas-por-uaga-siguen-reclamando-la-exencion-del-canon-del-agua\/","og_locale":"en_US","og_type":"article","og_title":"Las Comunidades de Regantes de \u00c1lava, convocadas por UAGA, siguen reclamando la exenci\u00f3n del canon del agua - UAGA","og_description":"UAGA ha reunido esta semana a la mayor parte de las Comunidades de Regantes de \u00c1lava para poner en com\u00fan las acciones a realizar en relaci\u00f3n con el canon del agua aprobado por el Gobierno Vasco. Todas las Comunidades de Regantes apuestan por seguir pidiendo la exenci\u00f3n total del canon del agua. El incremento del [&hellip;]","og_url":"https:\/\/www.uaga.eus\/las-comunidades-de-regantes-de-alava-convocadas-por-uaga-siguen-reclamando-la-exencion-del-canon-del-agua\/","og_site_name":"UAGA","article_published_time":"2022-07-08T11:18:27+00:00","article_modified_time":"2022-07-08T11:43:16+00:00","og_image":[{"width":650,"height":309,"url":"https:\/\/www.uaga.eus\/wp-content\/uploads\/2022\/07\/220707-reunion-cd-regantes.jpg","type":"image\/jpeg"}],"author":"Blanca S\u00e1nchez","twitter_card":"summary_large_image","twitter_misc":{"Written by":"Blanca S\u00e1nchez","Est. reading time":"2 minutua"},"schema":{"@context":"https:\/\/schema.org","@graph":[{"@type":"WebPage","@id":"https:\/\/www.uaga.eus\/las-comunidades-de-regantes-de-alava-convocadas-por-uaga-siguen-reclamando-la-exencion-del-canon-del-agua\/","url":"https:\/\/www.uaga.eus\/las-comunidades-de-regantes-de-alava-convocadas-por-uaga-siguen-reclamando-la-exencion-del-canon-del-agua\/","name":"Las Comunidades de Regantes de \u00c1lava, convocadas por UAGA, siguen reclamando la exenci\u00f3n del canon del agua - UAGA","isPartOf":{"@id":"https:\/\/www.uaga.eus\/#website"},"datePublished":"2022-07-08T11:18:27+00:00","dateModified":"2022-07-08T11:43:16+00:00","author":{"@id":"https:\/\/www.uaga.eus\/#\/schema\/person\/48c3cbf0f33d1b788226dbb6518689cf"},"breadcrumb":{"@id":"https:\/\/www.uaga.eus\/las-comunidades-de-regantes-de-alava-convocadas-por-uaga-siguen-reclamando-la-exencion-del-canon-del-agua\/#breadcrumb"},"inLanguage":"eu","potentialAction":[{"@type":"ReadAction","target":["https:\/\/www.uaga.eus\/las-comunidades-de-regantes-de-alava-convocadas-por-uaga-siguen-reclamando-la-exencion-del-canon-del-agua\/"]}]},{"@type":"BreadcrumbList","@id":"https:\/\/www.uaga.eus\/las-comunidades-de-regantes-de-alava-convocadas-por-uaga-siguen-reclamando-la-exencion-del-canon-del-agua\/#breadcrumb","itemListElement":[{"@type":"ListItem","position":1,"name":"Inicio","item":"https:\/\/www.uaga.eus\/"},{"@type":"ListItem","position":2,"name":"Las Comunidades de Regantes de \u00c1lava, convocadas por UAGA, siguen reclamando la exenci\u00f3n del canon del agua"}]},{"@type":"WebSite","@id":"https:\/\/www.uaga.eus\/#website","url":"https:\/\/www.uaga.eus\/","name":"UAGA","description":"Uni\u00f3n Agroganadera de \u00c1lava - Araba Nekazarien Elkartea","potentialAction":[{"@type":"SearchAction","target":{"@type":"EntryPoint","urlTemplate":"https:\/\/www.uaga.eus\/?s={search_term_string}"},"query-input":"required name=search_term_string"}],"inLanguage":"eu"},{"@type":"Person","@id":"https:\/\/www.uaga.eus\/#\/schema\/person\/48c3cbf0f33d1b788226dbb6518689cf","name":"Blanca S\u00e1nchez","image":{"@type":"ImageObject","inLanguage":"eu","@id":"https:\/\/www.uaga.eus\/#\/schema\/person\/image\/","url":"https:\/\/secure.gravatar.com\/avatar\/0dc91c20648254b1ce84877283f6751b?s=96&d=mm&r=g","contentUrl":"https:\/\/secure.gravatar.com\/avatar\/0dc91c20648254b1ce84877283f6751b?s=96&d=mm&r=g","caption":"Blanca S\u00e1nchez"},"url":"https:\/\/www.uaga.eus\/eu\/author\/bsanchez\/"}]}},"_links":{"self":[{"href":"https:\/\/www.uaga.eus\/eu\/wp-json\/wp\/v2\/posts\/10346"}],"collection":[{"href":"https:\/\/www.uaga.eus\/eu\/wp-json\/wp\/v2\/posts"}],"about":[{"href":"https:\/\/www.uaga.eus\/eu\/wp-json\/wp\/v2\/types\/post"}],"author":[{"embeddable":true,"href":"https:\/\/www.uaga.eus\/eu\/wp-json\/wp\/v2\/users\/4"}],"replies":[{"embeddable":true,"href":"https:\/\/www.uaga.eus\/eu\/wp-json\/wp\/v2\/comments?post=10346"}],"version-history":[{"count":2,"href":"https:\/\/www.uaga.eus\/eu\/wp-json\/wp\/v2\/posts\/10346\/revisions"}],"predecessor-version":[{"id":10349,"href":"https:\/\/www.uaga.eus\/eu\/wp-json\/wp\/v2\/posts\/10346\/revisions\/10349"}],"wp:featuredmedia":[{"embeddable":true,"href":"https:\/\/www.uaga.eus\/eu\/wp-json\/wp\/v2\/media\/10347"}],"wp:attachment":[{"href":"https:\/\/www.uaga.eus\/eu\/wp-json\/wp\/v2\/media?parent=10346"}],"wp:term":[{"taxonomy":"category","embeddable":true,"href":"https:\/\/www.uaga.eus\/eu\/wp-json\/wp\/v2\/categories?post=10346"},{"taxonomy":"post_tag","embeddable":true,"href":"https:\/\/www.uaga.eus\/eu\/wp-json\/wp\/v2\/tags?post=10346"}],"curies":[{"name":"wp","href":"https:\/\/api.w.org\/{rel}","templated":true}]}}